{"id":21052,"date":"2022-09-18T11:32:33","date_gmt":"2022-09-18T08:32:33","guid":{"rendered":"http:\/\/akdenizolaygazetesi.com\/?p=21052"},"modified":"2022-09-18T11:32:33","modified_gmt":"2022-09-18T08:32:33","slug":"bisikletciler-tarihi-kleopatra-kapisi-onunden-pedal-basti","status":"publish","type":"post","link":"https:\/\/akdenizolaygazetesi.com\/?p=21052","title":{"rendered":"B\u0130S\u0130KLET\u00c7\u0130LER, TAR\u0130H\u0130 KLEOPATRA KAPISI \u00d6N\u00dcNDEN PEDAL BASTI"},"content":{"rendered":"<p>Mersin B\u00fcy\u00fck\u015fehir Belediyesi Gen\u00e7lik ve Spor Hizmetleri Dairesi ile Ula\u015f\u0131m Dairesi Ba\u015fkanl\u0131\u011f\u0131 taraf\u0131ndan y\u00fcr\u00fct\u00fclen program kapsam\u0131nda, kent genelinde &#8220;Avrupa Hareketlilik Haftas\u0131&#8221; etkinlikleri ba\u015flad\u0131. Etkinlikler, Tarsus&#8217;ta tarihi mekan olan Kleopatra Kap\u0131s\u0131 \u00f6n\u00fcnden ba\u015flayan ve yine ayn\u0131 noktada biten bisiklet turu ile start ald\u0131.<\/p>\n<p>Kent genelinden bisiklet topluluklar\u0131n\u0131n kat\u0131l\u0131m\u0131 ile ger\u00e7ekle\u015fen tur, renkli g\u00f6r\u00fcnt\u00fclere sahne oldu. Tura kat\u0131lan her ya\u015f grubundan bisikletsever; Makam Meydan\u0131, Cumhuriyet Meydan\u0131, Muvaffak Uygur Caddesi&#8217;nden Kleopatra Kap\u0131s\u0131&#8217;na ula\u015farak, \u00e7evre bilincinin ve bisiklet kullan\u0131m\u0131n\u0131n artmas\u0131 konusunda fark\u0131ndal\u0131k yaratt\u0131lar.<\/p>\n<p>B\u00fcy\u00fck\u015fehir Belediyesi Tarsus-\u00c7aml\u0131yayla Koordinasyon \u015eube M\u00fcd\u00fcr\u00fc Soner Yetgin ile Gen\u00e7lik ve Spor Hizmetleri Dairesi \u015eube M\u00fcd\u00fcr\u00fc B\u00fcnyamin G\u00f6kayaz&#8217;\u0131n da kat\u0131ld\u0131\u011f\u0131 tur sonunda, t\u00fcm kat\u0131l\u0131mc\u0131lara ikramda bulunuldu.<\/p>\n<p>Tura \u00e7ocuklar\u0131yla birlikte kat\u0131ld\u0131lar<\/p>\n<p>Mersin Bisikletli Gezginler grubu \u00fcyesi olan ve ailesiyle birlikte Avrupa Hareketlilik Haftas\u0131 etkinli\u011fine kat\u0131lan Tuba Do\u011fan, &#8220;\u00c7ok mutluyum. G\u00fczel bir duygu, ailecek \u00e7ocuklar\u0131mla birlikte geldik. Onlar\u0131n da bu olaya fark\u0131ndal\u0131k olu\u015fturmas\u0131 i\u00e7in, Mersin&#8217;den buraya kadar geldik&#8221; dedi.<\/p>\n<p>Bir ba\u015fka bisikletsever Leyla \u00c7at Umur da, &#8220;Avrupa Hareketlilik Haftas\u0131&#8217;nda yapm\u0131\u015f oldu\u011fumuz bu etkinli\u011fin, insanlara \u00f6rnek olmas\u0131n\u0131 diliyoruz. Y\u00fcr\u00fcy\u00fc\u015f olur, bisiklet olur, di\u011fer spor dallar\u0131 olur. Oturma hareket et, diyoruz&#8221; \u015feklinde konu\u015ftu.<\/p>\n<p>20 ki\u015filik arkada\u015f grubuyla Mersin&#8217;den tura kat\u0131lan Cem Taftaf, &#8220;20 ki\u015filik bisiklet\u00e7i arkada\u015flar\u0131m\u0131zla geldik. Hep beraber olmak \u00e7ok g\u00fczel bir \u015fey. Bisiklet s\u00fcrmek \u00e7ok g\u00fczel bir \u015fey. Tarsus bir defa \u00e7ok g\u00fczel bir yer. Mersin&#8217;e g\u00f6re tarihi y\u00f6nden biraz daha eski bir \u015fehir. Buralar\u0131 tan\u0131mak, gezmek \u00e7ok g\u00fczel bir \u015fey&#8221; ifadelerini kulland\u0131.<\/p>\n<p>Tarsus Kent Konseyi Bisiklet Toplulu\u011fu  Ba\u015fkan\u0131 G\u00f6khan \u00d6zberk ise &#8220;Buradaki ama\u00e7, insanlar\u0131 bisiklete sevk etmek. Onlara bir al\u0131\u015fkanl\u0131k kazand\u0131rmak. G\u00f6rsel olarak da bir \u00e7a\u011fr\u0131 asl\u0131nda. Bisiklet yollar\u0131m\u0131z yak\u0131n bir zamanda yap\u0131lacak diye biliyoruz, az kald\u0131. Tarsus&#8217;ta bisiklet yollar\u0131 yap\u0131ld\u0131ktan sonra, bu i\u015f daha da g\u00fczel hale gelecek. Biz buna inan\u0131yoruz&#8221; diye konu\u015ftu.<\/p>\n<p>Ge\u00e7mi\u015f d\u00f6nem Tarsus Kent Konseyi Ba\u015fkanl\u0131\u011f\u0131 yapan Dr. Ali Cerraho\u011flu ise &#8220;\u00c7ok \u00f6nemli bir hafta. B\u00fct\u00fcn Avrupa&#8217;da b\u00fct\u00fcn kentlerde hareketli ya\u015fam\u0131n, sa\u011fl\u0131kl\u0131 ula\u015f\u0131m\u0131n yayg\u0131nla\u015ft\u0131r\u0131lmas\u0131 i\u00e7in yap\u0131lan etkinliklerle dolu. Biz de Tarsus&#8217;ta, Mersin&#8217;de etkinlikler yap\u0131yoruz. Bug\u00fcn de B\u00fcy\u00fck\u015fehir Belediyemizin d\u00fczenledi\u011fi, bizim de katk\u0131 verdi\u011fimiz bir bisiklet turu i\u00e7in buraday\u0131z&#8221; dedi. <\/p>\n","protected":false},"excerpt":{"rendered":"<p>Mersin B\u00fcy\u00fck\u015fehir Belediyesi Gen\u00e7lik ve Spor Hizmetleri Dairesi ile Ula\u015f\u0131m Dairesi Ba\u015fkanl\u0131\u011f\u0131 taraf\u0131ndan y\u00fcr\u00fct\u00fclen program kapsam\u0131nda, kent genelinde &#8220;Avrupa Hareketlilik Haftas\u0131&#8221; etkinlikleri ba\u015flad\u0131. Etkinlikler, Tarsus&#8217;ta tarihi mekan olan Kleopatra Kap\u0131s\u0131 &hellip; <a href=\"https:\/\/akdenizolaygazetesi.com\/?p=21052\" class=\"more-link\">Devam\u0131n\u0131 Oku&#8230;<\/a><\/p>\n","protected":false},"author":2,"featured_media":21053,"comment_status":"open","ping_status":"open","sticky":false,"template":"","format":"standard","meta":[],"categories":[2,3,5,10],"tags":[],"_links":{"self":[{"href":"https:\/\/akdenizolaygazetesi.com\/index.php?rest_route=\/wp\/v2\/posts\/21052"}],"collection":[{"href":"https:\/\/akdenizolaygazetesi.com\/index.php?rest_route=\/wp\/v2\/posts"}],"about":[{"href":"https:\/\/akdenizolaygazetesi.com\/index.php?rest_route=\/wp\/v2\/types\/post"}],"author":[{"embeddable":true,"href":"https:\/\/akdenizolaygazetesi.com\/index.php?rest_route=\/wp\/v2\/users\/2"}],"replies":[{"embeddable":true,"href":"https:\/\/akdenizolaygazetesi.com\/index.php?rest_route=%2Fwp%2Fv2%2Fcomments&post=21052"}],"version-history":[{"count":1,"href":"https:\/\/akdenizolaygazetesi.com\/index.php?rest_route=\/wp\/v2\/posts\/21052\/revisions"}],"predecessor-version":[{"id":21054,"href":"https:\/\/akdenizolaygazetesi.com\/index.php?rest_route=\/wp\/v2\/posts\/21052\/revisions\/21054"}],"wp:featuredmedia":[{"embeddable":true,"href":"https:\/\/akdenizolaygazetesi.com\/index.php?rest_route=\/wp\/v2\/media\/21053"}],"wp:attachment":[{"href":"https:\/\/akdenizolaygazetesi.com\/index.php?rest_route=%2Fwp%2Fv2%2Fmedia&parent=21052"}],"wp:term":[{"taxonomy":"category","embeddable":true,"href":"https:\/\/akdenizolaygazetesi.com\/index.php?rest_route=%2Fwp%2Fv2%2Fcategories&post=21052"},{"taxonomy":"post_tag","embeddable":true,"href":"https:\/\/akdenizolaygazetesi.com\/index.php?rest_route=%2Fwp%2Fv2%2Ftags&post=21052"}],"curies":[{"name":"wp","href":"https:\/\/api.w.org\/{rel}","templated":true}]}}