{"id":21058,"date":"2022-09-19T14:36:23","date_gmt":"2022-09-19T11:36:23","guid":{"rendered":"http:\/\/akdenizolaygazetesi.com\/?p=21058"},"modified":"2022-09-19T14:36:23","modified_gmt":"2022-09-19T11:36:23","slug":"saldirgan-yolcu-otobusun-camini-kirdi","status":"publish","type":"post","link":"https:\/\/akdenizolaygazetesi.com\/?p=21058","title":{"rendered":"SALDIRGAN YOLCU OTOB\u00dcS\u00dcN CAMINI KIRDI"},"content":{"rendered":"<p>Mersin B\u00fcy\u00fck\u015fehir Belediyesi toplu ta\u015f\u0131ma hatt\u0131na ait otob\u00fcste, kendini bilmez bir vatanda\u015f taraf\u0131ndan sald\u0131r\u0131 olay\u0131 ya\u015fand\u0131.<br \/>\nMezitli il\u00e7esinde 25 numaral\u0131 belediye otob\u00fcs\u00fcnde ya\u015fanan olayda, daha sonra isminin H.Y. oldu\u011fu \u00f6\u011frenilen sald\u0131rgan yolcu, ba\u015fka bir yolcunun binmesi s\u0131ras\u0131nda otob\u00fcs \u015fof\u00f6r\u00fcne ba\u011f\u0131rd\u0131. \u015eof\u00f6re ba\u011f\u0131rmaya ve tehditler savurmaya devam eden yolcu, bir s\u00fcre sonra otob\u00fcsten indi. K\u0131rm\u0131z\u0131 \u0131\u015f\u0131kta bekleyen araban\u0131n camlar\u0131na vuran ve sileceklerini kald\u0131ran sald\u0131rgan yolcu, \u015fof\u00f6re a\u015fa\u011f\u0131ya inmesi i\u00e7in ba\u011f\u0131rmaya devam etti. Otob\u00fcs\u00fcn \u00f6n\u00fcnde birka\u00e7 dakika duran sald\u0131rgan vatanda\u015f, bu kez \u015fof\u00f6r taraf\u0131ndaki cam\u0131 k\u0131rd\u0131. Olay an\u0131 otob\u00fcs\u00fcn i\u00e7inde ve d\u0131\u015f\u0131nda bulunan g\u00fcvenlik kameralar\u0131na an be an yans\u0131d\u0131.<br \/>\nDi\u011fer yolcular\u0131n da, sald\u0131rgan yolcuya tepki g\u00f6sterdi\u011fi olayla ilgili ya\u015fad\u0131klar\u0131n\u0131 anlatan B\u00fcy\u00fck\u015fehir Belediyesi otob\u00fcs \u015fof\u00f6r\u00fc Kamil Akkaya, &#8220;Duraktan yolcumu indirdim ve bindirdim. Duraktan \u00e7\u0131kmak \u00fczereyken, i\u00e7eriden yolcunun biri &#8216;yolcu var&#8217; dedi. Ben de tam \u00e7\u0131k\u0131\u015f yapt\u0131\u011f\u0131m i\u00e7in &#8216;\u015fu an yolcu alamam, trafi\u011fe \u00e7\u0131k\u0131yorum&#8217; dedim. Bu sefer i\u00e7erideki vatanda\u015f, &#8216;sa\u011f\u0131na baksana&#8217; diye ba\u011f\u0131rd\u0131. Ben de tam \u00e7\u0131k\u0131\u015f yap\u0131yordum, can g\u00fcvenli\u011fi sebebiyle trafikte duramayaca\u011f\u0131m\u0131 s\u00f6yledim, seyir halinde devam ettim. Devam ederken bana &#8216;Sa\u011fa \u00e7ek dur&#8217; diye ba\u011f\u0131rd\u0131. \u0130kinci kez tekrar yine ba\u011f\u0131rd\u0131 ayn\u0131 \u015fekilde. Ben bu sefer \u0131\u015f\u0131klara gelince k\u0131rm\u0131z\u0131 yand\u0131 ve mecburen durduk. \u00dcst\u00fcme do\u011fru geldi. Yolcular &#8216;ay\u0131p, ne yap\u0131yorsun sen&#8217; dediler. O tepkiyi g\u00f6r\u00fcnce geri oturdu. Hareket ettim, bu sefer yine ba\u011f\u0131rd\u0131 sa\u011fa \u00e7ek diye. Hastane dura\u011f\u0131nda yolcu indirdim, bindirdim. Orada inmedi. \u0130nmedi\u011fi i\u00e7in devam ettim. Muhtar dura\u011f\u0131nda yine yolcu indirdim, bindirdim. Muhtar dura\u011f\u0131nda indi. Ben de sa\u011f\u0131ma bakt\u0131m aynaya, yolcu olmad\u0131\u011f\u0131ndan dolay\u0131 kap\u0131lar\u0131m\u0131 kapatt\u0131m. Tam hareket edecektim, \u00f6n kap\u0131ya 3 sefer vurdu ve &#8216;kap\u0131y\u0131 a\u00e7&#8217; dedi. Ben de &#8216;a\u00e7amam&#8217; dedim. Yine kap\u0131ya vurdu. Can g\u00fcvenli\u011fimden korktu\u011fum i\u00e7in, kap\u0131lar\u0131 a\u00e7mad\u0131m. Bu sefer araban\u0131n \u00f6n\u00fcne ge\u00e7ti. Araban\u0131n \u00f6n cam\u0131na vurdu. Silecekleri kald\u0131rd\u0131. Beni 2, 3 dakika orada tuttu. Araban\u0131n soluna do\u011fru doland\u0131. Cama vurdu ve &#8216;a\u00e7 cam\u0131&#8217; dedi. Ben &#8216;a\u00e7amam&#8217; dedi. 2, 3 sefer tekrarlad\u0131m. En sonunda cama var g\u00fcc\u00fcyle vurdu ve cam k\u0131r\u0131ld\u0131. Sonras\u0131nda kar\u015f\u0131ya ge\u00e7ti. Oradan beni tehdit etti ve &#8216;seninle g\u00f6r\u00fc\u015fece\u011fiz&#8217; dedi. Olay bu \u015fekilde oldu&#8221; dedi.<br \/>\nOlayla ilgili olarak \u015fikayette bulunduklar\u0131n\u0131 ifade eden Kamil Akkaya Mezitli Karakolu&#8217;nda verdi\u011fi ifadenin ard\u0131ndan, sald\u0131rgan yolcu H.Y&#8217;nin de ifade vermek i\u00e7in karakola getirildi\u011fini belirtti.<\/p>\n","protected":false},"excerpt":{"rendered":"<p>Mersin B\u00fcy\u00fck\u015fehir Belediyesi toplu ta\u015f\u0131ma hatt\u0131na ait otob\u00fcste, kendini bilmez bir vatanda\u015f taraf\u0131ndan sald\u0131r\u0131 olay\u0131 ya\u015fand\u0131. Mezitli il\u00e7esinde 25 numaral\u0131 belediye otob\u00fcs\u00fcnde ya\u015fanan olayda, daha sonra isminin H.Y. oldu\u011fu \u00f6\u011frenilen &hellip; <a href=\"https:\/\/akdenizolaygazetesi.com\/?p=21058\" class=\"more-link\">Devam\u0131n\u0131 Oku&#8230;<\/a><\/p>\n","protected":false},"author":2,"featured_media":21059,"comment_status":"open","ping_status":"open","sticky":false,"template":"","format":"standard","meta":[],"categories":[34,2,3,5],"tags":[],"_links":{"self":[{"href":"https:\/\/akdenizolaygazetesi.com\/index.php?rest_route=\/wp\/v2\/posts\/21058"}],"collection":[{"href":"https:\/\/akdenizolaygazetesi.com\/index.php?rest_route=\/wp\/v2\/posts"}],"about":[{"href":"https:\/\/akdenizolaygazetesi.com\/index.php?rest_route=\/wp\/v2\/types\/post"}],"author":[{"embeddable":true,"href":"https:\/\/akdenizolaygazetesi.com\/index.php?rest_route=\/wp\/v2\/users\/2"}],"replies":[{"embeddable":true,"href":"https:\/\/akdenizolaygazetesi.com\/index.php?rest_route=%2Fwp%2Fv2%2Fcomments&post=21058"}],"version-history":[{"count":1,"href":"https:\/\/akdenizolaygazetesi.com\/index.php?rest_route=\/wp\/v2\/posts\/21058\/revisions"}],"predecessor-version":[{"id":21060,"href":"https:\/\/akdenizolaygazetesi.com\/index.php?rest_route=\/wp\/v2\/posts\/21058\/revisions\/21060"}],"wp:featuredmedia":[{"embeddable":true,"href":"https:\/\/akdenizolaygazetesi.com\/index.php?rest_route=\/wp\/v2\/media\/21059"}],"wp:attachment":[{"href":"https:\/\/akdenizolaygazetesi.com\/index.php?rest_route=%2Fwp%2Fv2%2Fmedia&parent=21058"}],"wp:term":[{"taxonomy":"category","embeddable":true,"href":"https:\/\/akdenizolaygazetesi.com\/index.php?rest_route=%2Fwp%2Fv2%2Fcategories&post=21058"},{"taxonomy":"post_tag","embeddable":true,"href":"https:\/\/akdenizolaygazetesi.com\/index.php?rest_route=%2Fwp%2Fv2%2Ftags&post=21058"}],"curies":[{"name":"wp","href":"https:\/\/api.w.org\/{rel}","templated":true}]}}