{"id":21064,"date":"2022-09-19T14:39:13","date_gmt":"2022-09-19T11:39:13","guid":{"rendered":"http:\/\/akdenizolaygazetesi.com\/?p=21064"},"modified":"2022-09-19T14:39:13","modified_gmt":"2022-09-19T11:39:13","slug":"aday-muhendislerin-hizmet-ici-egitimleri-basladi","status":"publish","type":"post","link":"https:\/\/akdenizolaygazetesi.com\/?p=21064","title":{"rendered":"Aday m\u00fchendislerin hizmet i\u00e7i e\u011fitimleri ba\u015flad\u0131"},"content":{"rendered":"<p>B\u00f6lge M\u00fcd\u00fcrl\u00fc\u011f\u00fcm\u00fcz 2022 Y\u0131l\u0131 Hizmet \u0130\u00e7i E\u011fitim Program\u0131 kapsam\u0131nda Aday M\u00fchendis hizmet i\u00e7i e\u011fitimleri ba\u015flad\u0131.<\/p>\n<p>E\u011fitime, Mersin Orman B\u00f6lge M\u00fcd\u00fcr\u00fc Mustafa Yal\u00e7\u0131n, B\u00f6lge M\u00fcd\u00fcr Yard\u0131mc\u0131lar\u0131 Mehmet Fulin, Beyhan Alt\u0131nta\u015f, Personel \u015eube M\u00fcd\u00fcr\u00fc Mustafa \u00d6cal ve aday orman m\u00fchendisleri e\u011fitiminin a\u00e7\u0131l\u0131\u015f\u0131na kat\u0131ld\u0131.<\/p>\n<p>B\u00f6lge M\u00fcd\u00fcr\u00fc Yal\u00e7\u0131n, Hizmet i\u00e7i e\u011fitimde aday m\u00fchendislere \u201cBir\u00e7ok s\u0131navdan ge\u00e7erek Orman Genel M\u00fcd\u00fcrl\u00fc\u011f\u00fc te\u015fkilat b\u00fcnyesi ekibi i\u00e7inde yer ald\u0131n\u0131z. Orman Genel M\u00fcd\u00fcrl\u00fc\u011f\u00fc M\u00fchendisleri olman\u0131zdan dolay\u0131 da hepinize tekrar hay\u0131rl\u0131 olsun dileklerimi iletiyor, bu hizmet i\u00e7i e\u011fitiminde ayr\u0131ca faydal\u0131 olmas\u0131n\u0131 can\u0131 g\u00f6n\u00fclden diliyorum. Bu e\u011fitimler alm\u0131\u015f oldu\u011funuz temel bilgilerle uygulaman\u0131n \u00f6rt\u00fc\u015fmesini sa\u011flamak i\u00e7in yap\u0131lan e\u011fitimlerdir. Orman Genel M\u00fcd\u00fcrl\u00fc\u011f\u00fcm\u00fcz\u00fcn g\u00f6revleri, ormanlar\u0131m\u0131z\u0131n \u00f6ncelikli olarak korunmas\u0131, ormanlar\u0131n geli\u015ftirilmesi ve orman alanlar\u0131n\u0131n geni\u015fletilmesi \u015feklinde ifade edilir. Bizler de Orman Genel M\u00fcd\u00fcrl\u00fc\u011f\u00fcm\u00fcz\u00fcn g\u00f6revleri do\u011frultusunda \u00fczerimize d\u00fc\u015feni her birimiz ayr\u0131 ayr\u0131 yaparak, bu te\u015fkilatta bulunmam\u0131z\u0131n gere\u011fini yerine getirme gayreti i\u00e7erisinde olmal\u0131y\u0131z.\u201d dedi.<\/p>\n<p>Mersin Orman B\u00f6lge M\u00fcd\u00fcrl\u00fc\u011f\u00fc olarak yeni ekip arkada\u015flar\u0131m\u0131za yeni g\u00f6revlerinin hay\u0131rl\u0131 olmas\u0131n\u0131 temenni eder, t\u00fcm meslek hayat\u0131 boyunca g\u00f6revlerinde ba\u015far\u0131lar dileriz.<\/p>\n","protected":false},"excerpt":{"rendered":"<p>B\u00f6lge M\u00fcd\u00fcrl\u00fc\u011f\u00fcm\u00fcz 2022 Y\u0131l\u0131 Hizmet \u0130\u00e7i E\u011fitim Program\u0131 kapsam\u0131nda Aday M\u00fchendis hizmet i\u00e7i e\u011fitimleri ba\u015flad\u0131. E\u011fitime, Mersin Orman B\u00f6lge M\u00fcd\u00fcr\u00fc Mustafa Yal\u00e7\u0131n, B\u00f6lge M\u00fcd\u00fcr Yard\u0131mc\u0131lar\u0131 Mehmet Fulin, Beyhan Alt\u0131nta\u015f, Personel &hellip; <a href=\"https:\/\/akdenizolaygazetesi.com\/?p=21064\" class=\"more-link\">Devam\u0131n\u0131 Oku&#8230;<\/a><\/p>\n","protected":false},"author":2,"featured_media":21065,"comment_status":"open","ping_status":"open","sticky":false,"template":"","format":"standard","meta":[],"categories":[1,2,3],"tags":[],"_links":{"self":[{"href":"https:\/\/akdenizolaygazetesi.com\/index.php?rest_route=\/wp\/v2\/posts\/21064"}],"collection":[{"href":"https:\/\/akdenizolaygazetesi.com\/index.php?rest_route=\/wp\/v2\/posts"}],"about":[{"href":"https:\/\/akdenizolaygazetesi.com\/index.php?rest_route=\/wp\/v2\/types\/post"}],"author":[{"embeddable":true,"href":"https:\/\/akdenizolaygazetesi.com\/index.php?rest_route=\/wp\/v2\/users\/2"}],"replies":[{"embeddable":true,"href":"https:\/\/akdenizolaygazetesi.com\/index.php?rest_route=%2Fwp%2Fv2%2Fcomments&post=21064"}],"version-history":[{"count":1,"href":"https:\/\/akdenizolaygazetesi.com\/index.php?rest_route=\/wp\/v2\/posts\/21064\/revisions"}],"predecessor-version":[{"id":21066,"href":"https:\/\/akdenizolaygazetesi.com\/index.php?rest_route=\/wp\/v2\/posts\/21064\/revisions\/21066"}],"wp:featuredmedia":[{"embeddable":true,"href":"https:\/\/akdenizolaygazetesi.com\/index.php?rest_route=\/wp\/v2\/media\/21065"}],"wp:attachment":[{"href":"https:\/\/akdenizolaygazetesi.com\/index.php?rest_route=%2Fwp%2Fv2%2Fmedia&parent=21064"}],"wp:term":[{"taxonomy":"category","embeddable":true,"href":"https:\/\/akdenizolaygazetesi.com\/index.php?rest_route=%2Fwp%2Fv2%2Fcategories&post=21064"},{"taxonomy":"post_tag","embeddable":true,"href":"https:\/\/akdenizolaygazetesi.com\/index.php?rest_route=%2Fwp%2Fv2%2Ftags&post=21064"}],"curies":[{"name":"wp","href":"https:\/\/api.w.org\/{rel}","templated":true}]}}