{"id":21067,"date":"2022-09-19T14:40:55","date_gmt":"2022-09-19T11:40:55","guid":{"rendered":"http:\/\/akdenizolaygazetesi.com\/?p=21067"},"modified":"2022-09-19T14:40:55","modified_gmt":"2022-09-19T11:40:55","slug":"karaduvar-balik-festivaline-davetlisiniz","status":"publish","type":"post","link":"https:\/\/akdenizolaygazetesi.com\/?p=21067","title":{"rendered":"\u201cKARADUVAR BALIK FEST\u0130VAL\u0130\u2019NE DAVETL\u0130S\u0130N\u0130Z\u201d"},"content":{"rendered":"<p>Akdeniz Belediye Ba\u015fkan\u0131 M. Mustafa G\u00fcltak, lezzet ve e\u011flencenin bir araya gelece\u011fi, 24-25 Eyl\u00fcl 2022 tarihleri aras\u0131nda d\u00fczenlenecek olan \u201c3\u2019\u00fcnc\u00fc Karaduvar Bal\u0131k Festivaline\u201d t\u00fcm vatanda\u015flar\u0131 davet etti. Ba\u015fkan G\u00fcltak, \u201cSardalyenin ba\u015fkenti Karaduvar Mahallemize t\u00fcm halk\u0131m\u0131z\u0131 bekliyoruz\u201d dedi.<br \/>\nAkdeniz Belediyesi\u2019nin, bu y\u0131l \u00fc\u00e7\u00fcnc\u00fcs\u00fcn\u00fc ger\u00e7ekle\u015ftirece\u011fi Karaduvar Bal\u0131k Festivali\u2019ne art\u0131k say\u0131l\u0131 g\u00fcnler kald\u0131. Bu hafta sonu (Cumartesi-Pazar) d\u00fczenlenecek olan ve iki g\u00fcn s\u00fcrecek etkinli\u011fin haz\u0131rl\u0131klar\u0131 tamamlan\u0131rken; konserler, \u00e7ocuk aktivite alanlar\u0131, \u00f6d\u00fcll\u00fc yar\u0131\u015fmalar ve renkli g\u00f6sterilerle \u00f6ne \u00e7\u0131kan bu y\u0131lki bulu\u015fmaya da yine on binlerce insan\u0131n kat\u0131l\u0131m\u0131 bekleniyor.<br \/>\nBa\u015fkan G\u00fcltak; \u201cT\u00fcm T\u00fcrkiye\u2019yi, sardalyenin ba\u015fkentine bekliyoruz\u201d<br \/>\nAv sezonunun ba\u015flamas\u0131 dolay\u0131s\u0131yla Karaduvar Bal\u0131k\u00e7\u0131 Bar\u0131na\u011f\u0131\u2019n\u0131 ve Su \u00dcr\u00fcnleri Kooperatifi\u2019ni ziyaret eden Ba\u015fkan Mustafa G\u00fcltak, burada bal\u0131k\u00e7\u0131 esnaf\u0131 ve vatanda\u015flarla bir araya geldi, av sezonunu a\u00e7an bal\u0131k\u00e7\u0131lar\u0131n heyecan\u0131n\u0131 payla\u015ft\u0131. Ard\u0131ndan bir bal\u0131k\u00e7\u0131 teknesinin d\u00fcmenine ge\u00e7en Ba\u015fkan G\u00fcltak, yapt\u0131\u011f\u0131 \u00e7a\u011fr\u0131da; \u201cHeyecanla bekledi\u011finiz, \u00fc\u00e7\u00fcnc\u00fcs\u00fcn\u00fc planlad\u0131\u011f\u0131m\u0131z bal\u0131k festivalimiz 24-25 Eyl\u00fcl\u2019de Hakan Altun\u2019un g\u00fczel \u015fark\u0131lar\u0131yla Karaduvar Mahallemizde olacak. 7\u2019den 70\u2019e t\u00fcm Mersinlileri ve t\u00fcm T\u00fcrkiyelileri, sardalyenin ba\u015fkenti Karaduvar\u2019a bekliyoruz\u201d dedi.<br \/>\nAltan; \u201c\u0130nsanlar\u0131m\u0131z dolu dolu iki g\u00fcn ge\u00e7irecek\u201d<br \/>\nKaraduvar Mahalle Muhtar\u0131 Fikret Altan da festivalin hem esnaf\u0131n i\u015flerinin b\u00fcy\u00fcmesini sa\u011flad\u0131\u011f\u0131n\u0131 hem de vatanda\u015flar\u0131n iki g\u00fcn boyunca e\u011flence ve keyif dolu saatler ya\u015fad\u0131\u011f\u0131n\u0131 ifade ederek, mahalle sakinleri olarak festivali b\u00fcy\u00fck bir heyecanla beklediklerini ifade etti. Altan; \u201cFestival sayesinde insanlar\u0131m\u0131z bir araya gelecek, iki g\u00fcn boyunca konser, \u00e7e\u015fitli etkinlikler ve bal\u0131k-ekmek yiyerek farkl\u0131 2 g\u00fcn ya\u015fayacak. Belediye Ba\u015fkan\u0131m\u0131z da bu konuda \u00e7ok \u00f6zverili \u00e7al\u0131\u015f\u0131yor. Mahallem ad\u0131na bu \u00e7abalar\u0131 ve emekleri nedeniyle Ba\u015fkan\u0131m\u0131za \u00e7ok te\u015fekk\u00fcr ediyorum\u201d dedi.<br \/>\nRestoran i\u015fletmecisi Polat Demir ise, bal\u0131k festivali sayesinde kent ve \u00fclke \u00e7ap\u0131nda tan\u0131n\u0131r hale geldiklerini ve i\u015flerinin a\u00e7\u0131ld\u0131\u011f\u0131n\u0131 belirterek; \u201cFestival sayesinde buralar\u0131 doldu ta\u015ft\u0131, oturacak yer kalmad\u0131. Akdeniz Belediyesi\u2019ne, katk\u0131lar\u0131ndan dolay\u0131 te\u015fekk\u00fcr ediyorum\u201d dedi. Festival hakk\u0131nda d\u00fc\u015f\u00fcncelerini payla\u015fan di\u011fer Karaduvarl\u0131 bal\u0131k\u00e7\u0131 esnaf\u0131 ve restoran i\u015fletmecileri de etkinlik ile b\u00f6lgeye yine canl\u0131l\u0131k gelece\u011fine ve i\u015flerinin daha da artaca\u011f\u0131na inand\u0131klar\u0131n\u0131 dile getirdi. <\/p>\n","protected":false},"excerpt":{"rendered":"<p>Akdeniz Belediye Ba\u015fkan\u0131 M. Mustafa G\u00fcltak, lezzet ve e\u011flencenin bir araya gelece\u011fi, 24-25 Eyl\u00fcl 2022 tarihleri aras\u0131nda d\u00fczenlenecek olan \u201c3\u2019\u00fcnc\u00fc Karaduvar Bal\u0131k Festivaline\u201d t\u00fcm vatanda\u015flar\u0131 davet etti. Ba\u015fkan G\u00fcltak, \u201cSardalyenin &hellip; <a href=\"https:\/\/akdenizolaygazetesi.com\/?p=21067\" class=\"more-link\">Devam\u0131n\u0131 Oku&#8230;<\/a><\/p>\n","protected":false},"author":2,"featured_media":21068,"comment_status":"open","ping_status":"open","sticky":false,"template":"","format":"standard","meta":[],"categories":[34,2,3,5],"tags":[],"_links":{"self":[{"href":"https:\/\/akdenizolaygazetesi.com\/index.php?rest_route=\/wp\/v2\/posts\/21067"}],"collection":[{"href":"https:\/\/akdenizolaygazetesi.com\/index.php?rest_route=\/wp\/v2\/posts"}],"about":[{"href":"https:\/\/akdenizolaygazetesi.com\/index.php?rest_route=\/wp\/v2\/types\/post"}],"author":[{"embeddable":true,"href":"https:\/\/akdenizolaygazetesi.com\/index.php?rest_route=\/wp\/v2\/users\/2"}],"replies":[{"embeddable":true,"href":"https:\/\/akdenizolaygazetesi.com\/index.php?rest_route=%2Fwp%2Fv2%2Fcomments&post=21067"}],"version-history":[{"count":1,"href":"https:\/\/akdenizolaygazetesi.com\/index.php?rest_route=\/wp\/v2\/posts\/21067\/revisions"}],"predecessor-version":[{"id":21069,"href":"https:\/\/akdenizolaygazetesi.com\/index.php?rest_route=\/wp\/v2\/posts\/21067\/revisions\/21069"}],"wp:featuredmedia":[{"embeddable":true,"href":"https:\/\/akdenizolaygazetesi.com\/index.php?rest_route=\/wp\/v2\/media\/21068"}],"wp:attachment":[{"href":"https:\/\/akdenizolaygazetesi.com\/index.php?rest_route=%2Fwp%2Fv2%2Fmedia&parent=21067"}],"wp:term":[{"taxonomy":"category","embeddable":true,"href":"https:\/\/akdenizolaygazetesi.com\/index.php?rest_route=%2Fwp%2Fv2%2Fcategories&post=21067"},{"taxonomy":"post_tag","embeddable":true,"href":"https:\/\/akdenizolaygazetesi.com\/index.php?rest_route=%2Fwp%2Fv2%2Ftags&post=21067"}],"curies":[{"name":"wp","href":"https:\/\/api.w.org\/{rel}","templated":true}]}}