{"id":21070,"date":"2022-09-19T14:42:24","date_gmt":"2022-09-19T11:42:24","guid":{"rendered":"http:\/\/akdenizolaygazetesi.com\/?p=21070"},"modified":"2022-09-19T14:42:24","modified_gmt":"2022-09-19T11:42:24","slug":"avrupa-hareketlilik-haftasi-dolu-dolu-geciyor","status":"publish","type":"post","link":"https:\/\/akdenizolaygazetesi.com\/?p=21070","title":{"rendered":"AVRUPA HAREKETL\u0130L\u0130K HAFTASI DOLU DOLU GE\u00c7\u0130YOR"},"content":{"rendered":"<p>Mersin B\u00fcy\u00fck\u015fehir Belediyesi, &#8220;Avrupa Hareketlilik Haftas\u0131&#8221;n\u0131 dolu dolu etkinliklerle ge\u00e7iriyor. Bisiklet kullan\u0131m\u0131n\u0131n ve yaya yollar\u0131n\u0131n art\u0131r\u0131lmas\u0131n\u0131n, vatanda\u015flar\u0131n motorlu ara\u00e7lar yerine alternatif ula\u015f\u0131m metotlar\u0131yla seyahate y\u00f6nlendirilmesinin ama\u00e7land\u0131\u011f\u0131 haftada, fark\u0131ndal\u0131\u011f\u0131 art\u0131racak ve bilin\u00e7lendirici etkinlikler ger\u00e7ekle\u015ftiriliyor.<br \/>\nHafta kapsam\u0131nda B\u00fcy\u00fck\u015fehir Belediyesi&#8217;nin katk\u0131lar\u0131yla &#8216;S\u00fcsl\u00fc Kad\u0131nlar Bisiklet Turu&#8217; d\u00fczenlendi. Sahil boyunca rengarenk k\u0131yafetleriyle bisiklet s\u00fcren kad\u0131nlar, s\u00fcrd\u00fcr\u00fclebilir ve aktif bir ula\u015f\u0131m fark\u0131ndal\u0131\u011f\u0131 i\u00e7in pedal \u00e7evirdi.<br \/>\nPedallar temiz ula\u015f\u0131m i\u00e7in \u00e7evrildi<br \/>\nBisiklet yollar\u0131n\u0131n att\u0131r\u0131lmas\u0131, bisiklet park alanlar\u0131n\u0131n yap\u0131m\u0131, ye\u015fil alanlar\u0131n geli\u015ftirilmesi, engelli rampalar\u0131n\u0131n artt\u0131r\u0131lmas\u0131, toplu ula\u015f\u0131mla seyahat al\u0131\u015fkanl\u0131\u011f\u0131n\u0131n \u00e7o\u011falt\u0131lmas\u0131 ve buna ba\u011fl\u0131 olarak karbon emisyon oran\u0131n\u0131 azaltmak, bisiklet ve yaya ula\u015f\u0131m\u0131nda te\u015fvik ve fark\u0131ndal\u0131k olu\u015fturmak amac\u0131yla d\u00fczenlenen hafta kapsam\u0131nda, bisiklet ula\u015f\u0131m\u0131n\u0131n \u00f6n plana \u00e7\u0131kart\u0131lmas\u0131 hedeflendi. Her y\u0131l d\u00fczenlenen &#8216;S\u00fcsl\u00fc Kad\u0131nlar Bisiklet Turu&#8217; i\u00e7in Mersinli kad\u0131nlar, s\u00fcsledikleri bisikletleriyle ve rengarenk k\u0131yafetleriyle, ba\u015flang\u0131\u00e7 noktas\u0131 olan Yeni\u015fehir U\u011fur Mumcu Park\u0131&#8217;nda bulu\u015ftu. Bisikletlerini; &#8216;Bisikletliyi Fark Et, Yolu Payla\u015f&#8217;, &#8216;Kad\u0131n Soka\u011fa \u00c7\u0131karsa D\u00fcnya De\u011fi\u015fir&#8217;, &#8216;Bisikletli Ula\u015f\u0131m Hakt\u0131r&#8217;, &#8216;Egzoz Kokusuna Kar\u015f\u0131 Parf\u00fcm Kokusu&#8217; yaz\u0131l\u0131 pankartlarla da s\u00fcsleyen y\u00fczlerce bisikletsever, 9,4 kilometrelik rotada Soli Pompeiopolis Antik Kenti&#8217;ne kadar pedal \u00e7evirdi.<br \/>\nSoli Pompeipolis&#8217;e bisikletleriyle ula\u015fan kad\u0131nlar\u0131, B\u00fcy\u00fck\u015fehir Belediyesi K\u00fclt\u00fcr ve Sosyal \u0130\u015fler Dairesi&#8217;ne ba\u011fl\u0131 Kent Orkestras\u0131 kar\u015f\u0131lad\u0131. Rotan\u0131n son noktas\u0131 olan Soli Pompeipolis&#8217;te mola veren kat\u0131l\u0131mc\u0131lar, tarihe e\u015flik eden ortamda hem dinlendi, hem de konser keyfi ya\u015fad\u0131.<br \/>\nEtkinlik kapsam\u0131nda ayr\u0131ca B\u00fcy\u00fck\u015fehir Belediyesi Kad\u0131n ve Aile Hizmetleri Dairesi b\u00fcnyesinde Soli Pompeiopolis Antik Kenti&#8217;nde \u00fcretici kad\u0131n stantlar\u0131 da a\u00e7\u0131ld\u0131. Kad\u0131nlar hem haftan\u0131n \u00f6nemi i\u00e7in bir araya geldi, hem de el eme\u011fi g\u00f6z nuru \u00fcr\u00fcnlerini sergileyerek sat\u0131\u015fa sundu.<br \/>\n&#8220;Bisiklet fark\u0131ndal\u0131\u011f\u0131n\u0131 yaratmak i\u00e7in bu etkinli\u011fe kat\u0131l\u0131yoruz&#8221;<br \/>\nS\u00fcsl\u00fc Kad\u0131nlar Bisiklet Turu&#8217;na kat\u0131lan S\u0131n\u0131f \u00d6\u011fretmeni S\u00fcheyla Y\u00fcksel, &#8220;Mersin Bisikletli Kad\u0131nlar Grubu&#8217;nday\u0131m. Ayn\u0131 platformda arkada\u015flar\u0131m\u0131zla \u00e7al\u0131\u015f\u0131yoruz. Bisiklet fark\u0131ndal\u0131\u011f\u0131n\u0131 yaratmak i\u00e7in bu etkinli\u011fe kat\u0131l\u0131yoruz. Bug\u00fcn t\u00fcm d\u00fcnyada, 42 \u00fclkede ve \u015fu anda T\u00fcrkiye&#8217;de 200 \u015fehirde ayn\u0131 anda kutlanmakta. Mersin B\u00fcy\u00fck\u015fehir Belediyesi \u00e7ok b\u00fcy\u00fck destek oluyor, te\u015fekk\u00fcr ediyoruz kendilerine. Hem katk\u0131 sunuyorlar, hem de bisiklet yollar\u0131m\u0131z\u0131 \u00e7ok geni\u015flettiler&#8221; dedi.<br \/>\nGen\u00e7ler Skate Park&#8217;ta kaykay ve paten s\u00fcrd\u00fc<br \/>\nAyn\u0131 g\u00fcn etkinlikler kapsam\u0131nda bir durak noktas\u0131 da B\u00fcy\u00fck\u015fehir Belediyesi Gen\u00e7lik ve Spor Hizmetleri Dairesi koordinesinde, K\u00fclt\u00fcr Park i\u00e7erisindeki Skate Park&#8217;ta d\u00fczenlenen scooter, paten ve kaykay \u015f\u00f6leni oldu. Son y\u0131llarda gen\u00e7lerin olduk\u00e7a ilgi g\u00f6sterdi\u011fi kaykay, paten ve akrobasi dal\u0131nda, bisiklet kullananlar\u0131n g\u00fcvenli s\u00fcr\u00fc\u015f yapabilmeleri i\u00e7in kazand\u0131r\u0131lan Skate Park&#8217;ta gen\u00e7ler g\u00f6rsel \u015f\u00f6len sundu.<br \/>\nEski Da\u011f Bisikleti Milli Sporcusu Metin Y\u0131ld\u0131z, &#8220;Burada g\u00f6rd\u00fc\u011f\u00fcn\u00fcz gen\u00e7lerin hepsi, bizim ekip halinde kulland\u0131\u011f\u0131m\u0131z Skate Park&#8217;da spor yapan gen\u00e7ler. 16-22 Eyl\u00fcl Avrupa Hareketlilik haftas\u0131 dolay\u0131s\u0131yla buraday\u0131z. B\u00f6yle bir aktivitede gen\u00e7leri bir araya getirdi\u011fi i\u00e7in de Ba\u015fkan\u0131m\u0131z Vahap Se\u00e7er&#8217;e buradan te\u015fekk\u00fcr ediyorum&#8221; dedi.<br \/>\n&#8220;B\u00f6yle etkinliklere ihtiyac\u0131m\u0131z vard\u0131&#8221;<br \/>\nSkate Park&#8217;ta bir araya gelen gen\u00e7lerden Yusuf Hac\u0131o\u011flu, &#8220;\u00c7ok g\u00fczel bir etkinlik oldu. Baya\u011f\u0131d\u0131r b\u00f6yle etkinliklere ihtiyac\u0131m\u0131z vard\u0131. B\u00f6yle etkinliklerde herkes e\u011fleniyor, burada toplan\u0131yoruz. Okulun stresi var, s\u0131navlar yakla\u015f\u0131yor. Burada toplan\u0131yoruz, stresimizi at\u0131yoruz, kay kay yap\u0131yoruz, kendimizi geli\u015ftiriyoruz. Vahap Amca&#8217;ya \u00e7ok te\u015fekk\u00fcr ederim&#8221; diye konu\u015ftu.<br \/>\nMehmet Y\u0131lmaz da &#8220;12 senedir paten s\u00fcr\u00fcyorum. Profesyonel patenciyiz. Bu etkinlikten dolay\u0131 Vahap Ba\u015fkan\u0131m\u0131za te\u015fekk\u00fcr ediyorum. \u00c7ok sevindik, mutlu olduk&#8221; dedi.<\/p>\n","protected":false},"excerpt":{"rendered":"<p>Mersin B\u00fcy\u00fck\u015fehir Belediyesi, &#8220;Avrupa Hareketlilik Haftas\u0131&#8221;n\u0131 dolu dolu etkinliklerle ge\u00e7iriyor. Bisiklet kullan\u0131m\u0131n\u0131n ve yaya yollar\u0131n\u0131n art\u0131r\u0131lmas\u0131n\u0131n, vatanda\u015flar\u0131n motorlu ara\u00e7lar yerine alternatif ula\u015f\u0131m metotlar\u0131yla seyahate y\u00f6nlendirilmesinin ama\u00e7land\u0131\u011f\u0131 haftada, fark\u0131ndal\u0131\u011f\u0131 art\u0131racak ve &hellip; <a href=\"https:\/\/akdenizolaygazetesi.com\/?p=21070\" class=\"more-link\">Devam\u0131n\u0131 Oku&#8230;<\/a><\/p>\n","protected":false},"author":2,"featured_media":21071,"comment_status":"open","ping_status":"open","sticky":false,"template":"","format":"standard","meta":[],"categories":[7,3,5,10],"tags":[],"_links":{"self":[{"href":"https:\/\/akdenizolaygazetesi.com\/index.php?rest_route=\/wp\/v2\/posts\/21070"}],"collection":[{"href":"https:\/\/akdenizolaygazetesi.com\/index.php?rest_route=\/wp\/v2\/posts"}],"about":[{"href":"https:\/\/akdenizolaygazetesi.com\/index.php?rest_route=\/wp\/v2\/types\/post"}],"author":[{"embeddable":true,"href":"https:\/\/akdenizolaygazetesi.com\/index.php?rest_route=\/wp\/v2\/users\/2"}],"replies":[{"embeddable":true,"href":"https:\/\/akdenizolaygazetesi.com\/index.php?rest_route=%2Fwp%2Fv2%2Fcomments&post=21070"}],"version-history":[{"count":1,"href":"https:\/\/akdenizolaygazetesi.com\/index.php?rest_route=\/wp\/v2\/posts\/21070\/revisions"}],"predecessor-version":[{"id":21072,"href":"https:\/\/akdenizolaygazetesi.com\/index.php?rest_route=\/wp\/v2\/posts\/21070\/revisions\/21072"}],"wp:featuredmedia":[{"embeddable":true,"href":"https:\/\/akdenizolaygazetesi.com\/index.php?rest_route=\/wp\/v2\/media\/21071"}],"wp:attachment":[{"href":"https:\/\/akdenizolaygazetesi.com\/index.php?rest_route=%2Fwp%2Fv2%2Fmedia&parent=21070"}],"wp:term":[{"taxonomy":"category","embeddable":true,"href":"https:\/\/akdenizolaygazetesi.com\/index.php?rest_route=%2Fwp%2Fv2%2Fcategories&post=21070"},{"taxonomy":"post_tag","embeddable":true,"href":"https:\/\/akdenizolaygazetesi.com\/index.php?rest_route=%2Fwp%2Fv2%2Ftags&post=21070"}],"curies":[{"name":"wp","href":"https:\/\/api.w.org\/{rel}","templated":true}]}}