{"id":21076,"date":"2022-09-20T12:52:45","date_gmt":"2022-09-20T09:52:45","guid":{"rendered":"http:\/\/akdenizolaygazetesi.com\/?p=21076"},"modified":"2022-09-20T12:52:45","modified_gmt":"2022-09-20T09:52:45","slug":"baskan-secer-gaziler-gunu-dolayisiyla-duzenlenen-programlara-katildi","status":"publish","type":"post","link":"https:\/\/akdenizolaygazetesi.com\/?p=21076","title":{"rendered":"BA\u015eKAN SE\u00c7ER, &#8216;GAZ\u0130LER G\u00dcN\u00dc&#8217; DOLAYISIYLA D\u00dcZENLENEN PROGRAMLARA KATILDI"},"content":{"rendered":"<p>Mersin B\u00fcy\u00fck\u015fehir Belediye Ba\u015fkan\u0131 Vahap Se\u00e7er, &#8217;19 Eyl\u00fcl Gaziler G\u00fcn\u00fc&#8217; dolay\u0131s\u0131yla Mersin Valili\u011fi taraf\u0131ndan d\u00fczenlenen t\u00f6renlere kat\u0131ld\u0131. Ba\u015fkan Se\u00e7er kent protokol\u00fc ile birlikte, Cumhuriyet Meydan\u0131&#8217;ndaki \u00e7elenk sunma t\u00f6reninin ard\u0131ndan dernek ziyaretleri yapt\u0131 ve son olarak da \u00f6\u011fle yeme\u011finde gazilerle bulu\u015ftu.<br \/>\nT\u00f6renler Atat\u00fcrk An\u0131t\u0131&#8217;na \u00e7elenk sunma ile ba\u015flad\u0131<br \/>\nCumhuriyet Meydan\u0131&#8217;nda d\u00fczenlenen t\u00f6rene; Mersin Valisi Ali Hamza Pehlivan, Akdeniz B\u00f6lge ve Garnizon Komutan\u0131 Tu\u011famiral Fuat Gedik, Mersin B\u00fcy\u00fck\u015fehir Belediye Ba\u015fkan\u0131 Vahap Se\u00e7er, protokol \u00fcyeleri, gaziler ve \u015fehit aileleri kat\u0131ld\u0131.<br \/>\nT\u00f6rende; Mersin Valili\u011fi, Akdeniz B\u00f6lge ve Garnizon Komutanl\u0131\u011f\u0131, Mersin B\u00fcy\u00fck\u015fehir Belediye Ba\u015fkanl\u0131\u011f\u0131 ile T\u00fcrkiye Muharip Gaziler Derne\u011fi Mersin \u015eubesi taraf\u0131ndan Atat\u00fcrk An\u0131t\u0131&#8217;na \u00e7elenk sunuldu.<br \/>\nSayg\u0131 duru\u015fu ve \u0130stiklal Mar\u015f\u0131&#8217;n\u0131n ard\u0131ndan, T\u00fcrkiye Muharip Gaziler Derne\u011fi Mersin \u015eubesi Ba\u015fkan Yard\u0131mc\u0131s\u0131 Kemal G\u00fclbeyaz taraf\u0131ndan, g\u00fcn\u00fcn anlam ve \u00f6nemine ili\u015fkin konu\u015fma yap\u0131ld\u0131. T\u00f6ren, bir \u00f6\u011frencinin \u015fiir okumas\u0131 ile sona erdi.<br \/>\nDernek ziyaretleri ger\u00e7ekle\u015ftirildi<br \/>\nProtokol \u00fcyeleri daha sonra T\u00fcrkiye Harp Malul\u00fc Gaziler \u015eehit Dul ve Yetimleri Derne\u011fi Mersin \u015eubesi&#8217;ni ziyaret ederek, Dernek Ba\u015fkan\u0131 Fatih Tuncer ve dernek \u00fcyeleri ile bir araya geldiler. T\u00fcrkiye Muharip Gaziler Derne\u011fi Mersin \u015eube Ba\u015fkanl\u0131\u011f\u0131 ve T\u00fcrkiye Emekli Astsubaylar Derne\u011fi Mersin \u0130l Ba\u015fkanl\u0131\u011f\u0131&#8217;n\u0131 ziyaret ederek; T\u00fcrkiye Muharip Gaziler Derne\u011fi Mersin \u015eubesi Ba\u015fkan Yard\u0131mc\u0131s\u0131 Kemal G\u00fclbeyaz ve T\u00fcrkiye Emekli Astsubaylar Derne\u011fi Mersin \u0130l Ba\u015fkan\u0131 Halil Kur ile bir araya gelen protokol \u00fcyeleri, burada d\u00fczenlenen t\u00f6rende gazilerle bulu\u015ftular.<br \/>\nKent protokol\u00fc, \u00f6\u011fle yeme\u011finde gazilerle bulu\u015ftu<br \/>\nProgram, Mersin Valili\u011fi taraf\u0131ndan Gaziler G\u00fcn\u00fc dolay\u0131s\u0131yla d\u00fczenlenen yemekle devam etti.  Yeme\u011fe; Mersin Valisi Ali Hamza Pehlivan ve e\u015fi Y\u0131ld\u0131z Pehlivan, Akdeniz B\u00f6lge ve Garnizon Komutan\u0131 Tu\u011famiral Fuat Gedik ve e\u015fi Oya Gedik, Mersin B\u00fcy\u00fck\u015fehir Belediye Ba\u015fkan\u0131 Vahap Se\u00e7er ve e\u015fi Meral Se\u00e7er, protokol \u00fcyeleri, gaziler ve aileleri ile \u015fehit aileleri kat\u0131ld\u0131.<br \/>\nKur&#8217;an-\u0131 Kerim tilaveti ile ba\u015flayan yemekte, Mersin Valisi Ali Hamza Pehlivan bir konu\u015fma yapt\u0131. Yeme\u011fin ard\u0131ndan Mersin \u0130l M\u00fcft\u00fcs\u00fc Ayd\u0131n Y\u0131\u011fman taraf\u0131ndan okunan dua ile yemek program\u0131 sona erdi.<\/p>\n","protected":false},"excerpt":{"rendered":"<p>Mersin B\u00fcy\u00fck\u015fehir Belediye Ba\u015fkan\u0131 Vahap Se\u00e7er, &#8217;19 Eyl\u00fcl Gaziler G\u00fcn\u00fc&#8217; dolay\u0131s\u0131yla Mersin Valili\u011fi taraf\u0131ndan d\u00fczenlenen t\u00f6renlere kat\u0131ld\u0131. Ba\u015fkan Se\u00e7er kent protokol\u00fc ile birlikte, Cumhuriyet Meydan\u0131&#8217;ndaki \u00e7elenk sunma t\u00f6reninin ard\u0131ndan dernek &hellip; <a href=\"https:\/\/akdenizolaygazetesi.com\/?p=21076\" class=\"more-link\">Devam\u0131n\u0131 Oku&#8230;<\/a><\/p>\n","protected":false},"author":2,"featured_media":21077,"comment_status":"open","ping_status":"open","sticky":false,"template":"","format":"standard","meta":[],"categories":[2,3,5],"tags":[],"_links":{"self":[{"href":"https:\/\/akdenizolaygazetesi.com\/index.php?rest_route=\/wp\/v2\/posts\/21076"}],"collection":[{"href":"https:\/\/akdenizolaygazetesi.com\/index.php?rest_route=\/wp\/v2\/posts"}],"about":[{"href":"https:\/\/akdenizolaygazetesi.com\/index.php?rest_route=\/wp\/v2\/types\/post"}],"author":[{"embeddable":true,"href":"https:\/\/akdenizolaygazetesi.com\/index.php?rest_route=\/wp\/v2\/users\/2"}],"replies":[{"embeddable":true,"href":"https:\/\/akdenizolaygazetesi.com\/index.php?rest_route=%2Fwp%2Fv2%2Fcomments&post=21076"}],"version-history":[{"count":1,"href":"https:\/\/akdenizolaygazetesi.com\/index.php?rest_route=\/wp\/v2\/posts\/21076\/revisions"}],"predecessor-version":[{"id":21078,"href":"https:\/\/akdenizolaygazetesi.com\/index.php?rest_route=\/wp\/v2\/posts\/21076\/revisions\/21078"}],"wp:featuredmedia":[{"embeddable":true,"href":"https:\/\/akdenizolaygazetesi.com\/index.php?rest_route=\/wp\/v2\/media\/21077"}],"wp:attachment":[{"href":"https:\/\/akdenizolaygazetesi.com\/index.php?rest_route=%2Fwp%2Fv2%2Fmedia&parent=21076"}],"wp:term":[{"taxonomy":"category","embeddable":true,"href":"https:\/\/akdenizolaygazetesi.com\/index.php?rest_route=%2Fwp%2Fv2%2Fcategories&post=21076"},{"taxonomy":"post_tag","embeddable":true,"href":"https:\/\/akdenizolaygazetesi.com\/index.php?rest_route=%2Fwp%2Fv2%2Ftags&post=21076"}],"curies":[{"name":"wp","href":"https:\/\/api.w.org\/{rel}","templated":true}]}}