{"id":21079,"date":"2022-09-20T12:55:01","date_gmt":"2022-09-20T09:55:01","guid":{"rendered":"http:\/\/akdenizolaygazetesi.com\/?p=21079"},"modified":"2022-09-20T12:55:01","modified_gmt":"2022-09-20T09:55:01","slug":"baskan-abdullah-ozyigit-javier-zanettiyi-agirladi","status":"publish","type":"post","link":"https:\/\/akdenizolaygazetesi.com\/?p=21079","title":{"rendered":"Ba\u015fkan Abdullah \u00d6zyi\u011fit, Javier Zanetti\u2019yi a\u011f\u0131rlad\u0131"},"content":{"rendered":"<p>Mersin\u2019e gelen d\u00fcnya futbolunun efsane isimlerinden Javier Zanetti, Yeni\u015fehir Belediye Ba\u015fkan\u0131 Abdullah \u00d6zyi\u011fit\u2019i de ziyaret etti.<br \/>\nInter Academy T\u00fcrkiye lansman\u0131na kat\u0131lmak \u00fczere Mersin\u2019e gelen Javier Zanetti, ayr\u0131ca Yeni\u015fehir Belediyesinin de destekleriyle d\u00fczenlenecek bir etkinlikte Mersinli \u00e7ocuklarla bulu\u015facak. \u0130talya&#8217;n\u0131n en b\u00fcy\u00fck futbol kul\u00fcplerinden olan \u0130nter\u2019in ba\u015fkan yard\u0131mc\u0131l\u0131\u011f\u0131 g\u00f6revini de y\u00fcr\u00fcten Arjantinli efsane futbolcu, Inter Academy T\u00fcrkiye\u2019nin Yeni\u015fehir\u2019de bulunan tesislerini de gezecek.<br \/>\nJavier Zanetti, program\u0131 kapsam\u0131nda Inter Pazarlama M\u00fcd\u00fcr\u00fc Barbara Biggi, Inter Academy Teknik Direkt\u00f6r\u00fc Marco Monti, Inter Bas\u0131n Sorumlusu Federica Sala, Uluslararas\u0131 Etkinlik Uzman\u0131 Stefano Borghi ve Inter antren\u00f6rlerinden Valerio Ringoli ile birlikte Yeni\u015fehir Belediye Ba\u015fkan\u0131 Abdullah \u00d6zyi\u011fit\u2019i ziyaret etti. Ziyarette Inter Academy T\u00fcrkiye Y\u00f6netici Orta\u011f\u0131 H\u00fcseyin K\u0131lavuz ve \u00c7BK Mersin Yeni\u015fehir Belediyesi kad\u0131n basketbol tak\u0131m\u0131 Asba\u015fkan\u0131 Ali Adal\u0131o\u011flu da yer ald\u0131.<br \/>\nYeni\u015fehir Belediyesi, Zanetti\u2019yi \u00e7ocuklarla bulu\u015fturacak<br \/>\nZanetti,Yeni\u015fehir Belediyesi ve Inter Academy T\u00fcrkiye i\u015f birli\u011fiyle 20 Eyl\u00fcl Sal\u0131 g\u00fcn\u00fc saat 09.00\u2019da Mersin Stadyumu\u2019nda \u00e7ocuklar ve sevenleriyle bir araya gelecek. Zanetti\u2019yi Yeni\u015fehir Belediyesinde a\u011f\u0131rlayan Belediye Ba\u015fkan\u0131 Abdullah \u00d6zyi\u011fit, \u201cZanetti gibi bir futbol efsanesini Mersin\u2019de \u00e7ocuklar\u0131m\u0131zla bulu\u015fturmak \u00e7ok \u00f6nemli. \u00c7ocuklar\u0131m\u0131zla tan\u0131\u015facak ve bu futbol oynayan bir \u00e7ocuk i\u00e7in b\u00fcy\u00fck bir motivasyon kayna\u011f\u0131 olacak. Kendisini kentimizde a\u011f\u0131rlamaktan dolay\u0131 \u00e7ok mutluyuz.\u201d dedi.<br \/>\nZanetti \u201cBeni Yeni\u015fehirli \u00e7ocuklar kar\u015f\u0131lad\u0131, bu beni \u00e7ok duyguland\u0131rd\u0131\u201d<br \/>\nMersin\u2019de olmaktan dolay\u0131 \u00e7ok mutlu oldu\u011funu dile getiren Javier Zanetti ise \u201c Burada olmaktan dolay\u0131 \u00e7ok mutluyum. Spora ve futbola deste\u011finizden dolay\u0131 te\u015fekk\u00fcr ediyorum. \u00c7ocuklar i\u00e7in haz\u0131rlad\u0131\u011f\u0131m\u0131z bir proje var. Ve bununla yak\u0131ndan ilgileniyoruz. Bug\u00fcn havaliman\u0131nda beni Yeni\u015fehirli \u00e7ocuklar kar\u015f\u0131lad\u0131, bu beni \u00e7ok duyguland\u0131rd\u0131 ve mutlu etti. Herkese \u00e7ok te\u015fekk\u00fcr ediyorum\u201d diye konu\u015ftu. <\/p>\n","protected":false},"excerpt":{"rendered":"<p>Mersin\u2019e gelen d\u00fcnya futbolunun efsane isimlerinden Javier Zanetti, Yeni\u015fehir Belediye Ba\u015fkan\u0131 Abdullah \u00d6zyi\u011fit\u2019i de ziyaret etti. Inter Academy T\u00fcrkiye lansman\u0131na kat\u0131lmak \u00fczere Mersin\u2019e gelen Javier Zanetti, ayr\u0131ca Yeni\u015fehir Belediyesinin de &hellip; <a href=\"https:\/\/akdenizolaygazetesi.com\/?p=21079\" class=\"more-link\">Devam\u0131n\u0131 Oku&#8230;<\/a><\/p>\n","protected":false},"author":2,"featured_media":21080,"comment_status":"open","ping_status":"open","sticky":false,"template":"","format":"standard","meta":[],"categories":[2,3,5,10],"tags":[],"_links":{"self":[{"href":"https:\/\/akdenizolaygazetesi.com\/index.php?rest_route=\/wp\/v2\/posts\/21079"}],"collection":[{"href":"https:\/\/akdenizolaygazetesi.com\/index.php?rest_route=\/wp\/v2\/posts"}],"about":[{"href":"https:\/\/akdenizolaygazetesi.com\/index.php?rest_route=\/wp\/v2\/types\/post"}],"author":[{"embeddable":true,"href":"https:\/\/akdenizolaygazetesi.com\/index.php?rest_route=\/wp\/v2\/users\/2"}],"replies":[{"embeddable":true,"href":"https:\/\/akdenizolaygazetesi.com\/index.php?rest_route=%2Fwp%2Fv2%2Fcomments&post=21079"}],"version-history":[{"count":1,"href":"https:\/\/akdenizolaygazetesi.com\/index.php?rest_route=\/wp\/v2\/posts\/21079\/revisions"}],"predecessor-version":[{"id":21081,"href":"https:\/\/akdenizolaygazetesi.com\/index.php?rest_route=\/wp\/v2\/posts\/21079\/revisions\/21081"}],"wp:featuredmedia":[{"embeddable":true,"href":"https:\/\/akdenizolaygazetesi.com\/index.php?rest_route=\/wp\/v2\/media\/21080"}],"wp:attachment":[{"href":"https:\/\/akdenizolaygazetesi.com\/index.php?rest_route=%2Fwp%2Fv2%2Fmedia&parent=21079"}],"wp:term":[{"taxonomy":"category","embeddable":true,"href":"https:\/\/akdenizolaygazetesi.com\/index.php?rest_route=%2Fwp%2Fv2%2Fcategories&post=21079"},{"taxonomy":"post_tag","embeddable":true,"href":"https:\/\/akdenizolaygazetesi.com\/index.php?rest_route=%2Fwp%2Fv2%2Ftags&post=21079"}],"curies":[{"name":"wp","href":"https:\/\/api.w.org\/{rel}","templated":true}]}}