{"id":21082,"date":"2022-09-20T12:57:14","date_gmt":"2022-09-20T09:57:14","guid":{"rendered":"http:\/\/akdenizolaygazetesi.com\/?p=21082"},"modified":"2022-09-20T12:57:14","modified_gmt":"2022-09-20T09:57:14","slug":"inter-akademi-turkiye-heyetinden-baskan-secere-ziyaret","status":"publish","type":"post","link":"https:\/\/akdenizolaygazetesi.com\/?p=21082","title":{"rendered":"\u0130NTER AKADEM\u0130 T\u00dcRK\u0130YE HEYET\u0130&#8217;NDEN BA\u015eKAN SE\u00c7ER&#8217;E Z\u0130YARET"},"content":{"rendered":"<p>\u0130nter Akademi T\u00fcrkiye Heyeti, Mersin B\u00fcy\u00fck\u015fehir Belediye Ba\u015fkan\u0131 Vahap Se\u00e7er&#8217;e nezaket ziyaretinde bulundu.<br \/>\nBa\u015fkan Vahap Se\u00e7er&#8217;i ziyarette; \u0130nter Akademi T\u00fcrkiye Koordinat\u00f6r\u00fc H\u00fcseyin K\u0131lavuz, \u0130nter Kul\u00fcb\u00fc Ba\u015fkan Yard\u0131mc\u0131s\u0131 Javier Zanetti, \u0130nter Akademi Teknik Direkt\u00f6r\u00fc ve Genel Direkt\u00f6r Marco Monti, \u0130nter Kul\u00fcb\u00fc Pazarlama M\u00fcd\u00fcr\u00fc Barbara Biggi, \u0130nter Kul\u00fcb\u00fc Bas\u0131n Sorumlusu Federica Sala, \u0130nter Kul\u00fcb\u00fc Antren\u00f6r\u00fc Valerio Ringoli, \u0130nter Kul\u00fcb\u00fc Proje Uzman\u0131 Stefano Borghi ve beraberlerindeki heyet ile Mersin B\u00fcy\u00fck\u015fehir Belediyesi Ba\u015fkan Dan\u0131\u015fman\u0131 \u0130brahim Evrim yer ald\u0131.<br \/>\nZiyarette heyet taraf\u0131ndan Ba\u015fkan Se\u00e7er&#8217;e, \u0130nter Akademi T\u00fcrkiye hakk\u0131nda bilgiler verildi. Heyette bulunanlar, yetenekli T\u00fcrk gen\u00e7lerini \u0130nter disiplini ve prensipleri ile yeti\u015ftirmeyi ama\u00e7lad\u0131klar\u0131n\u0131 da s\u00f6yledi. Mersin B\u00fcy\u00fck\u015fehir Belediye Ba\u015fkan\u0131 Vahap Se\u00e7er de, Mersin&#8217;in b\u00f6lge olarak futbola olduk\u00e7a d\u00fc\u015fk\u00fcn oldu\u011funu belirtirken, g\u00f6\u00e7lerle b\u00fcy\u00fcm\u00fc\u015f bir kent oldu\u011fu i\u00e7in de heterojen yap\u0131s\u0131 nedeniyle pek \u00e7ok kabiliyetli genci bar\u0131nd\u0131rd\u0131\u011f\u0131ndan s\u00f6z etti.<br \/>\n33 numaral\u0131 formay\u0131 Zanetti, Ba\u015fkan Se\u00e7er i\u00e7in imzalad\u0131<br \/>\nFutbol ve Mersin hakk\u0131ndaki sohbetin ard\u0131ndan Ba\u015fkan Se\u00e7er&#8217;e &#8216;Se\u00e7er&#8217; yaz\u0131l\u0131 ve &#8217;33&#8217; numaral\u0131 forma hediye edildi. Formay\u0131 \u0130nter Kul\u00fcb\u00fc Ba\u015fkan Yard\u0131mc\u0131s\u0131 Javier Zanetti, Ba\u015fkan Se\u00e7er i\u00e7in imzalad\u0131. Ba\u015fkan Se\u00e7er&#8217;e ziyarette ayr\u0131ca, \u0130nter armas\u0131 da hediye edildi.<\/p>\n","protected":false},"excerpt":{"rendered":"<p>\u0130nter Akademi T\u00fcrkiye Heyeti, Mersin B\u00fcy\u00fck\u015fehir Belediye Ba\u015fkan\u0131 Vahap Se\u00e7er&#8217;e nezaket ziyaretinde bulundu. Ba\u015fkan Vahap Se\u00e7er&#8217;i ziyarette; \u0130nter Akademi T\u00fcrkiye Koordinat\u00f6r\u00fc H\u00fcseyin K\u0131lavuz, \u0130nter Kul\u00fcb\u00fc Ba\u015fkan Yard\u0131mc\u0131s\u0131 Javier Zanetti, \u0130nter &hellip; <a href=\"https:\/\/akdenizolaygazetesi.com\/?p=21082\" class=\"more-link\">Devam\u0131n\u0131 Oku&#8230;<\/a><\/p>\n","protected":false},"author":2,"featured_media":21083,"comment_status":"open","ping_status":"open","sticky":false,"template":"","format":"standard","meta":[],"categories":[2,3,5],"tags":[],"_links":{"self":[{"href":"https:\/\/akdenizolaygazetesi.com\/index.php?rest_route=\/wp\/v2\/posts\/21082"}],"collection":[{"href":"https:\/\/akdenizolaygazetesi.com\/index.php?rest_route=\/wp\/v2\/posts"}],"about":[{"href":"https:\/\/akdenizolaygazetesi.com\/index.php?rest_route=\/wp\/v2\/types\/post"}],"author":[{"embeddable":true,"href":"https:\/\/akdenizolaygazetesi.com\/index.php?rest_route=\/wp\/v2\/users\/2"}],"replies":[{"embeddable":true,"href":"https:\/\/akdenizolaygazetesi.com\/index.php?rest_route=%2Fwp%2Fv2%2Fcomments&post=21082"}],"version-history":[{"count":1,"href":"https:\/\/akdenizolaygazetesi.com\/index.php?rest_route=\/wp\/v2\/posts\/21082\/revisions"}],"predecessor-version":[{"id":21084,"href":"https:\/\/akdenizolaygazetesi.com\/index.php?rest_route=\/wp\/v2\/posts\/21082\/revisions\/21084"}],"wp:featuredmedia":[{"embeddable":true,"href":"https:\/\/akdenizolaygazetesi.com\/index.php?rest_route=\/wp\/v2\/media\/21083"}],"wp:attachment":[{"href":"https:\/\/akdenizolaygazetesi.com\/index.php?rest_route=%2Fwp%2Fv2%2Fmedia&parent=21082"}],"wp:term":[{"taxonomy":"category","embeddable":true,"href":"https:\/\/akdenizolaygazetesi.com\/index.php?rest_route=%2Fwp%2Fv2%2Fcategories&post=21082"},{"taxonomy":"post_tag","embeddable":true,"href":"https:\/\/akdenizolaygazetesi.com\/index.php?rest_route=%2Fwp%2Fv2%2Ftags&post=21082"}],"curies":[{"name":"wp","href":"https:\/\/api.w.org\/{rel}","templated":true}]}}