{"id":21091,"date":"2022-09-20T13:02:40","date_gmt":"2022-09-20T10:02:40","guid":{"rendered":"http:\/\/akdenizolaygazetesi.com\/?p=21091"},"modified":"2022-09-20T13:02:40","modified_gmt":"2022-09-20T10:02:40","slug":"yenisehir-belediyesi-javier-zanettiyi-cocuklarla-bulusturdu","status":"publish","type":"post","link":"https:\/\/akdenizolaygazetesi.com\/?p=21091","title":{"rendered":"Yeni\u015fehir Belediyesi,  Javier Zanetti\u2019yi \u00e7ocuklarla bulu\u015fturdu"},"content":{"rendered":"<p>\u0130nter Akademi T\u00fcrkiye lansman\u0131na kat\u0131lmak \u00fczere d\u00fcn Mersin\u2019e gelen Javier Zanetti, Yeni\u015fehir Belediyesi ve \u0130nter Akademi T\u00fcrkiye i\u015f birli\u011fiyle d\u00fczenlenen etkinlikte Mersinli \u00e7ocuklarla bir araya geldi. Zanetti, 7-15 ya\u015f aras\u0131ndaki yakla\u015f\u0131k 500 \u00e7ocukla birlikte Mersin Stadyumu\u2019nda antrenman yapt\u0131. <\/p>\n<p>Mersin Yeni\u015fehir Belediyesi, d\u00fcnyaca \u00fcnl\u00fc eski Arjantinli futbolcu ve \u0130nter Futbol Kul\u00fcb\u00fc Asba\u015fkan\u0131 Javier Zanetti\u2019yi geldi\u011fi Mersin\u2019de \u00e7ocuklarla bulu\u015fturdu. Farkl\u0131 ya\u015f gruplar\u0131ndan \u0130nter Akademisi\u2019nde top ko\u015fturan \u00e7ocuklar unutulmaz bir g\u00fcn ya\u015farken, Zanetti ile antrenman yapma f\u0131rsat\u0131 yakalad\u0131lar.<br \/>\nJavier Zanetti, yakla\u015f\u0131k iki saat boyunca \u00e7ocuklar\u0131n antrenman\u0131na e\u015flik etti. Zanetti ile pas al\u0131\u015fveri\u015fi yapan Mersinli \u00e7ocuklar\u0131n heyecan\u0131 ise g\u00f6zlerinden okundu. <\/p>\n<p>Mersin Stadyumu\u2019nda yap\u0131lan saha etkinli\u011fine Yeni\u015fehir Belediye Ba\u015fkan\u0131 Abdullah \u00d6zyi\u011fit\u2019in yan\u0131 s\u0131ra Mersin Vali Yard\u0131mc\u0131s\u0131 \u0130brahim K\u00fc\u00e7\u00fck ve Yeni\u015fehir Kaymakam\u0131 Nevzat \u015eeng\u00f6k de kat\u0131ld\u0131. Etkinlikte konu\u015fan Ba\u015fkan Abdullah \u00d6zyi\u011fit, \u201cZanetti gibi bir futbol efsanesini \u00e7ocuklar\u0131m\u0131zla bulu\u015fturdu\u011fumuz i\u00e7in \u00e7ok mutluyuz. Bu sporda \u00e7ocuklar\u0131m\u0131z i\u00e7in ilham kayna\u011f\u0131 ve model olabilecek bir isim. \u00c7ocuklar\u0131m\u0131z bug\u00fcn \u00e7ok mutlu dolay\u0131s\u0131yla biz de \u00e7ok mutluyuz\u201d dedi.<br \/>\nEtkinlik Javier Zanetti ile hat\u0131ra foto\u011fraflar\u0131n\u0131n \u00e7ekimiyle son buldu. <\/p>\n","protected":false},"excerpt":{"rendered":"<p>\u0130nter Akademi T\u00fcrkiye lansman\u0131na kat\u0131lmak \u00fczere d\u00fcn Mersin\u2019e gelen Javier Zanetti, Yeni\u015fehir Belediyesi ve \u0130nter Akademi T\u00fcrkiye i\u015f birli\u011fiyle d\u00fczenlenen etkinlikte Mersinli \u00e7ocuklarla bir araya geldi. Zanetti, 7-15 ya\u015f aras\u0131ndaki &hellip; <a href=\"https:\/\/akdenizolaygazetesi.com\/?p=21091\" class=\"more-link\">Devam\u0131n\u0131 Oku&#8230;<\/a><\/p>\n","protected":false},"author":2,"featured_media":21092,"comment_status":"open","ping_status":"open","sticky":false,"template":"","format":"standard","meta":[],"categories":[3,10],"tags":[],"_links":{"self":[{"href":"https:\/\/akdenizolaygazetesi.com\/index.php?rest_route=\/wp\/v2\/posts\/21091"}],"collection":[{"href":"https:\/\/akdenizolaygazetesi.com\/index.php?rest_route=\/wp\/v2\/posts"}],"about":[{"href":"https:\/\/akdenizolaygazetesi.com\/index.php?rest_route=\/wp\/v2\/types\/post"}],"author":[{"embeddable":true,"href":"https:\/\/akdenizolaygazetesi.com\/index.php?rest_route=\/wp\/v2\/users\/2"}],"replies":[{"embeddable":true,"href":"https:\/\/akdenizolaygazetesi.com\/index.php?rest_route=%2Fwp%2Fv2%2Fcomments&post=21091"}],"version-history":[{"count":1,"href":"https:\/\/akdenizolaygazetesi.com\/index.php?rest_route=\/wp\/v2\/posts\/21091\/revisions"}],"predecessor-version":[{"id":21093,"href":"https:\/\/akdenizolaygazetesi.com\/index.php?rest_route=\/wp\/v2\/posts\/21091\/revisions\/21093"}],"wp:featuredmedia":[{"embeddable":true,"href":"https:\/\/akdenizolaygazetesi.com\/index.php?rest_route=\/wp\/v2\/media\/21092"}],"wp:attachment":[{"href":"https:\/\/akdenizolaygazetesi.com\/index.php?rest_route=%2Fwp%2Fv2%2Fmedia&parent=21091"}],"wp:term":[{"taxonomy":"category","embeddable":true,"href":"https:\/\/akdenizolaygazetesi.com\/index.php?rest_route=%2Fwp%2Fv2%2Fcategories&post=21091"},{"taxonomy":"post_tag","embeddable":true,"href":"https:\/\/akdenizolaygazetesi.com\/index.php?rest_route=%2Fwp%2Fv2%2Ftags&post=21091"}],"curies":[{"name":"wp","href":"https:\/\/api.w.org\/{rel}","templated":true}]}}