{"id":21097,"date":"2022-09-21T12:40:46","date_gmt":"2022-09-21T09:40:46","guid":{"rendered":"http:\/\/akdenizolaygazetesi.com\/?p=21097"},"modified":"2022-09-21T12:40:46","modified_gmt":"2022-09-21T09:40:46","slug":"sporda-engel-yok-diyerek-hareketli-yasama-dikkat-cektiler","status":"publish","type":"post","link":"https:\/\/akdenizolaygazetesi.com\/?p=21097","title":{"rendered":"SPORDA ENGEL YOK D\u0130YEREK, HAREKETL\u0130 YA\u015eAMA D\u0130KKAT \u00c7EKT\u0130LER"},"content":{"rendered":"<p>Toroslar&#8217;da \u00f6zel bireyler, sporla bulu\u015fuyor. Toroslar Belediyesinin spor e\u011fitimine kat\u0131lan \u00f6zel bireyler, 16-22 Eyl\u00fcl tarihleri aras\u0131nda kutlanan Avrupa Hareketlilik Haftas\u0131&#8217;nda; sportif becerilerinin geli\u015fiminde e\u011fitimin ve hareketli ya\u015fam\u0131n \u00f6nemine dikkat \u00e7ektiler.<\/p>\n<p>Toroslar Belediyesinin, Avrupa Hareketlilik Haftas\u0131 kapsam\u0131nda d\u00fczenledi\u011fi etkinlikler, \u00f6zel bireylerin spor aktivitesiyle devam etti.<\/p>\n<p>\u0130l\u00e7ede ya\u015fayan otizmli, down sendromlu ve mental \u00f6zel bireylerin sosyal hayata daha kolay adapte olmalar\u0131n\u0131n ama\u00e7land\u0131\u011f\u0131 e\u011fitsel \u00e7al\u0131\u015fmalarda \u00f6zel bireyler, ilgi ve yeteneklerine g\u00f6re atletizm, tenis, cimnastik ve futbol yaparak hem sa\u011fl\u0131klar\u0131n\u0131 koruyor hem de e\u011flenerek motive oluyorlar.<\/p>\n<p>&#8220;\u00c7e\u015fitlendir ve Devam Et&#8221; slogan\u0131yla ger\u00e7ekle\u015fen kampanya kapsam\u0131nda da bir araya gelen \u00f6zel bireyler, Avrupa Hareketlilik Haftas\u0131&#8217;n\u0131 spor yaparak kutlad\u0131.<\/p>\n<p>&#8220;Engelleri Sevgiyle A\u015f\u0131yoruz&#8221;<\/p>\n<p>Toroslar Belediye Ba\u015fkan\u0131 Ats\u0131z Af\u015f\u0131n Y\u0131lmaz, il\u00e7e genelindeki \u00f6zel gereksinimli bireyleri evden \u00e7\u0131kar\u0131p toplumsal hayata kazand\u0131rmak i\u00e7in \u00e7aba sarf ettiklerini s\u00f6yledi.<\/p>\n<p>&#8220;\u00d6zel bireylerimizin ya\u015famlar\u0131n\u0131 kolayla\u015ft\u0131racak ve gelece\u011fe g\u00fcvenle bakabilmelerini sa\u011flayacak ko\u015fullar\u0131n olu\u015fturulmas\u0131 hepimizin g\u00f6revidir&#8221; diyen Ba\u015fkan Y\u0131lmaz; &#8220;B\u00fcnyemizdeki Engelliler Akademisi&#8217;nde, \u00f6zel bireylerin mesleki e\u011fitiminin yan\u0131 s\u0131ra sosyal, k\u00fclt\u00fcrel ve sportif alanda geli\u015fimlerine destek oluyoruz. Sa\u011fl\u0131kl\u0131 ya\u015famlar\u0131na katk\u0131 sunmak ve geli\u015fimlerini desteklemek i\u00e7in spor yapt\u0131r\u0131yoruz. Avrupa Hareketlilik Haftas\u0131 kapsam\u0131nda da spor yaparak hareketli ya\u015fama dikkat \u00e7ektiler. Sevgiyle, ho\u015fg\u00f6r\u00fcyle engelsiz bir Toroslar i\u00e7in \u00e7al\u0131\u015f\u0131yoruz. Onlar\u0131n g\u00fclen y\u00fcz\u00fc her \u015feye de\u011fer&#8221; \u015feklinde konu\u015ftu.<\/p>\n","protected":false},"excerpt":{"rendered":"<p>Toroslar&#8217;da \u00f6zel bireyler, sporla bulu\u015fuyor. Toroslar Belediyesinin spor e\u011fitimine kat\u0131lan \u00f6zel bireyler, 16-22 Eyl\u00fcl tarihleri aras\u0131nda kutlanan Avrupa Hareketlilik Haftas\u0131&#8217;nda; sportif becerilerinin geli\u015fiminde e\u011fitimin ve hareketli ya\u015fam\u0131n \u00f6nemine dikkat \u00e7ektiler. &hellip; <a href=\"https:\/\/akdenizolaygazetesi.com\/?p=21097\" class=\"more-link\">Devam\u0131n\u0131 Oku&#8230;<\/a><\/p>\n","protected":false},"author":2,"featured_media":21098,"comment_status":"open","ping_status":"open","sticky":false,"template":"","format":"standard","meta":[],"categories":[2,3,5,10],"tags":[],"_links":{"self":[{"href":"https:\/\/akdenizolaygazetesi.com\/index.php?rest_route=\/wp\/v2\/posts\/21097"}],"collection":[{"href":"https:\/\/akdenizolaygazetesi.com\/index.php?rest_route=\/wp\/v2\/posts"}],"about":[{"href":"https:\/\/akdenizolaygazetesi.com\/index.php?rest_route=\/wp\/v2\/types\/post"}],"author":[{"embeddable":true,"href":"https:\/\/akdenizolaygazetesi.com\/index.php?rest_route=\/wp\/v2\/users\/2"}],"replies":[{"embeddable":true,"href":"https:\/\/akdenizolaygazetesi.com\/index.php?rest_route=%2Fwp%2Fv2%2Fcomments&post=21097"}],"version-history":[{"count":1,"href":"https:\/\/akdenizolaygazetesi.com\/index.php?rest_route=\/wp\/v2\/posts\/21097\/revisions"}],"predecessor-version":[{"id":21099,"href":"https:\/\/akdenizolaygazetesi.com\/index.php?rest_route=\/wp\/v2\/posts\/21097\/revisions\/21099"}],"wp:featuredmedia":[{"embeddable":true,"href":"https:\/\/akdenizolaygazetesi.com\/index.php?rest_route=\/wp\/v2\/media\/21098"}],"wp:attachment":[{"href":"https:\/\/akdenizolaygazetesi.com\/index.php?rest_route=%2Fwp%2Fv2%2Fmedia&parent=21097"}],"wp:term":[{"taxonomy":"category","embeddable":true,"href":"https:\/\/akdenizolaygazetesi.com\/index.php?rest_route=%2Fwp%2Fv2%2Fcategories&post=21097"},{"taxonomy":"post_tag","embeddable":true,"href":"https:\/\/akdenizolaygazetesi.com\/index.php?rest_route=%2Fwp%2Fv2%2Ftags&post=21097"}],"curies":[{"name":"wp","href":"https:\/\/api.w.org\/{rel}","templated":true}]}}