{"id":21100,"date":"2022-09-21T12:42:22","date_gmt":"2022-09-21T09:42:22","guid":{"rendered":"http:\/\/akdenizolaygazetesi.com\/?p=21100"},"modified":"2022-09-21T12:45:28","modified_gmt":"2022-09-21T09:45:28","slug":"koy-senlikleri-bu-kez-gunyurdu-atgirmez-mahallesi-cocuklarina-ulasti","status":"publish","type":"post","link":"https:\/\/akdenizolaygazetesi.com\/?p=21100","title":{"rendered":"TAR\u0130H, DO\u011eA VE SPOR, K\u0130L\u0130KYA MARATONU&#8217;NDA B\u0130R ARAYA GEL\u0130YOR"},"content":{"rendered":"<p>Mersin B\u00fcy\u00fck\u015fehir Belediyesi, bu y\u0131l ilk kez ger\u00e7ekle\u015ftirilecek olan &#8216;Kilikya Ultra Maratonu&#8217;na haz\u0131r. B\u00fcy\u00fck\u015fehir Belediyesi Gen\u00e7lik ve Spor Hizmetleri Dairesi taraf\u0131ndan d\u00fczenlenen Kilikya Ultra Maratonu, 23-24-25 Eyl\u00fcl tarihlerinde ger\u00e7ekle\u015fecek.<br \/>\nTarih, do\u011fa ve sporun bir araya gelece\u011fi Kilikya Ultra Maratonu ile Mersin&#8217;in k\u00fclt\u00fcrel ve do\u011fal miras\u0131n\u0131 spor arac\u0131l\u0131\u011f\u0131yla tan\u0131tmak ama\u00e7lan\u0131rken; sakl\u0131 kalan tarihte t\u00fcm ko\u015fu severlerle birlikte, kentte prestijli bir yar\u0131\u015f imk\u00e2n\u0131 yakalamak hedefleniyor. Ba\u015fvuru tarihi 11 Eyl\u00fcl&#8217;de sona eren Kilikya Ultra Maratonu&#8217;na, toplam 500 sporcu kay\u0131t yapt\u0131rd\u0131.<br \/>\nMaraton 5 farkl\u0131 kategoride ger\u00e7ekle\u015ftirilecek<br \/>\nKilikya Ultra Maratonu; 7 kilometre Korykos Parkuru, 15 kilometre Elaiussa Sebaste Parkuru, 33 kilometre K\u0131zkalesi Parkuru, 33 kilometre K\u0131zkalesi Parkuru Tak\u0131m ve 54 kilometre Kilikya Ultra Maratonu olmak \u00fczere 5 farkl\u0131 kategoride ger\u00e7ekle\u015ftirilecek. Maratonda; k\u00fclt\u00fcr, do\u011fa ve spor turizminin birlikteli\u011fi ile sahilden tepelere kadar \u015fehrin tarihi dokular\u0131 tan\u0131t\u0131lacak.<br \/>\n&#8220;Bu organizasyonda tarih, do\u011fa, spor ve sanat\u0131 bulu\u015fturaca\u011f\u0131z&#8221;<br \/>\nGen\u00e7lik ve Spor Hizmetleri Daire Ba\u015fkan\u0131 Emrullah Ta\u015fk\u0131n, Kilikya Ultra Maratonu hakk\u0131nda bilgi verirken, &#8220;23-24 Eyl\u00fcl&#8217;de Kilikya Ultra Maratonu ile ilgili bir fuar\u0131m\u0131z var. 25&#8217;inde de Ultra Maraton yap\u0131lacak. Yar\u0131\u015fmalar, K\u0131zkalesi merkez a\u011f\u0131rl\u0131kl\u0131 olmak \u00fczere tarihi b\u00f6lgelerde yap\u0131lacak.  Sporcular 0 rak\u0131mdan 500 rak\u0131ma kadar \u00e7\u0131kabilecekler. Toplamda 500 sporcu kay\u0131t yapt\u0131rd\u0131. \u0130lk defa yap\u0131lan bir organizasyon. Mersin B\u00fcy\u00fck\u015fehir Belediyesi burada bir ilke imza at\u0131yor. Tarih, do\u011fa, spor ve sanat\u0131 da bulu\u015fturaca\u011f\u0131z bu organizasyonda. Hepsi bir arada, g\u00fczel bir organizasyon olmas\u0131n\u0131 bekliyoruz. Haz\u0131rl\u0131klar\u0131m\u0131z tamamland\u0131. \u00d6n\u00fcm\u00fczdeki y\u0131ldan itibaren de uluslararas\u0131 boyutta yapaca\u011f\u0131z bu organizasyonu. Bu y\u0131l ilk oldu\u011fu i\u00e7in uluslararas\u0131 yapamad\u0131k. Fakat kat\u0131l\u0131mc\u0131 yabanc\u0131 sporcular da var. \u015eimdiden bu kadar talep olaca\u011f\u0131n\u0131 beklemiyorduk. Seneye \u00e7ok daha g\u00f6rkemli olacak, ama bu y\u0131l da beklentimiz \u00e7ok y\u00fcksek&#8221; dedi.<br \/>\nMaratonun g\u00fczerg\u00e2h\u0131n\u0131 da payla\u015fan Ta\u015fk\u0131n, &#8220;B\u00fct\u00fcn yar\u0131\u015fmalar 25&#8217;inde yap\u0131l\u0131yor. 33 kilometre ve 54 kilometre, Lamos Kanyonu&#8217;ndan ba\u015flay\u0131p K\u0131zkalesi&#8217;nde bitecek. B\u00fct\u00fcn o b\u00f6lgedeki tarihi yerler ge\u00e7ilecek. Bu normal bir maraton de\u011fil, yani d\u00fcz yolda ko\u015fulan bir yar\u0131\u015f de\u011fil. Bazen bir dereden atlayacaklar, bazen y\u00fcksek bir tepeden ge\u00e7iliyor. Kayalar\u0131 t\u0131rman\u0131yorlar, yoku\u015f yukar\u0131 \u00e7\u0131k\u0131l\u0131yor. Daha sonra yap\u0131lacak olan 15 kilometre ve 7 kilometrelik yar\u0131\u015fmalar\u0131n da ba\u015flang\u0131c\u0131 K\u0131zkalesi ve b\u00fct\u00fcn yar\u0131\u015fmalar\u0131n biti\u015f yeri de yine K\u0131zkalesi olacak. 25 Eyl\u00fcl sabah 07.00&#8217;de 33 kilometre ve 54 kilometrenin startlar\u0131 verilecek&#8221; diye konu\u015ftu.<\/p>\n","protected":false},"excerpt":{"rendered":"<p>Mersin B\u00fcy\u00fck\u015fehir Belediyesi, bu y\u0131l ilk kez ger\u00e7ekle\u015ftirilecek olan &#8216;Kilikya Ultra Maratonu&#8217;na haz\u0131r. B\u00fcy\u00fck\u015fehir Belediyesi Gen\u00e7lik ve Spor Hizmetleri Dairesi taraf\u0131ndan d\u00fczenlenen Kilikya Ultra Maratonu, 23-24-25 Eyl\u00fcl tarihlerinde ger\u00e7ekle\u015fecek. Tarih, &hellip; <a href=\"https:\/\/akdenizolaygazetesi.com\/?p=21100\" class=\"more-link\">Devam\u0131n\u0131 Oku&#8230;<\/a><\/p>\n","protected":false},"author":2,"featured_media":21101,"comment_status":"open","ping_status":"open","sticky":false,"template":"","format":"standard","meta":[],"categories":[1,2,3,10],"tags":[],"_links":{"self":[{"href":"https:\/\/akdenizolaygazetesi.com\/index.php?rest_route=\/wp\/v2\/posts\/21100"}],"collection":[{"href":"https:\/\/akdenizolaygazetesi.com\/index.php?rest_route=\/wp\/v2\/posts"}],"about":[{"href":"https:\/\/akdenizolaygazetesi.com\/index.php?rest_route=\/wp\/v2\/types\/post"}],"author":[{"embeddable":true,"href":"https:\/\/akdenizolaygazetesi.com\/index.php?rest_route=\/wp\/v2\/users\/2"}],"replies":[{"embeddable":true,"href":"https:\/\/akdenizolaygazetesi.com\/index.php?rest_route=%2Fwp%2Fv2%2Fcomments&post=21100"}],"version-history":[{"count":2,"href":"https:\/\/akdenizolaygazetesi.com\/index.php?rest_route=\/wp\/v2\/posts\/21100\/revisions"}],"predecessor-version":[{"id":21104,"href":"https:\/\/akdenizolaygazetesi.com\/index.php?rest_route=\/wp\/v2\/posts\/21100\/revisions\/21104"}],"wp:featuredmedia":[{"embeddable":true,"href":"https:\/\/akdenizolaygazetesi.com\/index.php?rest_route=\/wp\/v2\/media\/21101"}],"wp:attachment":[{"href":"https:\/\/akdenizolaygazetesi.com\/index.php?rest_route=%2Fwp%2Fv2%2Fmedia&parent=21100"}],"wp:term":[{"taxonomy":"category","embeddable":true,"href":"https:\/\/akdenizolaygazetesi.com\/index.php?rest_route=%2Fwp%2Fv2%2Fcategories&post=21100"},{"taxonomy":"post_tag","embeddable":true,"href":"https:\/\/akdenizolaygazetesi.com\/index.php?rest_route=%2Fwp%2Fv2%2Ftags&post=21100"}],"curies":[{"name":"wp","href":"https:\/\/api.w.org\/{rel}","templated":true}]}}