{"id":21108,"date":"2022-09-21T12:49:23","date_gmt":"2022-09-21T09:49:23","guid":{"rendered":"http:\/\/akdenizolaygazetesi.com\/?p=21108"},"modified":"2022-09-21T12:49:23","modified_gmt":"2022-09-21T09:49:23","slug":"kadinlari-mikro-kredi-ile-bulusturan-baskan-gultak-odul-aldi","status":"publish","type":"post","link":"https:\/\/akdenizolaygazetesi.com\/?p=21108","title":{"rendered":"KADINLARI M\u0130KRO KRED\u0130 \u0130LE BULU\u015eTURAN BA\u015eKAN G\u00dcLTAK \u00d6D\u00dcL ALDI"},"content":{"rendered":"<p>Ba\u015fkan G\u00fcltak, y\u0131l\u0131n enlerinin bulu\u015ftu\u011fu \u201c3\u2019\u00fcnc\u00fc Alt\u0131n\u00e7a\u011f \u00d6d\u00fcl T\u00f6reninde\u201d, Akdenizli kad\u0131nlar\u0131 mikro kredi f\u0131rsat\u0131 ile bulu\u015fturmas\u0131 ve kad\u0131nlar yarar\u0131na hayata katt\u0131\u011f\u0131 projelerden dolay\u0131 \u00f6d\u00fcle lay\u0131k g\u00f6r\u00fcld\u00fc. <\/p>\n<p>Mersin\u2019in sanat, spor, siyaset, cemiyet ve i\u015f d\u00fcnyas\u0131ndan \u00f6ne \u00e7\u0131kan isimlerin \u00f6d\u00fcl ald\u0131\u011f\u0131, bu y\u0131l 3\u2019\u00fcnc\u00fcs\u00fc d\u00fczenlenen Alt\u0131n\u00e7a\u011f \u00d6d\u00fcl T\u00f6reni, Erdemli il\u00e7esinde ger\u00e7ekle\u015fti. \u00d6d\u00fcl t\u00f6reninde, Akdeniz Belediyesi\u2019nin T\u00fcrkiye \u0130sraf\u0131 \u00d6nleme Vakf\u0131 ile imzalad\u0131\u011f\u0131 protokolle mikro krediye ula\u015fan ve bu sayede yeni i\u015f kuran veya mevcut i\u015flerini b\u00fcy\u00fcten kad\u0131nlar da kat\u0131ld\u0131. Duygular\u0131n\u0131 payla\u015fan kad\u0131nlar, sa\u011flanan destek sayesinde gelece\u011fe \u00e7ok daha emin ad\u0131mlarla ilerlediklerini ifade ederek, Akdeniz Belediye Ba\u015fkan\u0131 Mustafa G\u00fcltak\u2019a te\u015fekk\u00fcr ettiler.<br \/>\n\u201cAkdenizli kad\u0131nlar, ileriye do\u011fru y\u00fcr\u00fcyor\u201d<\/p>\n<p>Ba\u015fkan G\u00fcltak da \u00f6d\u00fcl gecesinde yapt\u0131\u011f\u0131 konu\u015fmada, g\u00f6reve gelir gelmez ilk olarak kad\u0131n kooperatifi kurduklar\u0131n\u0131 belirtti, belediyeye ait kad\u0131n eme\u011fi diyar\u0131nda da \u00fcrettiklerini satmalar\u0131 i\u00e7in yer tahsis ettiklerini s\u00f6yledi. \u201cSanayi Bakanl\u0131\u011f\u0131ndan hibe al\u0131p burada profesyonel bir mutfak kurduk. Ayr\u0131ca bir\u00e7ok yeni proje haz\u0131rlad\u0131k. \u015eu an Akdenizli kad\u0131nlar daha da ileriye do\u011fru y\u00fcr\u00fcyor. <\/p>\n<p>\u00d6zellikle tar\u0131ma da el att\u0131k, moringa ve stevia (\u015feker otu) yeti\u015ftirdik. \u015eeker hastalar\u0131na da tavsiyem, ila\u00e7 yerine do\u011fal, organik bir bitki olan stevia otunu kullans\u0131nlar. \u015eu an T\u00fcrkiye genelinde bu \u00fcr\u00fcn isteniyor bizden. \u00c7\u00fcnk\u00fc kad\u0131nlar ilk mahsullerini ald\u0131lar. Moringa da mucize bir \u00e7ay\u2026 Onu da \u00fcrettik ve \u00e7ok iyi verim elde ettik. \u00dc\u00e7 ayda b\u00fcy\u00fcyor, ayr\u0131ca y\u0131lda 3 kez hasat edebiliyorsunuz. Bu da yetmez dedik\u2026 Melemez (\u0130hsaniye-Ba\u011fc\u0131lar) Mahallemize \u015fevketi bostan tohumlar\u0131 ektik\u201d diye konu\u015ftu.<\/p>\n<p>\u201cAkdeniz, hak etti\u011fi yere mutlaka gelecek\u201d<\/p>\n<p>S\u00f6zlerini; \u201cKad\u0131n kooperatifleri, tar\u0131msal \u00fcretim, mikro kredi deyince i\u015fler epey b\u00fcy\u00fcd\u00fc ve buralara kadar geldi\u201d diye s\u00fcrd\u00fcren Ba\u015fkan G\u00fcltak, kad\u0131nlara b\u00fcy\u00fck de\u011fer verdi\u011finin alt\u0131n\u0131 \u00e7izerek; \u201cBizim bir slogan\u0131m\u0131z var; Mutlu kad\u0131n mutlu aile, mutlu toplum, mutlu \u00fclke&#8230; E\u011fer toplumda kad\u0131n mutlu ise, \u00fclke de mutlu olur. Akdeniz il\u00e7emiz art\u0131k \u00e7ok de\u011fi\u015fti ve bu de\u011fi\u015fim devam edecek. Akdeniz hak etti\u011fi yere mutlaka gelecek. T\u00fcrkiye\u2019nin en \u00f6nemli limanlar\u0131ndan biri Akdeniz\u2019de, Serbest b\u00f6lge, organize sanayi\u2026 Bir\u00e7ok yat\u0131r\u0131m il\u00e7emizde. Akdeniz \u015fehrimizin kalbi, kentsel d\u00f6n\u00fc\u015f\u00fcmle de de\u011fi\u015fiyor ama kad\u0131n kahramanlarla Akdeniz, makus talihini art\u0131k k\u0131rd\u0131. Bu \u00f6d\u00fcl\u00fcn ger\u00e7ek sahibi olan Akdenizli kad\u0131nlara ve bu organizasyonda eme\u011fi ge\u00e7en eden b\u00fct\u00fcn payda\u015flara te\u015fekk\u00fcr ediyorum\u201d ifadelerini kulland\u0131.<\/p>\n<p>Akdenizli kad\u0131nlara 5 milyon 681 bin 500 TL mikro kredi sa\u011fland\u0131<br \/>\n\u00d6te yandan, Akdeniz Belediyesi\u2019nin 2019 y\u0131l\u0131 A\u011fustos ay\u0131nda T\u00fcrkiye \u0130sraf\u0131 \u00d6nleme Vakf\u0131 ile imzalad\u0131\u011f\u0131 protokol kapsam\u0131nda, Akdeniz il\u00e7esi s\u0131n\u0131rlar\u0131nda ya\u015fayan kad\u0131nlara 5 milyon 681 bin 500 TL tutar\u0131nda mikro kredi da\u011f\u0131t\u0131m\u0131 ger\u00e7ekle\u015fti. Yine Akdeniz il\u00e7esi \u00f6zelinde mikro kredi kullanan aktif kad\u0131n giri\u015fimci say\u0131s\u0131n\u0131n da bug\u00fcn itibariyle 299 oldu\u011fu belirtildi. Kendilerine sa\u011flanan kredi imk\u00e2n\u0131 sayesinde bir\u00e7ok kad\u0131n giri\u015fimci yeni bir i\u015f kurarken, bir k\u0131sm\u0131 da mevcut i\u015fini b\u00fcy\u00fctme \u015fans\u0131 elde etti. <\/p>\n","protected":false},"excerpt":{"rendered":"<p>Ba\u015fkan G\u00fcltak, y\u0131l\u0131n enlerinin bulu\u015ftu\u011fu \u201c3\u2019\u00fcnc\u00fc Alt\u0131n\u00e7a\u011f \u00d6d\u00fcl T\u00f6reninde\u201d, Akdenizli kad\u0131nlar\u0131 mikro kredi f\u0131rsat\u0131 ile bulu\u015fturmas\u0131 ve kad\u0131nlar yarar\u0131na hayata katt\u0131\u011f\u0131 projelerden dolay\u0131 \u00f6d\u00fcle lay\u0131k g\u00f6r\u00fcld\u00fc. Mersin\u2019in sanat, spor, siyaset, &hellip; <a href=\"https:\/\/akdenizolaygazetesi.com\/?p=21108\" class=\"more-link\">Devam\u0131n\u0131 Oku&#8230;<\/a><\/p>\n","protected":false},"author":2,"featured_media":21109,"comment_status":"open","ping_status":"open","sticky":false,"template":"","format":"standard","meta":[],"categories":[34,2,3,5],"tags":[],"_links":{"self":[{"href":"https:\/\/akdenizolaygazetesi.com\/index.php?rest_route=\/wp\/v2\/posts\/21108"}],"collection":[{"href":"https:\/\/akdenizolaygazetesi.com\/index.php?rest_route=\/wp\/v2\/posts"}],"about":[{"href":"https:\/\/akdenizolaygazetesi.com\/index.php?rest_route=\/wp\/v2\/types\/post"}],"author":[{"embeddable":true,"href":"https:\/\/akdenizolaygazetesi.com\/index.php?rest_route=\/wp\/v2\/users\/2"}],"replies":[{"embeddable":true,"href":"https:\/\/akdenizolaygazetesi.com\/index.php?rest_route=%2Fwp%2Fv2%2Fcomments&post=21108"}],"version-history":[{"count":1,"href":"https:\/\/akdenizolaygazetesi.com\/index.php?rest_route=\/wp\/v2\/posts\/21108\/revisions"}],"predecessor-version":[{"id":21110,"href":"https:\/\/akdenizolaygazetesi.com\/index.php?rest_route=\/wp\/v2\/posts\/21108\/revisions\/21110"}],"wp:featuredmedia":[{"embeddable":true,"href":"https:\/\/akdenizolaygazetesi.com\/index.php?rest_route=\/wp\/v2\/media\/21109"}],"wp:attachment":[{"href":"https:\/\/akdenizolaygazetesi.com\/index.php?rest_route=%2Fwp%2Fv2%2Fmedia&parent=21108"}],"wp:term":[{"taxonomy":"category","embeddable":true,"href":"https:\/\/akdenizolaygazetesi.com\/index.php?rest_route=%2Fwp%2Fv2%2Fcategories&post=21108"},{"taxonomy":"post_tag","embeddable":true,"href":"https:\/\/akdenizolaygazetesi.com\/index.php?rest_route=%2Fwp%2Fv2%2Ftags&post=21108"}],"curies":[{"name":"wp","href":"https:\/\/api.w.org\/{rel}","templated":true}]}}