{"id":21111,"date":"2022-09-21T12:51:01","date_gmt":"2022-09-21T09:51:01","guid":{"rendered":"http:\/\/akdenizolaygazetesi.com\/?p=21111"},"modified":"2022-09-21T12:51:01","modified_gmt":"2022-09-21T09:51:01","slug":"21111","status":"publish","type":"post","link":"https:\/\/akdenizolaygazetesi.com\/?p=21111","title":{"rendered":""},"content":{"rendered":"<p>Mersin B\u00fcy\u00fck\u015fehir Belediye Ba\u015fkan\u0131 Vahap Se\u00e7er, B\u00fcy\u00fck\u015fehir Belediyesi K\u00fclt\u00fcr ve Sosyal \u0130\u015fler Dairesi Ba\u015fkanl\u0131\u011f\u0131 taraf\u0131ndan ger\u00e7ekle\u015ftirilen, &#8216;Kaligrafinin Resme D\u00f6n\u00fc\u015f Senfonisi Etem \u00c7al\u0131\u015fkan Sergisi&#8217;nin a\u00e7\u0131l\u0131\u015f\u0131na kat\u0131ld\u0131.<br \/>\nSe\u00e7er: &#8220;Topraklar\u0131m\u0131zdan b\u00f6yle de\u011ferlerin \u00e7\u0131kmas\u0131, bizim gurur vesilemiz&#8221;<br \/>\nMersin K\u00fclt\u00fcr Merkezi K\u00fclt\u00fcr ve Turizm Bakanl\u0131\u011f\u0131 G\u00fczel Sanatlar Galerisi&#8217;nde ger\u00e7ekle\u015fen sergi a\u00e7\u0131l\u0131\u015f\u0131ndaki konu\u015fmas\u0131nda Ba\u015fkan Se\u00e7er, &#8220;B\u00f6yle bir \u00fcstad\u0131n ard\u0131ndan konu\u015fmak kolay de\u011fil. Onlar\u0131n seviyesine eri\u015fmemiz, onlar gibi d\u00fc\u015f\u00fcnmemiz, onlar gibi ya\u015famam\u0131z \u00e7ok m\u00fcmk\u00fcn olmasa gerek. Ben onun i\u00e7in sanata, sanat\u00e7\u0131ya ger\u00e7ekten samimi olarak, y\u00fcrekten de\u011fer veriyorum. \u00c7al\u0131\u015fmalar\u0131mda, uygulamalar\u0131mda da s\u00f6yl\u00fcyorum; sanat\u00e7\u0131lar\u0131 \u00e7ok takdir ediyorum&#8221; dedi.<br \/>\nBa\u015fkan Se\u00e7er, Etem \u00c7al\u0131\u015fkan&#8217;\u0131n hat sanat\u0131n\u0131n gelmi\u015f ge\u00e7mi\u015f en de\u011ferli \u00fcstad\u0131 oldu\u011fundan s\u00f6z ederek, &#8220;Etem abi bizim onurumuz, gururumuz, hem\u015fehrimiz. Topraklar\u0131m\u0131zdan b\u00f6yle de\u011ferlerimizin \u00e7\u0131kmas\u0131, bizim i\u00e7in gurur vesilesi. Biz kendisini say\u0131yoruz, seviyoruz. \u00c7\u00fcnk\u00fc kendisi bir tarih. Kendisi s\u00f6yledi; sanat\u00e7\u0131, asl\u0131nda insan, yani kamil insan. O, \u00e7eki\u00e7le \u00f6rs aras\u0131nda d\u00f6v\u00fclen demirden ortaya \u00e7\u0131kan kamil insan. Onun i\u00e7in b\u00f6yle insanlar kolay yeti\u015fmiyor. On y\u0131llar\u0131n\u0131z\u0131, y\u00fcz y\u0131llar\u0131n\u0131z\u0131 veriyorsunuz&#8221; ifadelerini kulland\u0131.<br \/>\nEtem \u00c7al\u0131\u015fkan hakk\u0131nda bilgileri de k\u0131saca payla\u015fan Ba\u015fkan Se\u00e7er, &#8220;Kendisinin ki\u015fili\u011fi, feraseti, ahlak\u0131, eti\u011fi, d\u00fcnyaya nas\u0131l bakt\u0131\u011f\u0131n\u0131, az \u00e7ok bu ileti\u015fim s\u00fcrecinde \u00f6\u011frendim. Bir anlamda diyor ki; &#8216;\u00e7al\u0131\u015fmaktan para kazanmaya vakit bulamad\u0131m.&#8217; Yani ben sanat\u0131m\u0131 yapt\u0131m diyor. Para kazanmak ba\u015fka bir \u015fey. Para kazanmak i\u00e7in, hele hele g\u00fcn\u00fcm\u00fcz T\u00fcrkiye&#8217;sinde, d\u00fcnyas\u0131nda, \u00e7ok daha farkl\u0131 y\u00f6nlere kayman\u0131z laz\u0131m. Maalesef b\u00f6yle bir d\u00f6nemden de ge\u00e7iyoruz. Onun i\u00e7in her haliyle takdire \u015fayan bir insan&#8221; dedi.<br \/>\n&#8220;Mersin&#8217;e de\u011fer katanlar\u0131 \u00f6ne \u00e7\u0131kartmak i\u00e7in \u00e7aba harc\u0131yoruz&#8221;&#8221;<br \/>\n\u00c7al\u0131\u015fkan gibi de\u011ferlerin \u00f6ne \u00e7\u0131kmas\u0131 i\u00e7in \u00e7aba sarf ettiklerini de ekleyen Ba\u015fkan Se\u00e7er, &#8220;Bug\u00fcn kendisi i\u00e7in yapt\u0131\u011f\u0131m\u0131z, ger\u00e7ekten olmas\u0131 gerekendir. Say\u0131n \u00c7al\u0131\u015fkan gibi Mersin&#8217;in de\u011ferlerini, \u00f6ne \u00e7\u0131kartmak i\u00e7in gayret sarf ediyoruz. Bizim gayemiz de asl\u0131nda; hizmet etti\u011fimiz vatanda\u015flar\u0131, insanlar\u0131 mutlu etmek. Ge\u00e7ti\u011fimiz y\u0131llar i\u00e7erisinde biz bu \u00e7al\u0131\u015fmalar\u0131 ba\u015flatt\u0131k. Mersin&#8217;e de\u011fer katan isimleri anma ad\u0131na baz\u0131 etkinlikler yap\u0131yoruz. Bir tanesi \u015einasi Develi Kent \u00d6d\u00fcl\u00fc. Yak\u0131n tarihte topra\u011fa verdi\u011fimiz \u00e7ok de\u011ferli bir insan, ger\u00e7ekten bir melek Lina Nasif&#8217;i anmak i\u00e7in Dinler Bulu\u015fmas\u0131 tertip ettik. Yine \u00f6yk\u00fc yar\u0131\u015fmalar\u0131 ya da \u00f6yk\u00fc \u00f6d\u00fclleriyle \u0130lyas Halil&#8217;i an\u0131yoruz. Foto\u011fraf sanat\u0131n\u0131 g\u00fcndeme getirmek i\u00e7in \u0130lyas Y\u0131lg\u00f6r&#8217;\u00fc an\u0131yoruz&#8221; diye konu\u015ftu.<br \/>\nEtem \u00c7al\u0131\u015fkan ile bir arada olmaktan dolay\u0131 duydu\u011fu mutlulu\u011fu da ifade eden Ba\u015fkan Se\u00e7er, &#8220;Bug\u00fcn burada olmak g\u00fczel. Etem \u00c7al\u0131\u015fkan ile olmak bin g\u00fczel. \u00c7ok g\u00fczel \u00e7al\u0131\u015fmalar\u0131n\u0131 hep beraber izleyece\u011fiz. Biliyorsunuz Ta\u015f Bina&#8217;y\u0131 \u00e7ok k\u0131sa s\u00fcre i\u00e7erisinde bo\u015faltacak, restorasyonunu ba\u015flatacak ve g\u00fczel bir \u015eehir M\u00fczesi haline getirece\u011fiz. Oraya de\u011fi\u015fik fonksiyonlar y\u00fckleyece\u011fiz. O fonksiyonlar i\u00e7erisinde Etem \u00c7al\u0131\u015fkan&#8217;\u0131n da tablolar\u0131na yer vermek istiyoruz. \u0130\u015fte buradan edinece\u011fimiz tablolar\u0131, belki bundan 50 y\u0131l sonraki ku\u015faklar da gelip g\u00f6recek, bizleri ve Etem abiyi anacak. Bunlar \u00e7ok g\u00fczel \u015feyler. \u0130n\u015fallah sanata, sanat\u00e7\u0131ya ve k\u00fclt\u00fcre y\u00f6nelik \u00e7ok daha g\u00fczel katk\u0131lar\u0131m\u0131z olacak&#8221; dedi.<br \/>\n\u00c7al\u0131\u015fkan: &#8220;Mersin&#8217;de ba\u015flad\u0131m, Mersin&#8217;de noktalad\u0131m&#8221;<br \/>\nHat ve kaligrafi ustas\u0131 Etem \u00c7al\u0131\u015fkan, i\u00e7inde bulunduklar\u0131 K\u00fclt\u00fcr Merkezi binas\u0131n\u0131n kendisi i\u00e7in \u00f6neminden s\u00f6z ederek konu\u015fmas\u0131na ba\u015flad\u0131 ve hem okul hem de sanat hayat\u0131na ili\u015fkin an\u0131lar\u0131n\u0131 payla\u015ft\u0131. &#8220;Bu i\u00e7inde bulundu\u011fumuz binada k\u00fclt\u00fcr\u00fc, sanat\u0131 \u00f6\u011frendim&#8221; diye konu\u015fmas\u0131na devam eden \u00c7al\u0131\u015fkan, &#8220;Sanata, \u015fu i\u00e7inde bulundu\u011fumuz mekanda ba\u015flad\u0131k ve bug\u00fcn 95 ya\u015f\u0131na geldik. Say\u0131n B\u00fcy\u00fck\u015fehir Belediye Ba\u015fkan\u0131m\u0131z\u0131n g\u00f6sterdi\u011fi s\u0131cak ilgi ve destek beni tekrar buraya getirdi. Daha do\u011frusu ben \u00e7ok istedim buraya gelmeyi. Sanat\u0131n \u00e7ilesi vard\u0131r, k\u00fclt\u00fcr\u00fcn \u00e7ilesi vard\u0131r. Her sanat\u00e7\u0131, her k\u00fclt\u00fcr adam\u0131 \u00e7ile \u00e7eker. \u00c7ekmi\u015ftir de&#8221; dedi.<br \/>\nBa\u015fkan Vahap Se\u00e7er ve ekibine tek tek te\u015fekk\u00fcrlerini ileten \u00c7al\u0131\u015fkan, Selahattin Yal\u00e7\u0131n&#8217;\u0131n kendisi hakk\u0131nda haz\u0131rlad\u0131\u011f\u0131 kitab\u0131n\u0131n da B\u00fcy\u00fck\u015fehir Belediyesi taraf\u0131ndan bask\u0131s\u0131n\u0131n yap\u0131ld\u0131\u011f\u0131n\u0131 s\u00f6yledi. \u00c7al\u0131\u015fkan son olarak, &#8220;Yani s\u00f6ylemek istedi\u011fim \u015fu; Say\u0131n B\u00fcy\u00fck\u015fehir Belediye Ba\u015fkan\u0131m\u0131z Vahap Se\u00e7er, sevgili Ba\u015fkan size y\u00fcrekten te\u015fekk\u00fcr ediyorum. K\u00fclt\u00fcre ve sanata daima sahip \u00e7\u0131kaca\u011f\u0131n\u0131za inan\u0131yorum. Bana de\u011fil, k\u00fclt\u00fcre ve sanata. Ben gelip ge\u00e7ece\u011fim, ama \u00e7al\u0131\u015fmalar\u0131m gelecek nesillere kalacak. Say\u0131n y\u00f6neticilerin destekleri bize g\u00fc\u00e7 verir. Onun i\u00e7in size y\u00fcrekten te\u015fekk\u00fcr ediyorum. Hepinize sevgilerimi, sayg\u0131lar\u0131m\u0131 sunuyor ve tekrar bulu\u015fmak umuduyla diyorum. Ama bir tablomda da parma\u011f\u0131mla yazd\u0131m yaz\u0131y\u0131. Son Nokta diye. 95 Son Nokta diye. Mersin&#8217;de ba\u015flad\u0131m, Mersin&#8217;de noktalad\u0131m. Te\u015fekk\u00fcr ediyorum&#8221; dedi.  <\/p>\n","protected":false},"excerpt":{"rendered":"<p>Mersin B\u00fcy\u00fck\u015fehir Belediye Ba\u015fkan\u0131 Vahap Se\u00e7er, B\u00fcy\u00fck\u015fehir Belediyesi K\u00fclt\u00fcr ve Sosyal \u0130\u015fler Dairesi Ba\u015fkanl\u0131\u011f\u0131 taraf\u0131ndan ger\u00e7ekle\u015ftirilen, &#8216;Kaligrafinin Resme D\u00f6n\u00fc\u015f Senfonisi Etem \u00c7al\u0131\u015fkan Sergisi&#8217;nin a\u00e7\u0131l\u0131\u015f\u0131na kat\u0131ld\u0131. Se\u00e7er: &#8220;Topraklar\u0131m\u0131zdan b\u00f6yle de\u011ferlerin \u00e7\u0131kmas\u0131, &hellip; <a href=\"https:\/\/akdenizolaygazetesi.com\/?p=21111\" class=\"more-link\">Devam\u0131n\u0131 Oku&#8230;<\/a><\/p>\n","protected":false},"author":2,"featured_media":21112,"comment_status":"open","ping_status":"open","sticky":false,"template":"","format":"standard","meta":[],"categories":[1,3,5],"tags":[],"_links":{"self":[{"href":"https:\/\/akdenizolaygazetesi.com\/index.php?rest_route=\/wp\/v2\/posts\/21111"}],"collection":[{"href":"https:\/\/akdenizolaygazetesi.com\/index.php?rest_route=\/wp\/v2\/posts"}],"about":[{"href":"https:\/\/akdenizolaygazetesi.com\/index.php?rest_route=\/wp\/v2\/types\/post"}],"author":[{"embeddable":true,"href":"https:\/\/akdenizolaygazetesi.com\/index.php?rest_route=\/wp\/v2\/users\/2"}],"replies":[{"embeddable":true,"href":"https:\/\/akdenizolaygazetesi.com\/index.php?rest_route=%2Fwp%2Fv2%2Fcomments&post=21111"}],"version-history":[{"count":1,"href":"https:\/\/akdenizolaygazetesi.com\/index.php?rest_route=\/wp\/v2\/posts\/21111\/revisions"}],"predecessor-version":[{"id":21113,"href":"https:\/\/akdenizolaygazetesi.com\/index.php?rest_route=\/wp\/v2\/posts\/21111\/revisions\/21113"}],"wp:featuredmedia":[{"embeddable":true,"href":"https:\/\/akdenizolaygazetesi.com\/index.php?rest_route=\/wp\/v2\/media\/21112"}],"wp:attachment":[{"href":"https:\/\/akdenizolaygazetesi.com\/index.php?rest_route=%2Fwp%2Fv2%2Fmedia&parent=21111"}],"wp:term":[{"taxonomy":"category","embeddable":true,"href":"https:\/\/akdenizolaygazetesi.com\/index.php?rest_route=%2Fwp%2Fv2%2Fcategories&post=21111"},{"taxonomy":"post_tag","embeddable":true,"href":"https:\/\/akdenizolaygazetesi.com\/index.php?rest_route=%2Fwp%2Fv2%2Ftags&post=21111"}],"curies":[{"name":"wp","href":"https:\/\/api.w.org\/{rel}","templated":true}]}}