{"id":21123,"date":"2022-09-22T13:02:46","date_gmt":"2022-09-22T10:02:46","guid":{"rendered":"http:\/\/akdenizolaygazetesi.com\/?p=21123"},"modified":"2022-09-22T13:02:46","modified_gmt":"2022-09-22T10:02:46","slug":"akkuyu-ngs-2nci-guc-unitesinin-reaktor-basinc-kabi-kuruldu","status":"publish","type":"post","link":"https:\/\/akdenizolaygazetesi.com\/?p=21123","title":{"rendered":"AKKUYU NGS 2\u2019NC\u0130 G\u00dc\u00c7 \u00dcN\u0130TES\u0130N\u0130N REAKT\u00d6R BASIN\u00c7 KABI KURULDU"},"content":{"rendered":"<p>22 Eyl\u00fcl 2022, B\u00fcy\u00fck\u00e7eli, Mersin, T\u00fcrkiye. \u2013 Akkuyu N\u00fckleer G\u00fc\u00e7 Santrali&#8217;nde (NGS), ana a\u015famalardan biri olan 2\u2019nci g\u00fc\u00e7 \u00fcnitesinin reakt\u00f6r bas\u0131n\u00e7 kab\u0131 kurulumu tamamland\u0131.<br \/>\nAral\u0131k 2021 sonunda deniz yoluyla Akkuyu NGS in\u015faat sahas\u0131na teslim edilen reakt\u00f6r bas\u0131n\u00e7 kab\u0131, kurulumdan \u00f6nce baz\u0131 denetimlerden ge\u00e7irildi\u011fi ge\u00e7ici ekipman depolama alan\u0131ndan kurulum sahas\u0131na ta\u015f\u0131nd\u0131. Reakt\u00f6r kab\u0131, Liebherr LR 13000 paletli vin\u00e7 kullan\u0131larak reakt\u00f6r \u015faft\u0131ndaki yerine monte edildi. Kurulum i\u015flemleri, yakla\u015f\u0131k 6 saat s\u00fcrd\u00fc.<br \/>\nAkkuyu N\u00fckleer A.\u015e. Genel M\u00fcd\u00fcr Birinci Yard\u0131mc\u0131s\u0131 ve NGS Yap\u0131 \u0130\u015fleri Direkt\u00f6r\u00fc Sergey Butckikh, konuyla ilgili yapt\u0131\u011f\u0131 a\u00e7\u0131klamada \u015funlar\u0131 s\u00f6yledi: \u201c2\u2019nci \u00fcnitenin reakt\u00f6r kab\u0131n\u0131n montaj\u0131 sahada y\u0131l\u0131n en \u00f6nemli olaylar\u0131ndan birini te\u015fkil ediyor. Montaj ekibinin ve kald\u0131rma ekipman\u0131 operat\u00f6rlerinin kusursuz \u00e7al\u0131\u015fmas\u0131na dikkati \u00e7ekmek isterim. Kab\u0131n montaj\u0131 adeta bir cerrah hassasiyeti gerektirir. \u00c7\u00fcnk\u00fc izin verilen azami yatay sapma milimetrenin onda birini ge\u00e7emez. 2\u2019nci \u00fcnitenin reakt\u00f6r bas\u0131n\u00e7 kab\u0131n\u0131n montaj\u0131n\u0131n ba\u015far\u0131yla tamamlanmas\u0131 dolay\u0131s\u0131yla t\u00fcm montaj ekibini, vin\u00e7 operat\u00f6rlerini ve di\u011fer uzmanlar\u0131 kutluyorum.\u201d.<br \/>\n2\u2019nci \u00fcnite reakt\u00f6r binas\u0131n\u0131n in\u015faat\u0131n\u0131n \u00f6nceki a\u015famalar\u0131nda kor tutucu kurulmu\u015f, destek ve itme kiri\u015fleri betonlanm\u0131\u015f ve reakt\u00f6r bas\u0131n\u00e7 kab\u0131n\u0131n silindirik k\u0131sm\u0131n\u0131n kuru muhafazas\u0131 ve \u0131s\u0131 yal\u0131t\u0131m\u0131 yap\u0131lm\u0131\u015ft\u0131. Reakt\u00f6r bas\u0131n\u00e7 kab\u0131n\u0131n montaj\u0131ndan hemen \u00f6nce ise, kab\u0131n ana a\u011f\u0131rl\u0131k y\u00fck\u00fcn\u00fc ta\u015f\u0131yan destek halkas\u0131n\u0131n montaj\u0131 ger\u00e7ekle\u015ftirilmi\u015fti.<br \/>\nReakt\u00f6r bas\u0131n\u00e7 kab\u0131n\u0131n montaj\u0131na ili\u015fkin denetimler, reakt\u00f6r bas\u0131n\u00e7 kab\u0131 \u00fcretici firmas\u0131 uzmanlar\u0131n\u0131n yan\u0131 s\u0131ra, ba\u011f\u0131ms\u0131z bir denetim kurulu\u015fu ve T\u00fcrkiye N\u00fckleer D\u00fczenleme Kurumu (NDK) uzmanlar\u0131ndan olu\u015fan bir komisyon taraf\u0131ndan yap\u0131ld\u0131.<\/p>\n<p>N\u00fckleer g\u00fc\u00e7 santralinin en \u00f6nemli ekipman\u0131 olan reakt\u00f6r bas\u0131n\u00e7 kab\u0131, santralin i\u015fletme a\u015famas\u0131nda gerekli olan \u00e7ekirde\u011fi de i\u00e7inde bar\u0131nd\u0131r\u0131yor. N\u00fckleer tepkime ve \u0131s\u0131 enerjisinin so\u011futucuya iletilmesi i\u00e7in \u00e7ekirde\u011fin i\u00e7ine n\u00fckleer yak\u0131t ve yap\u0131sal elemanlar konuluyor. 343,2 ton a\u011f\u0131rl\u0131\u011f\u0131nda, dikey silindirik bir kap olan reakt\u00f6r bas\u0131n\u00e7 kab\u0131n\u0131n y\u00fcksekli\u011fi 11,45 metreyi, \u00e7ap\u0131 ise 5,6 metreyi buluyor.<br \/>\nAkkuyu NGS&#8217;nin 2\u2019nci \u00fcnitesi i\u00e7in reakt\u00f6r bas\u0131n\u00e7 kab\u0131n\u0131n \u00fcretimine Mart 2019&#8217;da ba\u015flanm\u0131\u015ft\u0131. \u00dcretim s\u00fcrecinde, hidro-testlerin yan\u0131 s\u0131ra, kap i\u00e7i cihazlarla kontrol ekipman\u0131 da dahil olmak \u00fczere pek \u00e7ok test ger\u00e7ekle\u015ftirildi. Testler sonucunda, \u00f6zel bir komisyon t\u00fcm tasar\u0131m parametrelerine uygunlu\u011fu ve \u00fcr\u00fcn\u00fcn y\u00fcksek kalitesini teyit etmi\u015fti. <\/p>\n","protected":false},"excerpt":{"rendered":"<p>22 Eyl\u00fcl 2022, B\u00fcy\u00fck\u00e7eli, Mersin, T\u00fcrkiye. \u2013 Akkuyu N\u00fckleer G\u00fc\u00e7 Santrali&#8217;nde (NGS), ana a\u015famalardan biri olan 2\u2019nci g\u00fc\u00e7 \u00fcnitesinin reakt\u00f6r bas\u0131n\u00e7 kab\u0131 kurulumu tamamland\u0131. Aral\u0131k 2021 sonunda deniz yoluyla Akkuyu &hellip; <a href=\"https:\/\/akdenizolaygazetesi.com\/?p=21123\" class=\"more-link\">Devam\u0131n\u0131 Oku&#8230;<\/a><\/p>\n","protected":false},"author":2,"featured_media":21124,"comment_status":"open","ping_status":"open","sticky":false,"template":"","format":"standard","meta":[],"categories":[3,11],"tags":[],"_links":{"self":[{"href":"https:\/\/akdenizolaygazetesi.com\/index.php?rest_route=\/wp\/v2\/posts\/21123"}],"collection":[{"href":"https:\/\/akdenizolaygazetesi.com\/index.php?rest_route=\/wp\/v2\/posts"}],"about":[{"href":"https:\/\/akdenizolaygazetesi.com\/index.php?rest_route=\/wp\/v2\/types\/post"}],"author":[{"embeddable":true,"href":"https:\/\/akdenizolaygazetesi.com\/index.php?rest_route=\/wp\/v2\/users\/2"}],"replies":[{"embeddable":true,"href":"https:\/\/akdenizolaygazetesi.com\/index.php?rest_route=%2Fwp%2Fv2%2Fcomments&post=21123"}],"version-history":[{"count":1,"href":"https:\/\/akdenizolaygazetesi.com\/index.php?rest_route=\/wp\/v2\/posts\/21123\/revisions"}],"predecessor-version":[{"id":21125,"href":"https:\/\/akdenizolaygazetesi.com\/index.php?rest_route=\/wp\/v2\/posts\/21123\/revisions\/21125"}],"wp:featuredmedia":[{"embeddable":true,"href":"https:\/\/akdenizolaygazetesi.com\/index.php?rest_route=\/wp\/v2\/media\/21124"}],"wp:attachment":[{"href":"https:\/\/akdenizolaygazetesi.com\/index.php?rest_route=%2Fwp%2Fv2%2Fmedia&parent=21123"}],"wp:term":[{"taxonomy":"category","embeddable":true,"href":"https:\/\/akdenizolaygazetesi.com\/index.php?rest_route=%2Fwp%2Fv2%2Fcategories&post=21123"},{"taxonomy":"post_tag","embeddable":true,"href":"https:\/\/akdenizolaygazetesi.com\/index.php?rest_route=%2Fwp%2Fv2%2Ftags&post=21123"}],"curies":[{"name":"wp","href":"https:\/\/api.w.org\/{rel}","templated":true}]}}