{"id":21126,"date":"2022-09-22T13:04:32","date_gmt":"2022-09-22T10:04:32","guid":{"rendered":"http:\/\/akdenizolaygazetesi.com\/?p=21126"},"modified":"2022-09-22T13:04:32","modified_gmt":"2022-09-22T10:04:32","slug":"usta-sanatci-caliskan-son-noktayi-baskan-secere-armagan-etti","status":"publish","type":"post","link":"https:\/\/akdenizolaygazetesi.com\/?p=21126","title":{"rendered":"USTA SANAT\u00c7I \u00c7ALI\u015eKAN, &#8216;SON NOKTA&#8217;YI BA\u015eKAN SE\u00c7ER&#8217;E ARMA\u011eAN ETT\u0130"},"content":{"rendered":"<p>\u00d6mr\u00fcn\u00fc sanata adam\u0131\u015f Mersinli hat ve kaligrafi ustas\u0131 Etem \u00c7al\u0131\u015fkan, Ba\u015fkan Se\u00e7er&#8217;e nezaket ziyaretinde bulundu. Ba\u015fkan Se\u00e7er, usta sanat\u00e7\u0131n\u0131n ziyaretinden memnuniyet duydu\u011funu ifade ederek, &#8220;\u00d6\u011frencilerin okullardan gelip sergiyi gezmelerini istiyorum. \u00c7ocuklar\u0131m\u0131z gelsin bu k\u00fclt\u00fcr\u00fc, sanat\u0131, sanat\u00e7\u0131y\u0131 g\u00f6rs\u00fcn. Bug\u00fcn \u00e7ok de\u011ferli bir sergi bu. \u00dcstad\u0131n sergisi&#8221; diye konu\u015ftu. \u00c7al\u0131\u015fkan, &#8216;Son Nokta&#8217; eserini Ba\u015fkan Se\u00e7er&#8217;e hediye etti.<br \/>\nSe\u00e7er: &#8220;O g\u00fczel eseri evde odama asaca\u011f\u0131m, hi\u00e7 unutmayaca\u011f\u0131m&#8221;<br \/>\nBa\u015fkan Se\u00e7er, &#8220;Son Nokta&#8221; eserini kendisine arma\u011fan eden \u00c7al\u0131\u015fkan&#8217;a te\u015fekk\u00fcr ederek, &#8220;Ben o de bu g\u00fczel eseri evde odama asaca\u011f\u0131m. Hi\u00e7 unutmayaca\u011f\u0131m. Hep sizi anaca\u011f\u0131m&#8221; dedi. Ba\u015fkan Se\u00e7er, ayr\u0131ca \u00f6\u011frencilerin usta sanat\u00e7\u0131 \u00c7al\u0131\u015fkan&#8217;\u0131n sergisini gezmeleri i\u00e7in bir \u00e7al\u0131\u015fma ba\u015flatacaklar\u0131n\u0131 da belirterek, &#8220;\u00d6\u011frencilerin okullardan gelip sergiyi gezmelerini istiyorum. \u00c7ocuklar\u0131m\u0131z gelsin bu k\u00fclt\u00fcr\u00fc, sanat\u0131, sanat\u00e7\u0131y\u0131 g\u00f6rs\u00fcn. \u00dcstad\u0131n sergisini anlataca\u011f\u0131z&#8221; dedi.<br \/>\n\u00d6nceki g\u00fcn gezdi\u011fi sergiye de dikkat \u00e7eken Ba\u015fkan Se\u00e7er, sergide \u00e7ok g\u00fczel eserlerin yer ald\u0131\u011f\u0131n\u0131 s\u00f6yledi. Ba\u015fkan Se\u00e7er, &#8220;Milli E\u011fitim&#8217;le \u00f6zellikle s\u00fcratle temasa ge\u00e7elim. Mutlaka oraya resim \u00f6\u011fretmenlerinin e\u015fli\u011finde, \u00f6\u011frencileri okullardan getirmelerini istiyorum. Sergiyi gezsinler. \u00c7ok g\u00fczel bir organizasyon yapal\u0131m. Her g\u00fcn \u00e7ocuklar\u0131m\u0131z gelsin, orada bir \u015feyler de ikram edelim. \u00c7ocuklar\u0131m\u0131z gelsin bu k\u00fclt\u00fcr\u00fc, sanat\u0131, sanat\u00e7\u0131y\u0131 g\u00f6rs\u00fcn. Bug\u00fcn \u00e7ok de\u011ferli bir sergi bu. \u00dcstad\u0131n sergisi. Bunu anlataca\u011f\u0131z \u00e7ocuklara. 10 g\u00fcn\u00fcn dolu dolu olmas\u0131n\u0131 istiyorum&#8221; ifadelerini kulland\u0131.<br \/>\n\u00c7al\u0131\u015fkan: &#8220;K\u00fclt\u00fcr ve sanat\u0131n size \u00e7ok ihtiyac\u0131 var&#8221;<br \/>\nEtem \u00c7al\u0131\u015fkan da, &#8220;K\u00fclt\u00fcr ve sanat\u0131n size \u00e7ok ihtiyac\u0131 var. Belediye ba\u015fkanlar\u0131na ihtiyac\u0131 var. Siz onun belki fazlas\u0131n\u0131 da yap\u0131yorsunuz. &#8216;Son Nokta&#8217;y\u0131 l\u00fctfen kabul buyurursan\u0131z, bendenizin size na\u00e7iz bir arma\u011fan\u0131d\u0131r. Ben onu o duygularla yapt\u0131m zaten. Buraya gelirken yapt\u0131m. D\u00fcn\u00fcn tarihini de koydum ve &#8216;Ben&#8217; dedim, &#8216;G\u00f6t\u00fcrece\u011fim bunu Ba\u015fkan&#8217;a arma\u011fan edece\u011fim&#8221; dedi.<\/p>\n","protected":false},"excerpt":{"rendered":"<p>\u00d6mr\u00fcn\u00fc sanata adam\u0131\u015f Mersinli hat ve kaligrafi ustas\u0131 Etem \u00c7al\u0131\u015fkan, Ba\u015fkan Se\u00e7er&#8217;e nezaket ziyaretinde bulundu. Ba\u015fkan Se\u00e7er, usta sanat\u00e7\u0131n\u0131n ziyaretinden memnuniyet duydu\u011funu ifade ederek, &#8220;\u00d6\u011frencilerin okullardan gelip sergiyi gezmelerini istiyorum. &hellip; <a href=\"https:\/\/akdenizolaygazetesi.com\/?p=21126\" class=\"more-link\">Devam\u0131n\u0131 Oku&#8230;<\/a><\/p>\n","protected":false},"author":2,"featured_media":21127,"comment_status":"open","ping_status":"open","sticky":false,"template":"","format":"standard","meta":[],"categories":[2,3,5],"tags":[],"_links":{"self":[{"href":"https:\/\/akdenizolaygazetesi.com\/index.php?rest_route=\/wp\/v2\/posts\/21126"}],"collection":[{"href":"https:\/\/akdenizolaygazetesi.com\/index.php?rest_route=\/wp\/v2\/posts"}],"about":[{"href":"https:\/\/akdenizolaygazetesi.com\/index.php?rest_route=\/wp\/v2\/types\/post"}],"author":[{"embeddable":true,"href":"https:\/\/akdenizolaygazetesi.com\/index.php?rest_route=\/wp\/v2\/users\/2"}],"replies":[{"embeddable":true,"href":"https:\/\/akdenizolaygazetesi.com\/index.php?rest_route=%2Fwp%2Fv2%2Fcomments&post=21126"}],"version-history":[{"count":1,"href":"https:\/\/akdenizolaygazetesi.com\/index.php?rest_route=\/wp\/v2\/posts\/21126\/revisions"}],"predecessor-version":[{"id":21128,"href":"https:\/\/akdenizolaygazetesi.com\/index.php?rest_route=\/wp\/v2\/posts\/21126\/revisions\/21128"}],"wp:featuredmedia":[{"embeddable":true,"href":"https:\/\/akdenizolaygazetesi.com\/index.php?rest_route=\/wp\/v2\/media\/21127"}],"wp:attachment":[{"href":"https:\/\/akdenizolaygazetesi.com\/index.php?rest_route=%2Fwp%2Fv2%2Fmedia&parent=21126"}],"wp:term":[{"taxonomy":"category","embeddable":true,"href":"https:\/\/akdenizolaygazetesi.com\/index.php?rest_route=%2Fwp%2Fv2%2Fcategories&post=21126"},{"taxonomy":"post_tag","embeddable":true,"href":"https:\/\/akdenizolaygazetesi.com\/index.php?rest_route=%2Fwp%2Fv2%2Ftags&post=21126"}],"curies":[{"name":"wp","href":"https:\/\/api.w.org\/{rel}","templated":true}]}}