{"id":21129,"date":"2022-09-22T13:05:54","date_gmt":"2022-09-22T10:05:54","guid":{"rendered":"http:\/\/akdenizolaygazetesi.com\/?p=21129"},"modified":"2022-09-22T13:05:54","modified_gmt":"2022-09-22T10:05:54","slug":"tren-gari-hastane-caddesi-kavsagi-arasi-yol-trafige-kapaniyor","status":"publish","type":"post","link":"https:\/\/akdenizolaygazetesi.com\/?p=21129","title":{"rendered":"TREN GARI-HASTANE CADDES\u0130 KAV\u015eA\u011eI ARASI YOL TRAF\u0130\u011eE KAPANIYOR"},"content":{"rendered":"<p>Mersin B\u00fcy\u00fck\u015fehir Belediyesi, kentin en eski ticaret merkezi olarak bilinen \u0130stiklal Caddesi&#8217;ni yeniliyor. 26 Eyl\u00fcl 2022 tarihinde ba\u015flayacak olan \u00e7al\u0131\u015fmalarda; engelli, ya\u015fl\u0131, \u00e7ocuk t\u00fcm gruplar\u0131n eri\u015febilece\u011fi yaya, ta\u015f\u0131t, bisiklet trafi\u011fi d\u00fczenlenecek ve kent merkezi Akdeniz iklimine uygun, a\u00e7\u0131k bir al\u0131\u015fveri\u015f merkezi konseptine kavu\u015fturulacak.<br \/>\n\u00c7al\u0131\u015fman\u0131n ba\u015flayaca\u011f\u0131 26 Eyl\u00fcl tarihinden Aral\u0131k ay\u0131n\u0131n ortas\u0131na kadar Tren Gar\u0131 ile Hastane Caddesi kav\u015fa\u011f\u0131 aras\u0131ndaki yol \u00e7ift y\u00f6nl\u00fc olarak trafi\u011fe kapat\u0131lacak. Bu k\u0131s\u0131mdaki \u00e7al\u0131\u015fman\u0131n tamamlanmas\u0131yla birlikte, Aral\u0131k ay\u0131n\u0131n ortas\u0131ndan \u015eubat ay\u0131n\u0131n ortas\u0131na kadar da Hastane Caddesi kav\u015fa\u011f\u0131 ile \u00d6zg\u00fcr \u00c7ocuk Park\u0131 kav\u015fa\u011f\u0131 aras\u0131 yol \u00e7ift y\u00f6nl\u00fc olarak trafi\u011fe kapat\u0131lacak.<\/p>\n<p>\u00c7al\u0131\u015fma 1,2 kilometrelik k\u0131s\u0131mda yap\u0131lacak<\/p>\n<p>Mersin B\u00fcy\u00fck\u015fehir Belediyesi&#8217;nin kente nefes ald\u0131racak projelerinden birisi olan \u0130stiklal Caddesi Kentsel Tasar\u0131m Projesi i\u00e7in \u00e7al\u0131\u015fmalar ba\u015fl\u0131yor. Kent merkezinin \u00e7a\u011fda\u015f, ye\u015fil dostu ve vatanda\u015flar\u0131n ya\u015fam\u0131n\u0131 kolayla\u015ft\u0131ran ekipmanlar ile desteklenece\u011fi proje sonunda, caddenin a\u00e7\u0131k al\u0131\u015fveri\u015f merkezi olmas\u0131 hedefleniyor.<br \/>\n\u00c7al\u0131\u015fmalar hakk\u0131nda bilgi veren Fen \u0130\u015fleri Dairesi Yap\u0131m, Bak\u0131m ve Onar\u0131m \u015eube M\u00fcd\u00fcr\u00fc Yusuf Ayd\u0131n, projenin Tren Gar\u0131-\u00d6zg\u00fcr \u00c7ocuk Park\u0131 aras\u0131n\u0131n yenilenme i\u015finin projelendirildi\u011fini ve yap\u0131m \u00e7al\u0131\u015fmalar\u0131n\u0131n 26 Eyl\u00fcl 2022 tarihinde ba\u015flayaca\u011f\u0131n\u0131 s\u00f6yledi.<\/p>\n<p>&#8220;\u0130stiklal Caddesi, Akdeniz iklimine uygun, a\u00e7\u0131k bir al\u0131\u015fveri\u015f merkezi olacak&#8221;<\/p>\n<p>Projenin engelli, ya\u015fl\u0131, \u00e7ocuk t\u00fcm gruplar\u0131n eri\u015febilece\u011fi; yaya, ta\u015f\u0131t, bisiklet trafi\u011finin d\u00fczenlendi\u011fi, kent merkezinin Akdeniz iklimine uygun a\u00e7\u0131k bir al\u0131\u015fveri\u015f merkezi konseptinde tasarland\u0131\u011f\u0131n\u0131 belirten Ayd\u0131n, &#8220;Proje kapsam\u0131nda kent genelinde yayg\u0131n olan bisiklet yolu ile entegre edilecek \u015fekilde bisiklet yolu yap\u0131lacakt\u0131r. T\u00fcm kald\u0131r\u0131mlar boyunca engelli ta\u015flar\u0131, hissedilir y\u00fczeyler yap\u0131lacak. Yine t\u00fcm cadde boyunca dinlenme alanlar\u0131 ve park \u00fcniteleri yap\u0131lacak. Sokak giri\u015flerine hareketli bariyer yap\u0131lacak ve g\u00fcn i\u00e7erisinde \u0130stiklal Caddesi&#8217;ndeki trafik yo\u011funlu\u011fu kontrol alt\u0131nda tutulacak. Ayr\u0131ca yaya trafi\u011fini rahatlatmak i\u00e7in, Avrupa Birli\u011fi standarlar\u0131na uygun olacak \u015fekilde, yol ile kald\u0131r\u0131m aras\u0131 kot fark\u0131 d\u00fc\u015f\u00fck tutulacak&#8221; dedi.<\/p>\n<p>\u00c7al\u0131\u015fmalar\u0131n 2023 y\u0131l\u0131 \u015eubat ay\u0131 i\u00e7erisinde tamamlanmas\u0131n\u0131 hedeflediklerini de s\u00f6yleyen Ayd\u0131n, &#8220;Projenin tamamlanmas\u0131 ile \u0130stiklal Caddesi; yenilenmi\u015f ta\u015f\u0131t yolu, geni\u015f kald\u0131r\u0131mlar\u0131, bisiklet yolu ve ya\u015fam alanlar\u0131 ile modern bir g\u00f6r\u00fcnt\u00fcye kavu\u015facak&#8221; diye konu\u015ftu.<\/p>\n","protected":false},"excerpt":{"rendered":"<p>Mersin B\u00fcy\u00fck\u015fehir Belediyesi, kentin en eski ticaret merkezi olarak bilinen \u0130stiklal Caddesi&#8217;ni yeniliyor. 26 Eyl\u00fcl 2022 tarihinde ba\u015flayacak olan \u00e7al\u0131\u015fmalarda; engelli, ya\u015fl\u0131, \u00e7ocuk t\u00fcm gruplar\u0131n eri\u015febilece\u011fi yaya, ta\u015f\u0131t, bisiklet trafi\u011fi &hellip; <a href=\"https:\/\/akdenizolaygazetesi.com\/?p=21129\" class=\"more-link\">Devam\u0131n\u0131 Oku&#8230;<\/a><\/p>\n","protected":false},"author":2,"featured_media":21130,"comment_status":"open","ping_status":"open","sticky":false,"template":"","format":"standard","meta":[],"categories":[2,3,5],"tags":[],"_links":{"self":[{"href":"https:\/\/akdenizolaygazetesi.com\/index.php?rest_route=\/wp\/v2\/posts\/21129"}],"collection":[{"href":"https:\/\/akdenizolaygazetesi.com\/index.php?rest_route=\/wp\/v2\/posts"}],"about":[{"href":"https:\/\/akdenizolaygazetesi.com\/index.php?rest_route=\/wp\/v2\/types\/post"}],"author":[{"embeddable":true,"href":"https:\/\/akdenizolaygazetesi.com\/index.php?rest_route=\/wp\/v2\/users\/2"}],"replies":[{"embeddable":true,"href":"https:\/\/akdenizolaygazetesi.com\/index.php?rest_route=%2Fwp%2Fv2%2Fcomments&post=21129"}],"version-history":[{"count":1,"href":"https:\/\/akdenizolaygazetesi.com\/index.php?rest_route=\/wp\/v2\/posts\/21129\/revisions"}],"predecessor-version":[{"id":21131,"href":"https:\/\/akdenizolaygazetesi.com\/index.php?rest_route=\/wp\/v2\/posts\/21129\/revisions\/21131"}],"wp:featuredmedia":[{"embeddable":true,"href":"https:\/\/akdenizolaygazetesi.com\/index.php?rest_route=\/wp\/v2\/media\/21130"}],"wp:attachment":[{"href":"https:\/\/akdenizolaygazetesi.com\/index.php?rest_route=%2Fwp%2Fv2%2Fmedia&parent=21129"}],"wp:term":[{"taxonomy":"category","embeddable":true,"href":"https:\/\/akdenizolaygazetesi.com\/index.php?rest_route=%2Fwp%2Fv2%2Fcategories&post=21129"},{"taxonomy":"post_tag","embeddable":true,"href":"https:\/\/akdenizolaygazetesi.com\/index.php?rest_route=%2Fwp%2Fv2%2Ftags&post=21129"}],"curies":[{"name":"wp","href":"https:\/\/api.w.org\/{rel}","templated":true}]}}