{"id":21132,"date":"2022-09-22T13:07:22","date_gmt":"2022-09-22T10:07:22","guid":{"rendered":"http:\/\/akdenizolaygazetesi.com\/?p=21132"},"modified":"2022-09-22T13:07:22","modified_gmt":"2022-09-22T10:07:22","slug":"baskan-secer-kilikya-ultra-maratonunun-lansmanina-katildi","status":"publish","type":"post","link":"https:\/\/akdenizolaygazetesi.com\/?p=21132","title":{"rendered":"BA\u015eKAN SE\u00c7ER, K\u0130L\u0130KYA ULTRA MARATONU&#8217;NUN LANSMANINA KATILDI"},"content":{"rendered":"<p>Mersin B\u00fcy\u00fck\u015fehir Belediyesi, 23-25 Eyl\u00fcl tarihleri aras\u0131nda d\u00fczenleyece\u011fi Kilikya Ultra Maratonu&#8217;yla tarih, do\u011fa ve sporu bir araya getiriyor. &#8220;Do\u011fan\u0131n i\u00e7inde tarihe ko\u015f&#8221; mottosuyla bu y\u0131l ilk kez d\u00fczenlenecek maratonun lansman\u0131, Erdemli il\u00e7esine ba\u011fl\u0131 K\u0131zkalesi&#8217;nde yap\u0131ld\u0131. B\u00fcy\u00fck\u015fehir Belediye Ba\u015fkan\u0131 Vahap Se\u00e7er, lansmanda bas\u0131n mensuplar\u0131yla bir araya gelerek \u00f6nemli a\u00e7\u0131klamalar yapt\u0131.<br \/>\nBa\u015fkan Se\u00e7er: &#8220;Mersin&#8217;i sadece T\u00fcrkiye&#8217;ye de\u011fil, d\u00fcnyaya tan\u0131tmak istiyoruz&#8221;<br \/>\nGer\u00e7ekle\u015ftirecekleri maratonla Mersin&#8217;i sadece T\u00fcrkiye&#8217;ye de\u011fil, d\u00fcnyaya tan\u0131tmak istediklerini belirterek konu\u015fmas\u0131na ba\u015flayan Ba\u015fkan Se\u00e7er, &#8220;Bu i\u00e7inde bulundu\u011fumuz b\u00f6lge, binlerce y\u0131ll\u0131k tarihe sahip ve bir\u00e7ok medeniyete ev sahipli\u011fi yapm\u0131\u015f bir b\u00f6lge. Kilikya Ultra Maratonu, spor yaparken Mersin&#8217;in tarihi g\u00fczelliklerini, do\u011fas\u0131n\u0131 anlatmak, tan\u0131tmakt\u0131r&#8221; dedi. Mersin&#8217;in tarihi ve k\u00fclt\u00fcrel birikimi ile birlikte harika bir do\u011faya sahip oldu\u011funu s\u00f6yleyen Ba\u015fkan Se\u00e7er, &#8220;K\u0131zkalesi 1100 y\u0131ll\u0131k bir yap\u0131. Korikos B\u00f6lgesi ve Korikos kalesi. Burada bu maraton bir ara\u00e7. Ama\u00e7 ise buralar\u0131 tan\u0131tma. G\u00fczel bir etkinlik olacak. Buradan T\u00fcrkiye&#8217;ye seslenmek istiyorum; 9 ya\u015f\u0131ndan 71 ya\u015f\u0131na kadar 500 sporcumuz, 23- 25 Eyl\u00fcl tarihleri aras\u0131nda bu maratona kat\u0131lacak. Farkl\u0131 kategoriler var. 7 kilometreden 54 kilometreye kadar, do\u011fan\u0131n i\u00e7erisinde tarihe ko\u015faca\u011f\u0131z&#8221; bilgilerini payla\u015ft\u0131.<br \/>\nBu y\u0131l Kilikya Ultra Maratonu&#8217;nun ilkini d\u00fczenlediklerini an\u0131msatan Ba\u015fkan Se\u00e7er, &#8220;Bu maraton eminim ki gelecek y\u0131l hem uluslararas\u0131 boyuta ta\u015f\u0131nacak, hem \u00e7ok daha haz\u0131rl\u0131kl\u0131 bir etkinlik yapaca\u011f\u0131z. Her ge\u00e7en y\u0131l i\u00e7eri\u011fini doldurarak ve daha da zenginle\u015ftirerek, t\u00fcm d\u00fcnyadan insanlar\u0131n buraya gelmesini sa\u011flayaca\u011f\u0131m\u0131z\u0131 d\u00fc\u015f\u00fcn\u00fcyorum&#8221; diye konu\u015ftu.<br \/>\n&#8220;Bizler demokrasiyi sindirmi\u015f insanlar\u0131z&#8221;<br \/>\nLansmanda, son zamanlarda ya\u015fanan geli\u015fmelerle ilgili baz\u0131 de\u011ferlendirmelerde de bulunan Ba\u015fkan Se\u00e7er, &#8220;Mahkeme kad\u0131ya m\u00fclk de\u011fil. Demokrasilerde bu b\u00f6yle olur. Siz biliyorsunuz, bizim burada da koltu\u011fa oturan kalkmak istemiyor. Memleket kendisinin zannediyor. Belediye ba\u015fkan\u0131 \u015fehir kendisinin zannediyor, ba\u015ftakiler \u00fclke kendisinin zannediyor. Fakat o devirler bitti. 19 May\u0131s 1919&#8217;da Samsun&#8217;da do\u011fan g\u00fcne\u015fle, o devirler bitti. Buras\u0131 laik Cumhuriyet, demokrasi \u00fclkesi, hukuk devleti. Bunun bilincinde olmak laz\u0131m art\u0131k.  \u015eimdi bizim hakk\u0131m\u0131zda da; bir tak\u0131m senaryolar yaz\u0131l\u0131yor, \u00e7iziliyor ve t\u00fcm akt\u00f6rleriyle uygulamaya konuluyor. Bizim her \u015feyden haberimiz var. Kurulan tezgahlar\u0131n ve bu tezgahlar\u0131n i\u00e7erisinde kimlerin oldu\u011fundan da haberimiz var. Ama Allah \u015fahit olsun, biz demokrasiyi sindirmi\u015f insanlar\u0131z. Hukuk devletine inanm\u0131\u015f insanlar\u0131z. Her \u015feyin zaman\u0131 gelir ve hukuk d\u0131\u015f\u0131 davran\u0131\u015flar da kimsenin yan\u0131na kalmaz. Bunu da tarih yazacak&#8221; dedi.<br \/>\n&#8220;Gen\u00e7lik ve Spor Daire Ba\u015fkanl\u0131\u011f\u0131&#8217;n\u0131 kurduk&#8221;<br \/>\nSpor alan\u0131nda yapt\u0131klar\u0131 \u00e7al\u0131\u015fmalardan da s\u00f6z eden Ba\u015fkan Se\u00e7er, &#8220;\u00dc\u00e7 bu\u00e7uk y\u0131ll\u0131k y\u00f6netimimizde, bu anlay\u0131\u015f\u0131m\u0131zla \u00e7ok i\u015fler yapt\u0131\u011f\u0131m\u0131z\u0131 s\u00f6yleyebilirim. Tabii ki sporu seven bir Ba\u015fkan\u0131n ve kadrosunun olmas\u0131 da bunda etken. Biz y\u00f6netime geldi\u011fimizde spor daire ba\u015fkanl\u0131\u011f\u0131 yoktu. K\u00fclt\u00fcr dairemize ba\u011fl\u0131 bir \u015fube m\u00fcd\u00fcrl\u00fc\u011f\u00fcyd\u00fc. Biz hemen Gen\u00e7lik ve Spor Daire Ba\u015fkanl\u0131\u011f\u0131&#8217;n\u0131 kurduk. Cumhuriyeti erdemli bir rejim yapan etkenlerin ba\u015f\u0131nda k\u00fclt\u00fcr, sanat ve spor geliyor. Bunlar\u0131n bir b\u00fct\u00fcn\u00fc, toplumlar\u0131 bir araya getiren unsurlar. Asl\u0131nda bar\u0131\u015f\u0131n ta kendisi insanlar\u0131n bir arada olmas\u0131. Bak\u0131n burada ne kadar g\u00fczel; Erdemli&#8217;den, Silifke&#8217;den, merkezden ve di\u011fer il\u00e7elerden yurtta\u015flar\u0131m\u0131z var. Burada kimse kimseye sormuyor; &#8216;Senin siyasi g\u00f6r\u00fc\u015f\u00fcn, etnik k\u00f6kenin, mezhebin, me\u015frebin ne?&#8217; diye. Burada karde\u015f\u00e7e oturuyoruz. Bu tablolar\u0131n t\u00fcm T\u00fcrkiye hakim olmas\u0131n\u0131 diliyorum. Yak\u0131nda T\u00fcrkiye bu sahneleri ve hatta \u00e7ok daha fazlas\u0131n\u0131 her yerde g\u00f6recek&#8221; ifadelerini kulland\u0131.<br \/>\n&#8220;Mersin&#8217;de ilkleri hayata ge\u00e7irmeye devam ediyoruz&#8221;<br \/>\nTarsus&#8217;ta 6-8 May\u0131s&#8217;ta Kleopatra Bisiklet Festivali&#8217;ni yapt\u0131klar\u0131n\u0131 an\u0131msatan Ba\u015fkan Se\u00e7er, 7, 8 ve 9 Ekim&#8217;de de Erdemli ve Silifke&#8217;yi i\u00e7eren Caretta Bisiklet Festivali&#8217;ni yapacaklar\u0131n\u0131 belirtti. Yine bu y\u0131l, Tarsus&#8217;ta ko\u015fulan Uluslararas\u0131 Yar\u0131 Maratonu&#8217;nu ger\u00e7ekle\u015ftireceklerini dile getiren Ba\u015fkan Se\u00e7er, &#8220;23 Ekim&#8217;de Tarsus&#8217;ta Uluslararas\u0131 Yar\u0131 Maratonu ger\u00e7ekle\u015ftirece\u011fiz.   Orada da asl\u0131nda kentin i\u00e7inden tarihe do\u011fru ko\u015fuyorsun. \u0130lk kez 21-22 Ekim tarihlerinde Gen\u00e7lik Festivali&#8217;ni yapaca\u011f\u0131z. Mersin bir \u00fcniversite kenti, \u00f6\u011frenci kenti. T\u00fcrkiye Cumhuriyeti ilelebet payidar kalacaksa, gen\u00e7lere emanet edilecek. O y\u00fczden Gen\u00e7lik Festivali&#8217;ni \u00e7ok \u00f6nemsiyoruz. Yine ilkini yapaca\u011f\u0131m\u0131z 4-5-6 Kas\u0131m 2022 tarihleri aras\u0131nda Tarsus Festivali var. Tarsus bug\u00fcne kadar hak etti\u011fi de\u011feri g\u00f6rmemi\u015f bir kent. Muazzam renkli bir festival olacak ve uluslararas\u0131 nitelikte olacak&#8221; ifadelerini kulland\u0131.<br \/>\n&#8220;2023&#8217;te Tour Of Mersin ve Uluslararas\u0131 Mersin Maratonu ger\u00e7ekle\u015fecek&#8221;<br \/>\n2023 y\u0131l\u0131nda ise pandemiden dolay\u0131 ara verdikleri Tour Of Mersin Bisiklet Turu&#8217;nu, Nisan ay\u0131nda yapacaklar\u0131n\u0131 da s\u00f6zlerine ekleyen Ba\u015fkan Se\u00e7er, &#8220;2023&#8217;\u00fcn Nisan ay\u0131nda Tour Of Mersin&#8217;i ger\u00e7ekle\u015ftirece\u011fiz. Yine pandemi dolay\u0131s\u0131yla Atletizm Federasyonu&#8217;nun iptal etti\u011fi 5. Uluslararas\u0131 Mersin Maratonunu da;  Cumhuriyetin 100. kurulu\u015f y\u0131ld\u00f6n\u00fcm\u00fcnde Aral\u0131k ay\u0131nda yapaca\u011f\u0131z. Yine \u00f6nemli bir \u00e7al\u0131\u015fma olan Avrupa Bisiklet Rotalar\u0131 A\u011f\u0131 Eurovelo ile ilgili m\u00fcracaatlar\u0131 yapt\u0131k, temaslar\u0131 kurduk. Heyetler geldi, toplant\u0131lar yap\u0131ld\u0131. Gayet de g\u00fczel mesafe ald\u0131k. Eminim ki biz Avrupa Bisiklet Rotalar\u0131 A\u011f\u0131&#8217;na, yani Eurovelo&#8217;ya girece\u011fiz&#8221; dedi.<br \/>\n&#8220;Amat\u00f6r spor kul\u00fcplerine yapt\u0131\u011f\u0131m\u0131z yard\u0131m\u0131 y\u00fczde 200 artt\u0131rd\u0131k&#8221;<br \/>\nAmat\u00f6r spora ve sporculara verdikleri \u00f6nem ve desteklerden de s\u00f6z eden Ba\u015fkan Se\u00e7er, &#8220;Amat\u00f6r sporcular\u0131m\u0131za 7-13 Ekim tarihleri aras\u0131 Amat\u00f6r Spor Kul\u00fcpleri haftas\u0131nda, toplamda 4 milyon 362 bin TL&#8217;lik \u00f6d\u00fcl da\u011f\u0131taca\u011f\u0131z. Ge\u00e7en y\u0131la g\u00f6re %200 gibi bir art\u0131\u015f yapt\u0131k. Yine 1 milyon 148 bin liral\u0131k sporcu \u00f6d\u00fcllerini May\u0131s ay\u0131nda verdik. Elbette ki karn\u0131m\u0131z doyacak ama sanats\u0131z, k\u00fclt\u00fcrs\u00fcz, sporsuz olmaz. D\u00fcn oldu\u011fu gibi bug\u00fcn de, bug\u00fcn oldu\u011fu gibi yar\u0131n da; y\u0131lmadan, b\u0131kmadan, korkmadan, cesaretle, azimle Mersin halk\u0131na hizmet etmeye devam edece\u011fiz&#8221; ifadelerini kulland\u0131.<br \/>\nAr\u0131: &#8220;Ultra maratonlar i\u00e7inde en sevilenler aras\u0131na girmek istiyoruz&#8221;<br \/>\nMersin Ko\u015fu ve Do\u011fa Spor Kul\u00fcb\u00fc Derne\u011fi Antren\u00f6r\u00fc Mehmet Ar\u0131, Mersin&#8217;de ilk defa yap\u0131lacak Kilikya Ultra Maratonu&#8217;na haz\u0131r olduklar\u0131n\u0131 s\u00f6yledi. Ar\u0131, &#8220;Mersin&#8217;in k\u00fclt\u00fcrel ve do\u011fal miras\u0131n\u0131 spor arac\u0131l\u0131\u011f\u0131 ile tan\u0131tabilmek, en b\u00fcy\u00fck gayelerimizden bir tanesi. Etkileyici tarihi dokusu ve b\u00fcy\u00fcleyici do\u011fal g\u00fczelli\u011fi, i\u00e7imizi \u0131s\u0131tan havas\u0131 ve g\u00fcne\u015fi ile Kilikya Ultra Maratonu sadece bir yar\u0131\u015f de\u011fil, farkl\u0131 tarzda bir \u015fehir turu olma \u00f6zelli\u011finde. Ultra maratonlar i\u00e7inde en sevilenler aras\u0131na girmek istiyoruz ve bunu ba\u015faraca\u011f\u0131m\u0131za inan\u0131yoruz&#8221; dedi.<br \/>\nDurukan: &#8220;Mersin&#8217;in her kar\u0131\u015f\u0131nda bir k\u00fclt\u00fcr miras\u0131 ile kar\u015f\u0131la\u015fmam\u0131z m\u00fcmk\u00fcn&#8221;<br \/>\nMersin \u00dcniversitesi Arkeoloji B\u00f6l\u00fcm\u00fc \u00d6\u011fretim \u00dcyesi Prof. Dr. Murat Durukan, &#8220;Do\u011fas\u0131yla, tarihiyle, k\u00fclt\u00fcr\u00fcyle, ola\u011fan\u00fcst\u00fc bir noktada ya\u015f\u0131yoruz. Kilikya Ultra Maratonu kendi kategorisinde \u00f6zel bir \u00f6nem ta\u015f\u0131yor olabilir, ama Mersin&#8217;in tan\u0131t\u0131m eksikli\u011fini kapatmak i\u00e7in yap\u0131lan \u00f6nemli bir organizasyon olarak de\u011ferlendirilebilir. Ola\u011fan\u00fcst\u00fc bir co\u011frafyada ya\u015f\u0131yoruz. Buras\u0131, b\u00fct\u00fcn d\u00fcnyada k\u00fclt\u00fcr miras\u0131 a\u00e7\u0131s\u0131ndan en yo\u011fun co\u011frafyay\u0131 i\u015fgal ediyor. Fakat bir\u00e7o\u011fu \u015fu ana kadar biraz bak\u0131ms\u0131z kald\u0131. Umut ediyorum bundan sonra onu de\u011ferlendirebiliriz&#8221; diye konu\u015ftu.<\/p>\n","protected":false},"excerpt":{"rendered":"<p>Mersin B\u00fcy\u00fck\u015fehir Belediyesi, 23-25 Eyl\u00fcl tarihleri aras\u0131nda d\u00fczenleyece\u011fi Kilikya Ultra Maratonu&#8217;yla tarih, do\u011fa ve sporu bir araya getiriyor. &#8220;Do\u011fan\u0131n i\u00e7inde tarihe ko\u015f&#8221; mottosuyla bu y\u0131l ilk kez d\u00fczenlenecek maratonun lansman\u0131, &hellip; <a href=\"https:\/\/akdenizolaygazetesi.com\/?p=21132\" class=\"more-link\">Devam\u0131n\u0131 Oku&#8230;<\/a><\/p>\n","protected":false},"author":2,"featured_media":21133,"comment_status":"open","ping_status":"open","sticky":false,"template":"","format":"standard","meta":[],"categories":[3,5,10],"tags":[],"_links":{"self":[{"href":"https:\/\/akdenizolaygazetesi.com\/index.php?rest_route=\/wp\/v2\/posts\/21132"}],"collection":[{"href":"https:\/\/akdenizolaygazetesi.com\/index.php?rest_route=\/wp\/v2\/posts"}],"about":[{"href":"https:\/\/akdenizolaygazetesi.com\/index.php?rest_route=\/wp\/v2\/types\/post"}],"author":[{"embeddable":true,"href":"https:\/\/akdenizolaygazetesi.com\/index.php?rest_route=\/wp\/v2\/users\/2"}],"replies":[{"embeddable":true,"href":"https:\/\/akdenizolaygazetesi.com\/index.php?rest_route=%2Fwp%2Fv2%2Fcomments&post=21132"}],"version-history":[{"count":1,"href":"https:\/\/akdenizolaygazetesi.com\/index.php?rest_route=\/wp\/v2\/posts\/21132\/revisions"}],"predecessor-version":[{"id":21134,"href":"https:\/\/akdenizolaygazetesi.com\/index.php?rest_route=\/wp\/v2\/posts\/21132\/revisions\/21134"}],"wp:featuredmedia":[{"embeddable":true,"href":"https:\/\/akdenizolaygazetesi.com\/index.php?rest_route=\/wp\/v2\/media\/21133"}],"wp:attachment":[{"href":"https:\/\/akdenizolaygazetesi.com\/index.php?rest_route=%2Fwp%2Fv2%2Fmedia&parent=21132"}],"wp:term":[{"taxonomy":"category","embeddable":true,"href":"https:\/\/akdenizolaygazetesi.com\/index.php?rest_route=%2Fwp%2Fv2%2Fcategories&post=21132"},{"taxonomy":"post_tag","embeddable":true,"href":"https:\/\/akdenizolaygazetesi.com\/index.php?rest_route=%2Fwp%2Fv2%2Ftags&post=21132"}],"curies":[{"name":"wp","href":"https:\/\/api.w.org\/{rel}","templated":true}]}}