{"id":21135,"date":"2022-09-22T13:10:12","date_gmt":"2022-09-22T10:10:12","guid":{"rendered":"http:\/\/akdenizolaygazetesi.com\/?p=21135"},"modified":"2022-09-22T13:10:12","modified_gmt":"2022-09-22T10:10:12","slug":"akdeniz-belediyesinde-is-kulubu-faaliyetleri-isbirligi-protokolu","status":"publish","type":"post","link":"https:\/\/akdenizolaygazetesi.com\/?p=21135","title":{"rendered":"AKDEN\u0130Z BELED\u0130YES\u0130\u2019NDE  \u0130\u015e KUL\u00dcB\u00dc FAAL\u0130YETLER\u0130 \u0130\u015eB\u0130RL\u0130\u011e\u0130 PROTOKOL\u00dc"},"content":{"rendered":"<p>Akdeniz Belediyesi ile Mersin \u00c7al\u0131\u015fma ve \u0130\u015f Kurumu \u0130l M\u00fcd\u00fcrl\u00fc\u011f\u00fc (\u0130\u015eKUR) aras\u0131nda \u0130\u015f Kul\u00fcb\u00fc faaliyetleri i\u015fbirli\u011fi protokol\u00fc imzaland\u0131.<br \/>\nAkdeniz Belediye Ba\u015fkan\u0131 M. Mustafa G\u00fcltak ile \u0130\u015eKUR Mersin \u0130l M\u00fcd\u00fcr\u00fc Mustafa Kutlu aras\u0131nda, \u2018\u0130\u015f Kul\u00fcb\u00fc Faaliyetleri \u0130\u015fbirli\u011fi Protokol\u00fc\u2019 imzaland\u0131. Akdeniz Belediyesi taraf\u0131ndan d\u00fczenlenen kurslara kat\u0131lan kursiyerler ile kursiyer adaylar\u0131n\u0131n mesleki belgelendirme s\u00fcrecini kapsayan protokol ile \u0130\u015eKUR\u2019un i\u015f dan\u0131\u015fmanl\u0131k hizmetleri ve di\u011fer hizmetleri, iki kurum aras\u0131nda i\u015fbirli\u011fi i\u00e7inde y\u00fcr\u00fct\u00fclecek.<br \/>\n\u0130mzalanan protokol kapsam\u0131nda belirtilen i\u015f ve meslek dan\u0131\u015fmanl\u0131\u011f\u0131 hizmetleri; Akdeniz Belediyesi taraf\u0131ndan d\u00fczenlenen ve vatanda\u015flar\u0131n kat\u0131ld\u0131\u011f\u0131 farkl\u0131 alanlarda d\u00fczenlenen kurslara kat\u0131lan kursiyerleri ve kursiyer adaylar\u0131 ile mesleki belgelendirme s\u00fcrecine kat\u0131lacak bireyleri kapsayacak.<br \/>\nProtokol ile Akdeniz Belediyesi taraf\u0131ndan d\u00fczenlenen mesleki ve e\u011fitim kurslar\u0131na kat\u0131lan kursiyer vatanda\u015flara y\u00f6nelik olarak; Mersin \u00c7al\u0131\u015fma ve \u0130\u015f Kurumu \u0130l M\u00fcd\u00fcrl\u00fc\u011f\u00fc\u2019n\u00fcn (\u0130\u015eKUR) i\u015fsiz bireylere y\u00f6nelik bireysel ve grup i\u015f dan\u0131\u015fmanl\u0131\u011f\u0131 hizmetleri ile belediye taraf\u0131ndan mesleki e\u011fitime y\u00f6nelik di\u011fer faaliyetler de \u0130\u015eKUR\u2019un di\u011fer t\u00fcm kurumsal hizmetleri i\u015fbirli\u011fi halinde y\u00fcr\u00fct\u00fclecek. <\/p>\n","protected":false},"excerpt":{"rendered":"<p>Akdeniz Belediyesi ile Mersin \u00c7al\u0131\u015fma ve \u0130\u015f Kurumu \u0130l M\u00fcd\u00fcrl\u00fc\u011f\u00fc (\u0130\u015eKUR) aras\u0131nda \u0130\u015f Kul\u00fcb\u00fc faaliyetleri i\u015fbirli\u011fi protokol\u00fc imzaland\u0131. Akdeniz Belediye Ba\u015fkan\u0131 M. Mustafa G\u00fcltak ile \u0130\u015eKUR Mersin \u0130l M\u00fcd\u00fcr\u00fc Mustafa &hellip; <a href=\"https:\/\/akdenizolaygazetesi.com\/?p=21135\" class=\"more-link\">Devam\u0131n\u0131 Oku&#8230;<\/a><\/p>\n","protected":false},"author":2,"featured_media":21136,"comment_status":"open","ping_status":"open","sticky":false,"template":"","format":"standard","meta":[],"categories":[8,3],"tags":[],"_links":{"self":[{"href":"https:\/\/akdenizolaygazetesi.com\/index.php?rest_route=\/wp\/v2\/posts\/21135"}],"collection":[{"href":"https:\/\/akdenizolaygazetesi.com\/index.php?rest_route=\/wp\/v2\/posts"}],"about":[{"href":"https:\/\/akdenizolaygazetesi.com\/index.php?rest_route=\/wp\/v2\/types\/post"}],"author":[{"embeddable":true,"href":"https:\/\/akdenizolaygazetesi.com\/index.php?rest_route=\/wp\/v2\/users\/2"}],"replies":[{"embeddable":true,"href":"https:\/\/akdenizolaygazetesi.com\/index.php?rest_route=%2Fwp%2Fv2%2Fcomments&post=21135"}],"version-history":[{"count":1,"href":"https:\/\/akdenizolaygazetesi.com\/index.php?rest_route=\/wp\/v2\/posts\/21135\/revisions"}],"predecessor-version":[{"id":21137,"href":"https:\/\/akdenizolaygazetesi.com\/index.php?rest_route=\/wp\/v2\/posts\/21135\/revisions\/21137"}],"wp:featuredmedia":[{"embeddable":true,"href":"https:\/\/akdenizolaygazetesi.com\/index.php?rest_route=\/wp\/v2\/media\/21136"}],"wp:attachment":[{"href":"https:\/\/akdenizolaygazetesi.com\/index.php?rest_route=%2Fwp%2Fv2%2Fmedia&parent=21135"}],"wp:term":[{"taxonomy":"category","embeddable":true,"href":"https:\/\/akdenizolaygazetesi.com\/index.php?rest_route=%2Fwp%2Fv2%2Fcategories&post=21135"},{"taxonomy":"post_tag","embeddable":true,"href":"https:\/\/akdenizolaygazetesi.com\/index.php?rest_route=%2Fwp%2Fv2%2Ftags&post=21135"}],"curies":[{"name":"wp","href":"https:\/\/api.w.org\/{rel}","templated":true}]}}