{"id":21138,"date":"2022-09-22T13:11:25","date_gmt":"2022-09-22T10:11:25","guid":{"rendered":"http:\/\/akdenizolaygazetesi.com\/?p=21138"},"modified":"2022-09-22T13:11:25","modified_gmt":"2022-09-22T10:11:25","slug":"hazir-giyim-sektorunde-kriz-endisesi","status":"publish","type":"post","link":"https:\/\/akdenizolaygazetesi.com\/?p=21138","title":{"rendered":"HAZIR G\u0130Y\u0130M SEKT\u00d6R\u00dcNDE KR\u0130Z END\u0130\u015eES\u0130"},"content":{"rendered":"<p>Akdeniz Haz\u0131r Giyim ve Konfeksiyon \u0130hracat\u00e7\u0131lar\u0131 Birli\u011fi (AHK\u0130B) Y\u00f6netim Kurulu Ba\u015fkan\u0131 G\u00fcrkan Tekin, a\u011fustos ay\u0131nda ge\u00e7en y\u0131l\u0131n ayn\u0131 d\u00f6nemine k\u0131yasla y\u00fczde 21,9 art\u0131\u015f sa\u011flayarak 36,2 milyon dolar ihracat ger\u00e7ekle\u015ftirdiklerini belirtirken sekt\u00f6r\u00fcn ana pazar\u0131 olan Avrupa Birli\u011fi (AB) \u00fclkelerinde y\u00fcksek montanl\u0131 sipari\u015flerin, maliyetlerin alt\u0131nda fiyat veren \u00c7in ve Uzak Do\u011fu \u00fclkelerine kayd\u0131\u011f\u0131na dikkati \u00e7ekti. K\u00fcresel ekonomideki negatif seyrin ve resesyon kayg\u0131lar\u0131n\u0131n derinle\u015fti\u011fini, enerji ve i\u015f\u00e7ilik maliyetlerindeki art\u0131\u015flar ile birlikte iplik ve kuma\u015f fiyatlar\u0131n\u0131n da y\u00fckseldi\u011fini kaydeden AHK\u0130B Ba\u015fkan\u0131 G\u00fcrkan Tekin, &#8220;Avrupal\u0131 moda devlerinin sipari\u015fleri g\u00fcnden g\u00fcne azal\u0131yor. T\u00fcrk haz\u0131r giyim ve konfeksiyon sekt\u00f6r\u00fcm\u00fcz\u00fcn ihracat, \u00fcretim ve istihdamda kay\u0131plar\u0131n ya\u015fanaca\u011f\u0131 bir d\u00f6neme girmi\u015f olmas\u0131ndan endi\u015fe ediyoruz.&#8221; dedi.<\/p>\n<p>&#8220;Devlet desteklerinde pozitif ayr\u0131mc\u0131l\u0131k bekliyoruz&#8221;<br \/>\nA\u011fustos ay\u0131nda y\u00fczde 6,1 art\u0131\u015fla 1,84 milyar dolarl\u0131k ihracata imza atan T\u00fcrk haz\u0131r giyim sekt\u00f6r\u00fcn\u00fcn daralan pazarlarda kazan\u0131mlar\u0131n\u0131 korumaya \u00e7al\u0131\u015ft\u0131\u011f\u0131n\u0131, ancak girdi maliyetlerindeki art\u0131\u015flar ve Uzak Do\u011fu \u00fclkelerinin agresif fiyat stratejisine kar\u015f\u0131 rekabet etme \u015fans\u0131n\u0131n g\u00fcn ge\u00e7tik\u00e7e zay\u0131flad\u0131\u011f\u0131n\u0131 kaydeden Ba\u015fkan G\u00fcrkan Tekin, &#8220;Enerji, i\u015f\u00e7ilik ve ham madde maliyetlerinin azalt\u0131lmas\u0131na y\u00f6nelik devlet desteklerinde haz\u0131r giyim ve konfeksiyon sekt\u00f6r\u00fcne pozitif ayr\u0131mc\u0131l\u0131k yap\u0131lmas\u0131n\u0131 bekliyoruz. \u0130stihdam\u0131n korunmas\u0131 ve finansmana eri\u015fimin kolayla\u015ft\u0131r\u0131lmas\u0131 konular\u0131nda pandemi d\u00f6nemindeki gibi desteklerin verilmesi sekt\u00f6r\u00fcm\u00fcz\u00fcn ayakta kalmas\u0131 i\u00e7in hayati \u00f6nem ta\u015f\u0131maktad\u0131r.&#8221; diye konu\u015ftu.<\/p>\n<p>&#8220;Parite avantaj\u0131n\u0131 kaybettik, fiyat tutturmakta zorlan\u0131yoruz&#8221;<br \/>\nT\u00fcrk haz\u0131r giyim ve konfeksiyon sekt\u00f6r\u00fcn\u00fcn dolar\u0131n avro kar\u015f\u0131s\u0131nda de\u011fer kazanmas\u0131 ile parite avantaj\u0131nda da ciddi kay\u0131plar ya\u015fad\u0131\u011f\u0131n\u0131 aktaran Ba\u015fkan G\u00fcrkan Tekin, \u015funlar\u0131 s\u00f6yledi:  &#8220;2022 y\u0131l\u0131n\u0131n Ocak-A\u011fustos d\u00f6neminde 14,24 milyar dolarl\u0131k haz\u0131r giyim ve konfeksiyon ihracat\u0131 ger\u00e7ekle\u015ftiren sekt\u00f6r\u00fcm\u00fcz Avrupa Birli\u011fi pazar\u0131nda 8,82 milyar dolar de\u011fere ula\u015ft\u0131. En b\u00fcy\u00fck pazar\u0131m\u0131z olan Avrupa Birli\u011fi&#8217;ne avro ile ihracat yap\u0131yoruz. Girdilerimizin b\u00fcy\u00fck b\u00f6l\u00fcm\u00fc ise dolarla sat\u0131n al\u0131n\u0131yor. Son d\u00f6nemde dolar\u0131n avro kar\u015f\u0131s\u0131nda de\u011fer kazanmas\u0131ndan dolay\u0131 sekt\u00f6r\u00fcm\u00fcz parite avantaj\u0131n\u0131 yitirdi, fiyat tutturmakta zorlan\u0131yoruz.&#8221;<\/p>\n<p>B\u00f6lge ihracat\u0131nda en \u00f6nemli pazarlar \u0130spanya, Hollanda ve Almanya<br \/>\nA\u011fustos ay\u0131nda b\u00f6lge ihracat\u0131n\u0131 \u00fcr\u00fcn gruplar\u0131 ve \u00fclkelere g\u00f6re de\u011ferlendiren Ba\u015fkan G\u00fcrkan Tekin, \u015f\u00f6yle konu\u015ftu: &#8220;AHK\u0130B olarak a\u011fustos ay\u0131nda en \u00e7ok ihra\u00e7 etti\u011fimiz \u00fcr\u00fcn gruplar\u0131nda y\u00fczde 28 art\u0131\u015f ve 17,8 milyon dolar de\u011fer ile bayan d\u0131\u015f giyim birinci s\u0131rada yer ald\u0131. Bunu y\u00fczde 44 art\u0131\u015f ve 9 milyon dolar de\u011fer ile bay d\u0131\u015f giyim, y\u00fczde 17 art\u0131\u015f ve 4,5 milyon dolar de\u011fer ile di\u011fer haz\u0131r e\u015fya, \u00e7ad\u0131r, \u00e7uval ve benzeri takip etti. A\u011fustos ay\u0131ndaki b\u00f6lge ihracat\u0131m\u0131z\u0131 \u00fclkelere g\u00f6re ele ald\u0131\u011f\u0131m\u0131zda ise, en y\u00fcksek de\u011ferleri \u0130spanya, Hollanda ve Almanya pazarlar\u0131nda elde ettik. \u0130spanya&#8217;ya y\u00fczde 9 art\u0131\u015fla 9,1 milyon dolarl\u0131k, Hollanda&#8217;ya y\u00fczde 8 art\u0131\u015fla 7,3 milyon dolarl\u0131k, Almanya&#8217;ya y\u00fczde 27 art\u0131\u015fla 4,4 milyon dolarl\u0131k ihracat ger\u00e7ekle\u015ftirdik. S\u00f6z konusu ayda ihracat hacminde en g\u00fc\u00e7l\u00fc performans\u0131 Birle\u015fik Krall\u0131k, Polonya ve Suudi Arabistan pazarlar\u0131nda yakalad\u0131k.&#8221; <\/p>\n","protected":false},"excerpt":{"rendered":"<p>Akdeniz Haz\u0131r Giyim ve Konfeksiyon \u0130hracat\u00e7\u0131lar\u0131 Birli\u011fi (AHK\u0130B) Y\u00f6netim Kurulu Ba\u015fkan\u0131 G\u00fcrkan Tekin, a\u011fustos ay\u0131nda ge\u00e7en y\u0131l\u0131n ayn\u0131 d\u00f6nemine k\u0131yasla y\u00fczde 21,9 art\u0131\u015f sa\u011flayarak 36,2 milyon dolar ihracat ger\u00e7ekle\u015ftirdiklerini belirtirken &hellip; <a href=\"https:\/\/akdenizolaygazetesi.com\/?p=21138\" class=\"more-link\">Devam\u0131n\u0131 Oku&#8230;<\/a><\/p>\n","protected":false},"author":2,"featured_media":21139,"comment_status":"open","ping_status":"open","sticky":false,"template":"","format":"standard","meta":[],"categories":[7,8,2,3],"tags":[],"_links":{"self":[{"href":"https:\/\/akdenizolaygazetesi.com\/index.php?rest_route=\/wp\/v2\/posts\/21138"}],"collection":[{"href":"https:\/\/akdenizolaygazetesi.com\/index.php?rest_route=\/wp\/v2\/posts"}],"about":[{"href":"https:\/\/akdenizolaygazetesi.com\/index.php?rest_route=\/wp\/v2\/types\/post"}],"author":[{"embeddable":true,"href":"https:\/\/akdenizolaygazetesi.com\/index.php?rest_route=\/wp\/v2\/users\/2"}],"replies":[{"embeddable":true,"href":"https:\/\/akdenizolaygazetesi.com\/index.php?rest_route=%2Fwp%2Fv2%2Fcomments&post=21138"}],"version-history":[{"count":1,"href":"https:\/\/akdenizolaygazetesi.com\/index.php?rest_route=\/wp\/v2\/posts\/21138\/revisions"}],"predecessor-version":[{"id":21140,"href":"https:\/\/akdenizolaygazetesi.com\/index.php?rest_route=\/wp\/v2\/posts\/21138\/revisions\/21140"}],"wp:featuredmedia":[{"embeddable":true,"href":"https:\/\/akdenizolaygazetesi.com\/index.php?rest_route=\/wp\/v2\/media\/21139"}],"wp:attachment":[{"href":"https:\/\/akdenizolaygazetesi.com\/index.php?rest_route=%2Fwp%2Fv2%2Fmedia&parent=21138"}],"wp:term":[{"taxonomy":"category","embeddable":true,"href":"https:\/\/akdenizolaygazetesi.com\/index.php?rest_route=%2Fwp%2Fv2%2Fcategories&post=21138"},{"taxonomy":"post_tag","embeddable":true,"href":"https:\/\/akdenizolaygazetesi.com\/index.php?rest_route=%2Fwp%2Fv2%2Ftags&post=21138"}],"curies":[{"name":"wp","href":"https:\/\/api.w.org\/{rel}","templated":true}]}}