{"id":21141,"date":"2022-09-22T16:59:26","date_gmt":"2022-09-22T13:59:26","guid":{"rendered":"http:\/\/akdenizolaygazetesi.com\/?p=21141"},"modified":"2022-09-22T16:59:26","modified_gmt":"2022-09-22T13:59:26","slug":"bisikletlilerden-baskan-secere-destek-tesekkuru","status":"publish","type":"post","link":"https:\/\/akdenizolaygazetesi.com\/?p=21141","title":{"rendered":"B\u0130S\u0130KLETL\u0130LERDEN BA\u015eKAN SE\u00c7ER&#8217;E &#8216;DESTEK&#8217; TE\u015eEKK\u00dcR\u00dc"},"content":{"rendered":"<p>Mersin Bisiklet Derne\u011fi taraf\u0131ndan d\u00fczenlenen ve Mersin B\u00fcy\u00fck\u015fehir Belediyesi&#8217;nin de destekledi\u011fi &#8216;9. Uluslararas\u0131 Bisiklet Festivali&#8217; kapsam\u0131nda bisikletliler, Ba\u015fkan Vahap Se\u00e7er&#8217;i ziyaret etti. Ta\u015f Bina \u00f6n\u00fcnde Ba\u015fkan Se\u00e7er&#8217;le bulu\u015fan ve foto\u011fraf \u00e7ektiren bisikletliler, Ba\u015fkan Se\u00e7er&#8217;e bisiklet kullan\u0131c\u0131lar\u0131na y\u00f6nelik \u00e7al\u0131\u015fmalar\u0131ndan dolay\u0131 te\u015fekk\u00fcrlerini ilettiler.<br \/>\n&#8220;Bisiklet kullan\u0131m\u0131n\u0131n \u00e7ok y\u00f6nl\u00fc yarar\u0131 var&#8221;<br \/>\nBisiklet kullan\u0131m\u0131n \u00f6nemine de\u011finerek konu\u015fmas\u0131na ba\u015flayan Mersin B\u00fcy\u00fck\u015fehir Belediye Ba\u015fkan\u0131 Vahap Se\u00e7er, &#8220;Bisiklet kullan\u0131m\u0131n\u0131n \u00e7ok y\u00f6nl\u00fc yarar\u0131 var. Bir kere spor yap\u0131yorsunuz, sa\u011fl\u0131k a\u00e7\u0131s\u0131ndan \u00f6nemli. \u0130kincisi son y\u0131llarda k\u00fcresel \u0131s\u0131nma, d\u00fcnyada \u00e7ok b\u00fcy\u00fck bir sorun. Ta\u015f\u0131tlar\u0131n \u00e7\u0131kard\u0131\u011f\u0131 gazlar, do\u011faya zarar veriyor. Bisiklet kullan\u0131m\u0131n\u0131 ne kadar \u00e7ok artt\u0131r\u0131rsan\u0131z, motorlu ara\u00e7lara o kadar az ihtiyac\u0131n\u0131z olur. Do\u011fal olarak \u00e7evreyi de korumu\u015f olursunuz. Yani bisiklet kullan\u0131m\u0131 ile bir ta\u015fla birka\u00e7 ku\u015fu birden vurabilirsiniz&#8221; dedi.<br \/>\n&#8220;Her noktada g\u00fcvenli bisiklet yollar\u0131 yap\u0131yoruz&#8221;<br \/>\nBisiklet kullan\u0131m\u0131 ve bisiklet yollar\u0131n\u0131n Mersin gibi \u00e7a\u011fda\u015f, modern bir kente muazzam bir g\u00f6rsellik katt\u0131\u011f\u0131n\u0131 ifade eden Ba\u015fkan Se\u00e7er, &#8220;Bu konuda \u00f6nemli \u00e7al\u0131\u015fmalar yap\u0131yoruz. Zaten belediye y\u00f6netimine gelmeden \u00f6nce, yapaca\u011f\u0131m\u0131z \u00e7al\u0131\u015fmalar i\u00e7erisine bisiklet yollar\u0131n\u0131 alm\u0131\u015ft\u0131k. Bu s\u00f6z\u00fcm\u00fczde duruyoruz. Bizim \u015fu anda biten, yap\u0131lma ve proje a\u015famas\u0131nda olan toplamda yakla\u015f\u0131k 411 kilometre bisiklet yollar\u0131m\u0131z var. Bunun 95 kilometresi tamamlanm\u0131\u015f, 35 kilometresinin yap\u0131m\u0131 \u015fu anda devam ediyor ve 277 kilometre de proje a\u015famas\u0131nda. Sadece merkezde de\u011fil; Tarsus, Erdemli, Silifke ve Anamur&#8217;da, her noktada yeni a\u00e7t\u0131\u011f\u0131m\u0131z bulvarlarda, yeni yapt\u0131\u011f\u0131m\u0131z ya da yeniledi\u011fimiz yollarda g\u00fcvenli bisiklet yolu mutlaka oluyor. Delinat\u00f6rler, \u00e7izgiler, ara\u00e7lar\u0131n park etmemesi i\u00e7in gerekli \u00f6nlemler de al\u0131n\u0131yor&#8221; diye konu\u015ftu.<br \/>\n&#8220;EuroVole, Mersin&#8217;in Avrupa&#8217;ya tan\u0131t\u0131m\u0131 i\u00e7in \u00e7ok \u00f6nemli&#8221;<br \/>\nAvrupa Bisiklet Rotalar\u0131 A\u011f\u0131&#8217;na (EuroVelo) girmek istediklerini ve bu y\u00f6nde \u00e7al\u0131\u015fmalar\u0131n s\u00fcrd\u00fc\u011f\u00fcn\u00fc de s\u00f6yleyen Ba\u015fkan Se\u00e7er, &#8220;Arkada\u015flar\u0131m\u0131z bu konuda \u00e7ok de\u011ferli \u00e7al\u0131\u015fmalar yapt\u0131. Yak\u0131n zamanda netice alaca\u011f\u0131m\u0131z\u0131 d\u00fc\u015f\u00fcn\u00fcyorum. Ayn\u0131 zamanda Mersin&#8217;in Avrupa&#8217;ya tan\u0131t\u0131m\u0131 i\u00e7in de \u00e7ok \u00f6nemli. \u00c7\u00fcnk\u00fc tarihi yerleri kapsayan bir bisiklet yolu. Onu da k\u0131sa s\u00fcrede neticelendirece\u011fiz diye d\u00fc\u015f\u00fcn\u00fcyorum. Yine toplu ta\u015f\u0131mada bisiklet aparatlar\u0131m\u0131z var. Yeni ald\u0131\u011f\u0131m\u0131z 272 otob\u00fcs\u00fcn 144 adedinde bisiklet aparat\u0131 var. Yine festivaller yap\u0131l\u0131yor. \u0130\u015fte Uluslararas\u0131 Bisiklet Festivali. Ge\u00e7en May\u0131s ay\u0131nda Tarsus&#8217;ta Kleopatra Bisiklet Festivali&#8217;ni yapt\u0131k. Yine 7, 8, 9 Ekim&#8217;de Erdemli ve Silifke&#8217;yi kapsayan Caretta Bisiklet Festivalimizi ger\u00e7ekle\u015ftirece\u011fiz&#8221; dedi.<br \/>\n&#8220;Bisikletle ilgili projelerimizi daha da artt\u0131r\u0131yoruz&#8221;<br \/>\nBisiklet kullan\u0131c\u0131lar\u0131 i\u00e7in Teksin&#8217;de yap\u0131m a\u015famas\u0131nda olan \u00e7al\u0131\u015fmadan da s\u00f6z eden Ba\u015fkan Se\u00e7er, &#8220;Kente gelen, kenti ziyaret eden ya da burada ya\u015fayan ve &#8216;Bug\u00fcn bisiklet kullanmay\u0131 istiyorum&#8217; diyenler, Teksin&#8217;de bu uygulamaya girdi\u011fi zaman, bisiklet yollar\u0131m\u0131z\u0131 oradan g\u00f6recekler. Ona g\u00f6re bisiklet konumuna kendileri de kat\u0131labilecekler. \u00c7ok y\u00f6nl\u00fc \u00e7al\u0131\u015fmalar\u0131m\u0131z var, devam edece\u011fiz. Kentbis zaten devam ediyor. K\u00fclt\u00fcr Park&#8217;ta \u015fu anda 85 bisikletimiz var. \u0130htiya\u00e7 durumunda bunlar artt\u0131r\u0131l\u0131yor. Her \u015fey Mersin i\u00e7in, her \u015fey vatanda\u015flar\u0131m\u0131z i\u00e7in, daha mutlu bir ya\u015fam i\u00e7in, daha uygar bir ya\u015fam i\u00e7in&#8221; ifadelerini kulland\u0131.<br \/>\nUygun: &#8220;Ta\u015f Bina&#8217;ya kadar, B\u00fcy\u00fck\u015fehir&#8217;in yapt\u0131\u011f\u0131 bisiklet yolundan geldik&#8221;<br \/>\n9. Uluslararas\u0131 Bisiklet Festivali&#8217;nin birinci g\u00fcn\u00fcnde olduklar\u0131n\u0131 belirterek k\u0131sa bir konu\u015fma yapan Mersin Bisiklet Derne\u011fi Ba\u015fkan\u0131 S\u00fcleyman Uygun, &#8220;\u015eu anda buraya, B\u00fcy\u00fck\u015fehir Belediyemizin, Vahap Ba\u015fkan\u0131m\u0131z\u0131n yapm\u0131\u015f oldu\u011fu bisiklet yolundan geldik. 81 farkl\u0131 \u015fehirden ve yurt d\u0131\u015f\u0131ndan gelen kat\u0131l\u0131mc\u0131lar \u00e7ok be\u011fendiler. Vahap Ba\u015fkan, bisiklet konusunda zaten tamamen g\u00f6n\u00fclda\u015f\u0131m\u0131z, kendisi de bisiklet kullan\u0131c\u0131s\u0131. Vermi\u015f oldu\u011fu desteklerden dolay\u0131 \u00e7ok \u00e7ok te\u015fekk\u00fcr ediyoruz&#8221; dedi.<\/p>\n","protected":false},"excerpt":{"rendered":"<p>Mersin Bisiklet Derne\u011fi taraf\u0131ndan d\u00fczenlenen ve Mersin B\u00fcy\u00fck\u015fehir Belediyesi&#8217;nin de destekledi\u011fi &#8216;9. Uluslararas\u0131 Bisiklet Festivali&#8217; kapsam\u0131nda bisikletliler, Ba\u015fkan Vahap Se\u00e7er&#8217;i ziyaret etti. Ta\u015f Bina \u00f6n\u00fcnde Ba\u015fkan Se\u00e7er&#8217;le bulu\u015fan ve foto\u011fraf &hellip; <a href=\"https:\/\/akdenizolaygazetesi.com\/?p=21141\" class=\"more-link\">Devam\u0131n\u0131 Oku&#8230;<\/a><\/p>\n","protected":false},"author":2,"featured_media":21142,"comment_status":"open","ping_status":"open","sticky":false,"template":"","format":"standard","meta":[],"categories":[3,10],"tags":[],"_links":{"self":[{"href":"https:\/\/akdenizolaygazetesi.com\/index.php?rest_route=\/wp\/v2\/posts\/21141"}],"collection":[{"href":"https:\/\/akdenizolaygazetesi.com\/index.php?rest_route=\/wp\/v2\/posts"}],"about":[{"href":"https:\/\/akdenizolaygazetesi.com\/index.php?rest_route=\/wp\/v2\/types\/post"}],"author":[{"embeddable":true,"href":"https:\/\/akdenizolaygazetesi.com\/index.php?rest_route=\/wp\/v2\/users\/2"}],"replies":[{"embeddable":true,"href":"https:\/\/akdenizolaygazetesi.com\/index.php?rest_route=%2Fwp%2Fv2%2Fcomments&post=21141"}],"version-history":[{"count":1,"href":"https:\/\/akdenizolaygazetesi.com\/index.php?rest_route=\/wp\/v2\/posts\/21141\/revisions"}],"predecessor-version":[{"id":21143,"href":"https:\/\/akdenizolaygazetesi.com\/index.php?rest_route=\/wp\/v2\/posts\/21141\/revisions\/21143"}],"wp:featuredmedia":[{"embeddable":true,"href":"https:\/\/akdenizolaygazetesi.com\/index.php?rest_route=\/wp\/v2\/media\/21142"}],"wp:attachment":[{"href":"https:\/\/akdenizolaygazetesi.com\/index.php?rest_route=%2Fwp%2Fv2%2Fmedia&parent=21141"}],"wp:term":[{"taxonomy":"category","embeddable":true,"href":"https:\/\/akdenizolaygazetesi.com\/index.php?rest_route=%2Fwp%2Fv2%2Fcategories&post=21141"},{"taxonomy":"post_tag","embeddable":true,"href":"https:\/\/akdenizolaygazetesi.com\/index.php?rest_route=%2Fwp%2Fv2%2Ftags&post=21141"}],"curies":[{"name":"wp","href":"https:\/\/api.w.org\/{rel}","templated":true}]}}