{"id":21144,"date":"2022-09-22T17:01:04","date_gmt":"2022-09-22T14:01:04","guid":{"rendered":"http:\/\/akdenizolaygazetesi.com\/?p=21144"},"modified":"2022-09-22T17:01:04","modified_gmt":"2022-09-22T14:01:04","slug":"yenisehir-belediyesi-sosyal-farkindalik-soylesileri-basliyor","status":"publish","type":"post","link":"https:\/\/akdenizolaygazetesi.com\/?p=21144","title":{"rendered":"Yeni\u015fehir Belediyesi \u201cSosyal Fark\u0131ndal\u0131k S\u00f6yle\u015fileri\u201d ba\u015fl\u0131yor"},"content":{"rendered":"<p>Mersin Yeni\u015fehir Belediyesi, farkl\u0131 alanlarda uzmanlar\u0131n kat\u0131l\u0131m\u0131yla \u00fccretsiz \u201cSosyal Fark\u0131ndal\u0131k S\u00f6yle\u015fileri\u201d d\u00fczenliyor.<br \/>\nYeni\u015fehir Belediyesi taraf\u0131ndan d\u00fczenlenecek ve alan\u0131nda uzman g\u00f6n\u00fcll\u00fclerin kat\u0131l\u0131m\u0131yla yap\u0131lacak s\u00f6yle\u015filerde vatanda\u015flar\u0131n ilgi alanlar\u0131na g\u00f6re ki\u015fisel geli\u015fimlerine katk\u0131 sunulacak. \u201cSosyal Fark\u0131ndal\u0131k S\u00f6yle\u015fileri\u201dnin t\u00fcm\u00fc saat 15.00\u2019te Yeni\u015fehir Belediyesi ana hizmet binas\u0131nda bulunan nikah salonunda yap\u0131lacak. 23 Eyl\u00fcl Cuma g\u00fcn\u00fc ba\u015flayacak s\u00f6yle\u015fi program\u0131nda Aile Dizimi Uygulay\u0131c\u0131s\u0131 Funda G\u00fclp\u0131nar taraf\u0131ndan verilecek \u201cAile Dizimi Tarih\u00e7esi-Atalardan Aktar\u0131m ve Sevgi D\u00fczenleri\u201d ba\u015fl\u0131kl\u0131 s\u00f6yle\u015fi bireylerin hayat\u0131ndaki ve aile ili\u015fkilerindeki t\u0131kan\u0131kl\u0131klar\u0131n \u00e7\u00f6z\u00fcme ula\u015fmas\u0131 a\u00e7\u0131s\u0131ndan i\u015fe yarayan bir terapi y\u00f6ntemi olan aile dizimi konu\u015fulacak. 29 Eyl\u00fcl Per\u015fembe g\u00fcn\u00fc ise EMCC akredite Ko\u00e7 ve Mentor Semra \u00c7elikta\u015f taraf\u0131ndan \u201cDenge ve Fark\u0131ndal\u0131k E\u011fitimi\u201d verilecek.<br \/>\n14 Ekim Cuma g\u00fcn\u00fc Avukat Cansu An\u0131lan taraf\u0131ndan \u201c\u0130nternette \u015eiddet ve Taciz-Haklar\u0131m\u0131z ve \u015eikayet Yollar\u0131\u201d, 20 Ekim Per\u015fembe g\u00fcn\u00fc Mersin Aile ve \u00c7al\u0131\u015fma ve Sosyal Hizmetler \u0130l M\u00fcd\u00fcrl\u00fc\u011f\u00fc Koruyucu Aile ve Birim Sorumlusu \u00dcmit Menken taraf\u0131ndan \u201cKoruyucu Aile olmak ve Toplum- \u00c7ocuk Haklar\u0131\u201d,  03 Kas\u0131m Per\u015fembe g\u00fcn\u00fc Kad\u0131n\u0131n \u0130nsan Haklar\u0131 E\u011fitim Program\u0131 E\u011fiticisi \u00d6zge G\u00f6nc\u00fc taraf\u0131ndan \u201cKad\u0131n Bak\u0131\u015f\u0131yla \u0130leti\u015fim\u201d,  22 Kas\u0131m Sal\u0131 g\u00fcn\u00fc Tarsus \u00dcniversitesi \u00d6\u011fr. G\u00f6r. \u00c7i\u011fdem Duman S\u00fcner ve  emekli \u00f6\u011fretmen Seyfi Karabulut taraf\u0131ndan \u201c\u00d6\u011fretmenli\u011fin D\u00fcn\u00fc, Bug\u00fcn\u00fc, Yar\u0131n\u0131\u201d,  2 Aral\u0131k Cuma g\u00fcn\u00fc  Mindfulness E\u011fitmeni ve Profesyonel Ko\u00e7 Asl\u0131 Ela Durmu\u015fo\u011flu taraf\u0131ndan \u201cHayat\u0131m\u0131zda Mindfulness\u201d, 6 Aral\u0131k Sal\u0131 g\u00fcn\u00fc Psikolojik ve Astrolojik Dan\u0131\u015fman \u00d6zlen Y\u0131lmazo\u011flu taraf\u0131ndan \u201cAstroloji ve G\u00f6ky\u00fcz\u00fcn\u00fcn Bize F\u0131s\u0131lt\u0131lar\u0131\u201d ve 13 Aral\u0131k Cuma g\u00fcn\u00fc Nefes Ko\u00e7u Banu Beybolat taraf\u0131ndan \u201cStresi Azaltan Nefes Teknikleri\u201d s\u00f6yle\u015fisi verilecek.<br \/>\n20 Ekim ve 3 Kas\u0131m tarihlerinde verilecek s\u00f6yle\u015filere Mersin Barosu Kad\u0131n ve \u00c7ocuk Merkezi\u2019nde avukatlar da s\u00f6yle\u015fiye kat\u0131lacak. <\/p>\n","protected":false},"excerpt":{"rendered":"<p>Mersin Yeni\u015fehir Belediyesi, farkl\u0131 alanlarda uzmanlar\u0131n kat\u0131l\u0131m\u0131yla \u00fccretsiz \u201cSosyal Fark\u0131ndal\u0131k S\u00f6yle\u015fileri\u201d d\u00fczenliyor. Yeni\u015fehir Belediyesi taraf\u0131ndan d\u00fczenlenecek ve alan\u0131nda uzman g\u00f6n\u00fcll\u00fclerin kat\u0131l\u0131m\u0131yla yap\u0131lacak s\u00f6yle\u015filerde vatanda\u015flar\u0131n ilgi alanlar\u0131na g\u00f6re ki\u015fisel geli\u015fimlerine katk\u0131 &hellip; <a href=\"https:\/\/akdenizolaygazetesi.com\/?p=21144\" class=\"more-link\">Devam\u0131n\u0131 Oku&#8230;<\/a><\/p>\n","protected":false},"author":2,"featured_media":21145,"comment_status":"open","ping_status":"open","sticky":false,"template":"","format":"standard","meta":[],"categories":[3],"tags":[],"_links":{"self":[{"href":"https:\/\/akdenizolaygazetesi.com\/index.php?rest_route=\/wp\/v2\/posts\/21144"}],"collection":[{"href":"https:\/\/akdenizolaygazetesi.com\/index.php?rest_route=\/wp\/v2\/posts"}],"about":[{"href":"https:\/\/akdenizolaygazetesi.com\/index.php?rest_route=\/wp\/v2\/types\/post"}],"author":[{"embeddable":true,"href":"https:\/\/akdenizolaygazetesi.com\/index.php?rest_route=\/wp\/v2\/users\/2"}],"replies":[{"embeddable":true,"href":"https:\/\/akdenizolaygazetesi.com\/index.php?rest_route=%2Fwp%2Fv2%2Fcomments&post=21144"}],"version-history":[{"count":1,"href":"https:\/\/akdenizolaygazetesi.com\/index.php?rest_route=\/wp\/v2\/posts\/21144\/revisions"}],"predecessor-version":[{"id":21146,"href":"https:\/\/akdenizolaygazetesi.com\/index.php?rest_route=\/wp\/v2\/posts\/21144\/revisions\/21146"}],"wp:featuredmedia":[{"embeddable":true,"href":"https:\/\/akdenizolaygazetesi.com\/index.php?rest_route=\/wp\/v2\/media\/21145"}],"wp:attachment":[{"href":"https:\/\/akdenizolaygazetesi.com\/index.php?rest_route=%2Fwp%2Fv2%2Fmedia&parent=21144"}],"wp:term":[{"taxonomy":"category","embeddable":true,"href":"https:\/\/akdenizolaygazetesi.com\/index.php?rest_route=%2Fwp%2Fv2%2Fcategories&post=21144"},{"taxonomy":"post_tag","embeddable":true,"href":"https:\/\/akdenizolaygazetesi.com\/index.php?rest_route=%2Fwp%2Fv2%2Ftags&post=21144"}],"curies":[{"name":"wp","href":"https:\/\/api.w.org\/{rel}","templated":true}]}}