{"id":21147,"date":"2022-09-22T17:02:53","date_gmt":"2022-09-22T14:02:53","guid":{"rendered":"http:\/\/akdenizolaygazetesi.com\/?p=21147"},"modified":"2022-09-22T17:02:53","modified_gmt":"2022-09-22T14:02:53","slug":"toroslar-belediyesi-avrupa-hareketlilik-haftasina-damga-vurdu","status":"publish","type":"post","link":"https:\/\/akdenizolaygazetesi.com\/?p=21147","title":{"rendered":"TOROSLAR BELED\u0130YES\u0130, AVRUPA HAREKETL\u0130L\u0130K HAFTASI&#8217;NA DAMGA VURDU"},"content":{"rendered":"<p>Toroslar&#8217;da, Avrupa Hareketlilik Haftas\u0131 dolu dolu sportif ve \u00e7evreci etkinliklerle ge\u00e7ti.<\/p>\n<p>Toroslar Belediye Ba\u015fkan\u0131 Ats\u0131z Af\u015f\u0131n Y\u0131lmaz, gelecek nesillere daha sa\u011fl\u0131kl\u0131 bir \u00e7evre b\u0131rakmak ve hareketli ya\u015fama fark\u0131ndal\u0131k olu\u015fturmak amac\u0131yla d\u00fczenledikleri etkinliklere kat\u0131lan herkese te\u015fekk\u00fcr etti.<\/p>\n<p>Toroslar Belediyesi, her y\u0131l 16-22 Eyl\u00fcl tarihleri aras\u0131nda kutlanan Avrupa Hareketlilik Haftas\u0131&#8217;na bu y\u0131l da spor aktivitelerinden bisiklet s\u00fcr\u00fc\u015f\u00fcne ve Arabas\u0131z G\u00fcn etkinli\u011fine kadar bir dizi programla e\u015flik etti.<\/p>\n<p>Toroslar Belediye Ba\u015fkan\u0131 Ats\u0131z Af\u015f\u0131n Y\u0131lmaz&#8217;\u0131n sa\u011fl\u0131kl\u0131 ya\u015fam\u0131n benimsenmesi i\u00e7in kilometrelerce pedal \u00e7evirdi\u011fi etkinliklerde belediye personeli de Masa Tenisi ve Dart Turnuvas\u0131&#8217;nda bulu\u015ftu. Halkkent Mahallesi 1000 ki\u015filik Spor Salonu&#8217;nda, kurumlar aras\u0131 ger\u00e7ekle\u015fen turnuvada dostluk kazand\u0131.<\/p>\n<p>\u00c7a\u011fda\u015fkent Mahallesindeki 3 Ocak Spor Kompleksi&#8217;nde bir araya gelen 80 sporcu da Kort Tenis Turnuvas\u0131&#8217;n\u0131n final m\u00fcsabakas\u0131nda raketlerini sa\u011fl\u0131kl\u0131 ya\u015fam i\u00e7in konu\u015fturdu.<\/p>\n<p>Etkinlikler, halat \u00e7ekme yar\u0131\u015fmas\u0131yla ta\u00e7land\u0131. Osmaniye Semt Sahas\u0131&#8217;nda Belediye Meclis \u00dcyeleri ve belediye personelinin kat\u0131ld\u0131\u011f\u0131 etkinli\u011fe \u00e7ocuklar ve gen\u00e7ler de yo\u011fun ilgi g\u00f6sterdi. Her tak\u0131m\u0131n 4 erkek, 1 bayan ve 1 yedek sporcu ile yar\u0131\u015ft\u0131\u011f\u0131 m\u00fcsabakalarda belediye personeli, ilk \u00fc\u00e7e girebilmek i\u00e7in m\u00fccadele etti.<\/p>\n<p>Yar\u0131\u015fmada; Temizlik \u0130\u015fleri M\u00fcd\u00fcrl\u00fc\u011f\u00fc birinci, Gen\u00e7lik ve Spor Hizmetleri M\u00fcd\u00fcrl\u00fc\u011f\u00fc ikinci, Zab\u0131ta M\u00fcd\u00fcrl\u00fc\u011f\u00fc ise \u00fc\u00e7\u00fcnc\u00fc oldu.<\/p>\n<p>Ba\u015fkan Y\u0131lmaz; &#8220;Hareketlili\u011fi Ya\u015fam Standard\u0131 Haline Getirmeliyiz&#8221;<\/p>\n<p>Toroslar Belediye Ba\u015fkan\u0131 Ats\u0131z Af\u015f\u0131n Y\u0131lmaz, T\u00fcrkiye Belediyeler Birli\u011fi&#8217;nin ulusal koordinat\u00f6rl\u00fc\u011f\u00fcnde ve Avrupa Birli\u011fi T\u00fcrkiye Delegasyonu&#8217;nun deste\u011fiyle s\u00fcrd\u00fcr\u00fclen kampanya kapsam\u0131nda &#8220;\u00c7e\u015fitlendir ve Devam Et&#8221; diyerek hafta boyunca belediye personelini, \u00f6zel bireyleri ve 7&#8217;den 70&#8217;e herkesi sportif etkinliklerle bulu\u015fturduklar\u0131n\u0131 s\u00f6yledi.<\/p>\n<p>&#8220;Ba\u015far\u0131l\u0131 ve mutlu bir ya\u015fam i\u00e7in sa\u011fl\u0131k \u015fart&#8221; diyen Ba\u015fkan Y\u0131lmaz; &#8220;Koronavir\u00fcs salg\u0131n\u0131 s\u00fcresince sa\u011fl\u0131\u011f\u0131n her \u015feyin \u00f6n\u00fcnde oldu\u011funu hep birlikte g\u00f6rd\u00fck.  G\u00f6reve geldi\u011fimiz g\u00fcnden bug\u00fcne kadar amac\u0131m\u0131z, insanlar\u0131 sa\u011fl\u0131kl\u0131 ya\u015fama ve spora y\u00f6nlendirmek oldu.3 y\u0131ld\u0131r kat\u0131l\u0131m g\u00f6sterdi\u011fimiz Avrupa Hareketlilik Haftas\u0131&#8217;n\u0131 bu y\u0131l da d\u00fczenledi\u011fimiz pek \u00e7ok renkli aktiviteyle ta\u00e7land\u0131rd\u0131k. Hep birlikte hem e\u011flendik, hem de sa\u011fl\u0131kl\u0131 bir hafta ge\u00e7irdik. Etkinliklerimize kat\u0131lan herkese te\u015fekk\u00fcr ediyorum&#8221; diye konu\u015ftu.<\/p>\n","protected":false},"excerpt":{"rendered":"<p>Toroslar&#8217;da, Avrupa Hareketlilik Haftas\u0131 dolu dolu sportif ve \u00e7evreci etkinliklerle ge\u00e7ti. Toroslar Belediye Ba\u015fkan\u0131 Ats\u0131z Af\u015f\u0131n Y\u0131lmaz, gelecek nesillere daha sa\u011fl\u0131kl\u0131 bir \u00e7evre b\u0131rakmak ve hareketli ya\u015fama fark\u0131ndal\u0131k olu\u015fturmak amac\u0131yla &hellip; <a href=\"https:\/\/akdenizolaygazetesi.com\/?p=21147\" class=\"more-link\">Devam\u0131n\u0131 Oku&#8230;<\/a><\/p>\n","protected":false},"author":2,"featured_media":21148,"comment_status":"open","ping_status":"open","sticky":false,"template":"","format":"standard","meta":[],"categories":[2,3,5,10],"tags":[],"_links":{"self":[{"href":"https:\/\/akdenizolaygazetesi.com\/index.php?rest_route=\/wp\/v2\/posts\/21147"}],"collection":[{"href":"https:\/\/akdenizolaygazetesi.com\/index.php?rest_route=\/wp\/v2\/posts"}],"about":[{"href":"https:\/\/akdenizolaygazetesi.com\/index.php?rest_route=\/wp\/v2\/types\/post"}],"author":[{"embeddable":true,"href":"https:\/\/akdenizolaygazetesi.com\/index.php?rest_route=\/wp\/v2\/users\/2"}],"replies":[{"embeddable":true,"href":"https:\/\/akdenizolaygazetesi.com\/index.php?rest_route=%2Fwp%2Fv2%2Fcomments&post=21147"}],"version-history":[{"count":1,"href":"https:\/\/akdenizolaygazetesi.com\/index.php?rest_route=\/wp\/v2\/posts\/21147\/revisions"}],"predecessor-version":[{"id":21149,"href":"https:\/\/akdenizolaygazetesi.com\/index.php?rest_route=\/wp\/v2\/posts\/21147\/revisions\/21149"}],"wp:featuredmedia":[{"embeddable":true,"href":"https:\/\/akdenizolaygazetesi.com\/index.php?rest_route=\/wp\/v2\/media\/21148"}],"wp:attachment":[{"href":"https:\/\/akdenizolaygazetesi.com\/index.php?rest_route=%2Fwp%2Fv2%2Fmedia&parent=21147"}],"wp:term":[{"taxonomy":"category","embeddable":true,"href":"https:\/\/akdenizolaygazetesi.com\/index.php?rest_route=%2Fwp%2Fv2%2Fcategories&post=21147"},{"taxonomy":"post_tag","embeddable":true,"href":"https:\/\/akdenizolaygazetesi.com\/index.php?rest_route=%2Fwp%2Fv2%2Ftags&post=21147"}],"curies":[{"name":"wp","href":"https:\/\/api.w.org\/{rel}","templated":true}]}}