{"id":21150,"date":"2022-09-22T17:05:34","date_gmt":"2022-09-22T14:05:34","guid":{"rendered":"http:\/\/akdenizolaygazetesi.com\/?p=21150"},"modified":"2022-09-22T17:05:34","modified_gmt":"2022-09-22T14:05:34","slug":"yenisehir-belediyesi-avrupa-hareketlilik-haftasinda-fark-yaratti","status":"publish","type":"post","link":"https:\/\/akdenizolaygazetesi.com\/?p=21150","title":{"rendered":"Yeni\u015fehir Belediyesi Avrupa Hareketlilik Haftas\u0131\u2019nda fark yaratt\u0131"},"content":{"rendered":"<p>Avrupa Hareketlilik Haftas\u0131 kapsam\u0131nda Mersin Yeni\u015fehir Belediyesi taraf\u0131ndan 7 g\u00fcn boyunca d\u00fczenlenen etkinliklerle vatanda\u015flar hareketli ve sa\u011fl\u0131kl\u0131 vakit ge\u00e7irirken, temiz \u00e7evre konusunda da fark\u0131ndal\u0131k yarat\u0131ld\u0131.<br \/>\nMersin Yeni\u015fehir Belediyesi, s\u00fcrd\u00fcr\u00fclebilir hareketlilik bi\u00e7imlerini desteklemek ve fark\u0131ndal\u0131k olu\u015fturmak amac\u0131yla Avrupa Hareketlilik Haftas\u0131 kapsam\u0131nda16 \u2013 22 Eyl\u00fcl tarihleri aras\u0131nda birbirinden renkli, hareketli ve ekolojik etkinlikler d\u00fczenledi. Egzersiz ve zumba etkinlikleri, Yeni\u015fehir Gelincik Tepesi\u2019nde yama\u00e7 para\u015f\u00fct\u00fc u\u00e7u\u015flar\u0131, do\u011fa y\u00fcr\u00fcy\u00fc\u015f\u00fc, denizalt\u0131 temizli\u011fi ve bisiklet turuyla Avrupa Hareketlilik Haftas\u0131 Yeni\u015fehir\u2019de dolu dolu ge\u00e7ti. Yeni\u015fehir Belediyesi sivil toplum kurulu\u015flar\u0131yla havada, karada ve denizde d\u00fczenledi\u011fi etkinlerle Avrupa Hareketlilik Haftas\u0131\u2019nda fark yaratt\u0131.<br \/>\nBa\u015fkan Abdullah \u00d6zyi\u011fit, \u201cYeni\u015fehir\u2019de hareket bitmez.\u201d<br \/>\nYeni\u015fehir Belediye Ba\u015fkan\u0131 Abdullah \u00d6zyi\u011fit,\u201cY\u00f6netim anlay\u0131\u015f\u0131m\u0131z\u0131 olu\u015fturdu\u011fumuz 6 temel ilkemizden biri de zaten \u2018Hareket\u2019 ilkesiydi. Bu ilkemiz kapsam\u0131nda temel amac\u0131m\u0131z Yeni\u015fehir\u2019imizde k\u00fclt\u00fcr, sanat, spor ve ekoloji gibi sosyal ya\u015fam\u0131n her alan\u0131nda sa\u011fl\u0131kl\u0131 ve nitelikli hareketi sa\u011flamakt\u0131. G\u00f6reve ba\u015flad\u0131\u011f\u0131m\u0131z g\u00fcnden bu yana kentimizde b\u00fcy\u00fck hareket olu\u015fturduk. Nitekim her y\u0131l Avrupa Hareketlilik Haftas\u0131\u2019nda da \u00e7ok k\u0131ymetli fark\u0131ndal\u0131k olu\u015fturan ve hem vatanda\u015flar\u0131m\u0131za hem de do\u011fam\u0131za fayda sa\u011flayan etkinlikler d\u00fczenledik. Bu y\u0131l da vatanda\u015flar\u0131m\u0131z\u0131n ve sivil toplum kurulu\u015flar\u0131m\u0131z\u0131n da kat\u0131l\u0131m\u0131 ve deste\u011fiyle \u00e7ok g\u00fczel bir hafta ge\u00e7irdik. Sa\u011fl\u0131kl\u0131 hareket \u00e7ok k\u0131ymetli, destek veren ve etkinlerimize kat\u0131lan t\u00fcm hem\u015fehrilerimize te\u015fekk\u00fcr ediyorum. Yeni\u015fehir\u2019de hareket bitmez.\u201ddiye konu\u015ftu.<br \/>\nBa\u015fkan Abdullah \u00d6zyi\u011fit, Yeni\u015fehir Belediyesinin de destek verdi\u011fi Mersin Bisiklet Derne\u011fi 9.Uluslararas\u0131 Bisiklet Festivali kapsam\u0131nda bisiklet turu d\u00fczenleyen bisiklet\u00e7ileri a\u011f\u0131rlad\u0131. Ba\u015fkan \u00d6zyi\u011fit, Yeni\u015fehir Belediyesine gelen bisiklet\u00e7ilerle birlikte \u201cArabadan in bisiklete bin\u201d mesaj\u0131 verdi. Mersin Bisiklet Derne\u011fi Ba\u015fkan\u0131 S\u00fcleyman Uygun ve bisikletliler Ba\u015fkan \u00d6zyi\u011fit\u2019e desteklerinden dolay\u0131 te\u015fekk\u00fcr etti. <\/p>\n","protected":false},"excerpt":{"rendered":"<p>Avrupa Hareketlilik Haftas\u0131 kapsam\u0131nda Mersin Yeni\u015fehir Belediyesi taraf\u0131ndan 7 g\u00fcn boyunca d\u00fczenlenen etkinliklerle vatanda\u015flar hareketli ve sa\u011fl\u0131kl\u0131 vakit ge\u00e7irirken, temiz \u00e7evre konusunda da fark\u0131ndal\u0131k yarat\u0131ld\u0131. Mersin Yeni\u015fehir Belediyesi, s\u00fcrd\u00fcr\u00fclebilir hareketlilik &hellip; <a href=\"https:\/\/akdenizolaygazetesi.com\/?p=21150\" class=\"more-link\">Devam\u0131n\u0131 Oku&#8230;<\/a><\/p>\n","protected":false},"author":2,"featured_media":21151,"comment_status":"open","ping_status":"open","sticky":false,"template":"","format":"standard","meta":[],"categories":[7,2,3,9,10],"tags":[],"_links":{"self":[{"href":"https:\/\/akdenizolaygazetesi.com\/index.php?rest_route=\/wp\/v2\/posts\/21150"}],"collection":[{"href":"https:\/\/akdenizolaygazetesi.com\/index.php?rest_route=\/wp\/v2\/posts"}],"about":[{"href":"https:\/\/akdenizolaygazetesi.com\/index.php?rest_route=\/wp\/v2\/types\/post"}],"author":[{"embeddable":true,"href":"https:\/\/akdenizolaygazetesi.com\/index.php?rest_route=\/wp\/v2\/users\/2"}],"replies":[{"embeddable":true,"href":"https:\/\/akdenizolaygazetesi.com\/index.php?rest_route=%2Fwp%2Fv2%2Fcomments&post=21150"}],"version-history":[{"count":1,"href":"https:\/\/akdenizolaygazetesi.com\/index.php?rest_route=\/wp\/v2\/posts\/21150\/revisions"}],"predecessor-version":[{"id":21152,"href":"https:\/\/akdenizolaygazetesi.com\/index.php?rest_route=\/wp\/v2\/posts\/21150\/revisions\/21152"}],"wp:featuredmedia":[{"embeddable":true,"href":"https:\/\/akdenizolaygazetesi.com\/index.php?rest_route=\/wp\/v2\/media\/21151"}],"wp:attachment":[{"href":"https:\/\/akdenizolaygazetesi.com\/index.php?rest_route=%2Fwp%2Fv2%2Fmedia&parent=21150"}],"wp:term":[{"taxonomy":"category","embeddable":true,"href":"https:\/\/akdenizolaygazetesi.com\/index.php?rest_route=%2Fwp%2Fv2%2Fcategories&post=21150"},{"taxonomy":"post_tag","embeddable":true,"href":"https:\/\/akdenizolaygazetesi.com\/index.php?rest_route=%2Fwp%2Fv2%2Ftags&post=21150"}],"curies":[{"name":"wp","href":"https:\/\/api.w.org\/{rel}","templated":true}]}}