{"id":21159,"date":"2022-09-23T13:07:52","date_gmt":"2022-09-23T10:07:52","guid":{"rendered":"http:\/\/akdenizolaygazetesi.com\/?p=21159"},"modified":"2022-09-23T13:07:52","modified_gmt":"2022-09-23T10:07:52","slug":"yarali-carettayi-buyuksehir-ekipleri-kurtardi","status":"publish","type":"post","link":"https:\/\/akdenizolaygazetesi.com\/?p=21159","title":{"rendered":"YARALI CARETTA&#8217;YI B\u00dcY\u00dcK\u015eEH\u0130R EK\u0130PLER\u0130 KURTARDI"},"content":{"rendered":"<p>Mersin B\u00fcy\u00fck\u015fehir Belediyesi&#8217;ne ba\u011fl\u0131 ekipler, hayat\u0131n her alan\u0131nda do\u011fay\u0131 ve canl\u0131y\u0131 korumak amac\u0131yla s\u00fcrd\u00fcrd\u00fc\u011f\u00fc \u00e7al\u0131\u015fmalar\u0131na, bug\u00fcn bir yenisini daha ekledi.<\/p>\n<p>Mersin Liman\u0131 i\u00e7erisinde rutin temizlik \u00e7al\u0131\u015fmalar\u0131 esnas\u0131nda kar\u015f\u0131la\u015ft\u0131klar\u0131 yaral\u0131 haldeki caretta caretta&#8217;y\u0131 tekneye alarak karaya \u00e7\u0131karan ekipler, Deniz Kaplumba\u011fas\u0131 Hastanesi yetkililerini \u00e7a\u011f\u0131rarak tedavisinin ba\u015flamas\u0131n\u0131 sa\u011flad\u0131.<\/p>\n<p>Yaral\u0131 vaziyetteki deniz kaplumba\u011fas\u0131n\u0131 g\u00f6rd\u00fcklerinde y\u00fczemedi\u011fini fark ettiklerini s\u00f6yleyen \u0130klim De\u011fi\u015fikli\u011fi ve S\u0131f\u0131r At\u0131k Dairesi Ba\u015fkanl\u0131\u011f\u0131&#8217;nda Kimya M\u00fchendisi olarak g\u00f6rev yapan Emre \u00dcresin, &#8220;Ekiplerimiz temizlik esnas\u0131nda; dalmakta zorlanan, hatta dalamayan ve y\u00fczemeyen bir carettaya rastl\u0131yorlar. Hemen carettaya m\u00fcdahale edip, tekneye \u00e7\u0131kartt\u0131lar. Biz de Deniz Kaplumba\u011fas\u0131 Hastanesi&#8217;ne haber verdik. Hastaneden gelip yaral\u0131 hayvan\u0131 al\u0131p g\u00f6t\u00fcrecek ve tedavi edecekler. Biz do\u011fal canl\u0131lar\u0131 korumak i\u00e7in, elimizden gelen t\u00fcm \u00e7abay\u0131 g\u00f6steriyoruz&#8221; dedi.<\/p>\n<p>Yaral\u0131 carettay\u0131 tekneye al\u0131p sonras\u0131nda karaya \u00e7\u0131karan Mersin B\u00fcy\u00fck\u015fehir Belediyesi Temizlik G\u00f6revlisi Ahmet Benli ise, yaral\u0131 carettay\u0131 bulduktan sonra canl\u0131 kalmas\u0131 i\u00e7in ellerinden geleni yapt\u0131klar\u0131n\u0131 belirterek, &#8220;Kaplumba\u011fay\u0131 g\u00f6rd\u00fck, ald\u0131k ve limana geri getirdik. Bayg\u0131n vaziyetteydi. Tatl\u0131 suyla kendine gelsin diye devaml\u0131 \u0131slak tutuyoruz. Kaplumba\u011fa Hastanesi&#8217;ne haber verdik, onlar gelene kadar canl\u0131 kalmas\u0131 i\u00e7in elimizden geleni yap\u0131yoruz&#8221; diye konu\u015ftu.<\/p>\n<p>Yaral\u0131 deniz kaplumba\u011fas\u0131 daha sonra Tar\u0131m ve Orman Bakanl\u0131\u011f\u0131&#8217;ndan gelen ekipler taraf\u0131ndan teslim al\u0131narak, tedavisinin yap\u0131lmas\u0131 i\u00e7in Davultepe&#8217;de bulunan Deniz Kaplumba\u011fas\u0131 Hastanesi&#8217;ne g\u00f6t\u00fcr\u00fcld\u00fc.<\/p>\n","protected":false},"excerpt":{"rendered":"<p>Mersin B\u00fcy\u00fck\u015fehir Belediyesi&#8217;ne ba\u011fl\u0131 ekipler, hayat\u0131n her alan\u0131nda do\u011fay\u0131 ve canl\u0131y\u0131 korumak amac\u0131yla s\u00fcrd\u00fcrd\u00fc\u011f\u00fc \u00e7al\u0131\u015fmalar\u0131na, bug\u00fcn bir yenisini daha ekledi. Mersin Liman\u0131 i\u00e7erisinde rutin temizlik \u00e7al\u0131\u015fmalar\u0131 esnas\u0131nda kar\u015f\u0131la\u015ft\u0131klar\u0131 yaral\u0131 haldeki &hellip; <a href=\"https:\/\/akdenizolaygazetesi.com\/?p=21159\" class=\"more-link\">Devam\u0131n\u0131 Oku&#8230;<\/a><\/p>\n","protected":false},"author":2,"featured_media":21160,"comment_status":"open","ping_status":"open","sticky":false,"template":"","format":"standard","meta":[],"categories":[2,3,5],"tags":[],"_links":{"self":[{"href":"https:\/\/akdenizolaygazetesi.com\/index.php?rest_route=\/wp\/v2\/posts\/21159"}],"collection":[{"href":"https:\/\/akdenizolaygazetesi.com\/index.php?rest_route=\/wp\/v2\/posts"}],"about":[{"href":"https:\/\/akdenizolaygazetesi.com\/index.php?rest_route=\/wp\/v2\/types\/post"}],"author":[{"embeddable":true,"href":"https:\/\/akdenizolaygazetesi.com\/index.php?rest_route=\/wp\/v2\/users\/2"}],"replies":[{"embeddable":true,"href":"https:\/\/akdenizolaygazetesi.com\/index.php?rest_route=%2Fwp%2Fv2%2Fcomments&post=21159"}],"version-history":[{"count":1,"href":"https:\/\/akdenizolaygazetesi.com\/index.php?rest_route=\/wp\/v2\/posts\/21159\/revisions"}],"predecessor-version":[{"id":21161,"href":"https:\/\/akdenizolaygazetesi.com\/index.php?rest_route=\/wp\/v2\/posts\/21159\/revisions\/21161"}],"wp:featuredmedia":[{"embeddable":true,"href":"https:\/\/akdenizolaygazetesi.com\/index.php?rest_route=\/wp\/v2\/media\/21160"}],"wp:attachment":[{"href":"https:\/\/akdenizolaygazetesi.com\/index.php?rest_route=%2Fwp%2Fv2%2Fmedia&parent=21159"}],"wp:term":[{"taxonomy":"category","embeddable":true,"href":"https:\/\/akdenizolaygazetesi.com\/index.php?rest_route=%2Fwp%2Fv2%2Fcategories&post=21159"},{"taxonomy":"post_tag","embeddable":true,"href":"https:\/\/akdenizolaygazetesi.com\/index.php?rest_route=%2Fwp%2Fv2%2Ftags&post=21159"}],"curies":[{"name":"wp","href":"https:\/\/api.w.org\/{rel}","templated":true}]}}