{"id":21168,"date":"2022-09-23T13:15:41","date_gmt":"2022-09-23T10:15:41","guid":{"rendered":"http:\/\/akdenizolaygazetesi.com\/?p=21168"},"modified":"2022-09-23T13:15:41","modified_gmt":"2022-09-23T10:15:41","slug":"ak-parti-genel-baskan-yardimcisi-mehmet-ozhasekiden-akdeniz-belediyesine-ziyaret","status":"publish","type":"post","link":"https:\/\/akdenizolaygazetesi.com\/?p=21168","title":{"rendered":"AK PART\u0130 GENEL BA\u015eKAN YARDIMCISI  MEHMET \u00d6ZHASEK\u0130\u2019DEN AKDEN\u0130Z BELED\u0130YES\u0130\u2019NE Z\u0130YARET"},"content":{"rendered":"<p>Bir dizi ziyaret ve temaslarda bulunmak \u00fczere Mersin\u2019e gelen AK Parti Genel Ba\u015fkan Yard\u0131mc\u0131s\u0131 Mehmet \u00d6zhaseki, Akdeniz Belediyesi\u2019ni de ziyaret ederek Ba\u015fkan Mustafa G\u00fcltak ile bir araya geldi.<br \/>\nZiyarette Akdeniz Belediye Ba\u015fkan\u0131 M. Mustafa G\u00fcltak, yerel se\u00e7imlerin \u00fczerinden ge\u00e7en 3 bu\u00e7uk y\u0131lda \u2018g\u00f6n\u00fcl belediyecili\u011fi\u2019 ilkesiyle Akdeniz\u2019i de\u011fi\u015ftiren, il\u00e7eye ve vatanda\u015flara kazand\u0131r\u0131lan hizmet ve projeleri anlatt\u0131. Belediye konferans salonunda ger\u00e7ekle\u015fen bulu\u015fmaya, AK Parti MKYK \u00fcyesi Yerel Y\u00f6netimler Ba\u015fkan Yard\u0131mc\u0131s\u0131 Mehmet Ali Ero\u011flu, AK Parti Mersin Milletvekilleri Hac\u0131 \u00d6zkan, Zeynep G\u00fcl Y\u0131lmaz ve Ali Cumhur Ta\u015fk\u0131n, AK Parti Mersin \u0130l Ba\u015fkan\u0131 Cesim Ercik, AK Parti Akdeniz \u0130l\u00e7e y\u00f6netimi, belediye ba\u015fkan yard\u0131mc\u0131lar\u0131, meclis \u00fcyeleri ve b\u00fcrokratlar kat\u0131ld\u0131.<br \/>\n\u00d6zhaseki; \u201cMilletin menfaatine olan ne varsa takip\u00e7isiyiz\u201d<br \/>\nBelediyeyi ziyareti s\u0131ras\u0131nda bir a\u00e7\u0131klama yapan AK Parti Genel Ba\u015fkan Yard\u0131mc\u0131s\u0131 ve Yerel Y\u00f6netimler Ba\u015fkan\u0131 Mehmet \u00d6zhaseki; \u201cMYK\u2019da ald\u0131\u011f\u0131m\u0131z karar neticesinde t\u00fcm belediyelerimizi geziyor, hizmetlerini takip ediyoruz. Ankara nezdinde de yap\u0131labilecek bir \u015fey varsa kendileriyle konu\u015fup \u00e7\u00f6z\u00fcm noktas\u0131n\u0131 buluyoruz. Amac\u0131m\u0131z, derdimiz hizmet vermek, ortaya eser b\u0131rakmak. Bunun i\u00e7indir ki T\u00fcrkiye\u2019deki t\u00fcm belediyelerimizi geziyoruz, hizmetleri isti\u015fare ediyoruz. Milletin menfaatine olan, vatanda\u015f\u0131n memnuniyetini sa\u011flayacak ne varsa onun takip\u00e7isiyiz. Ba\u015fkalar\u0131 gibi alg\u0131 pe\u015finde de\u011filiz, yalanlar pe\u015finde de\u011filiz. \u00c7\u00fcnk\u00fc yalanlar u\u00e7ucu, alg\u0131lar ge\u00e7icidir. \u0130nsanlar\u0131 en fazla yats\u0131ya kadar kand\u0131rabilirler ama hizmetler kal\u0131c\u0131, eseler kal\u0131c\u0131d\u0131r\u201d diye konu\u015ftu.<br \/>\nBa\u015fkan G\u00fcltak; \u201c\u0130\u015f\u00e7i \u00e7\u0131karmayan ender belediye ba\u015fkanlar\u0131ndan biriyim\u201d<br \/>\nLiman, serbest b\u00f6lge, organize sanayi b\u00f6lgesi ve daha bir\u00e7ok yat\u0131r\u0131m\u0131n ve ticari hareketlili\u011fin en yo\u011fun oldu\u011fu il\u00e7elerden biri olan Akdeniz\u2019i 232 milyon bor\u00e7 ile devrald\u0131klar\u0131n\u0131 anlatan Ba\u015fkan G\u00fcltak; \u201cAkdeniz\u2019i, olduk\u00e7a bor\u00e7lu bir belediye olarak kar\u015f\u0131m\u0131zda bulduk. Mersin\u2019de, \u015fu an i\u015f\u00e7i \u00e7\u0131karmayan ender belediye ba\u015fkanlar\u0131ndan biriyim. Mersin\u2019de, bar\u0131\u015f\u0131 ve karde\u015fli\u011fi sa\u011flamam\u0131z gerekiyordu. Bunun yolu da sahada olmakt\u0131. Haftan\u0131n 5 g\u00fcn\u00fcn\u00fc sahada ge\u00e7iriyoruz. Kalan g\u00fcnleri de makama ay\u0131r\u0131yoruz. Vatanda\u015flar\u0131m\u0131z\u0131n d\u00fc\u011f\u00fcnlerine, taziyelerine kat\u0131l\u0131yoruz\u201d diye konu\u015ftu.<br \/>\nAkdeniz\u2019i de\u011fi\u015ftiren d\u00f6n\u00fc\u015ft\u00fcren hizmet, proje ve \u00e7al\u0131\u015fmalar\u2026<br \/>\nAkdeniz\u2019i de\u011fi\u015ftiren hizmet ve projeleri anlatan Ba\u015fkan G\u00fcltak, s\u00f6zlerini \u015f\u00f6yle s\u00fcrd\u00fcrd\u00fc; \u201cG\u00f6reve gelir gelmez partimizin en \u00f6nemli hizmetlerinden biri olan \u2018Beyaz Masay\u0131\u2019 kurduk. \u0130lk g\u00fcnden beri insanlar\u0131m\u0131z\u0131 kap\u0131da kar\u015f\u0131l\u0131yoruz. \u0130\u015fleri bitinceye dek vatanda\u015flar\u0131m\u0131zla ilgileniyoruz. Mersin Millet Bah\u00e7esi\u2019nin kentimize ve insanlar\u0131m\u0131za kazand\u0131r\u0131lmas\u0131n\u0131 sa\u011flad\u0131k. \u00c7ay ve Bar\u0131\u015f Mahallesi\u2019nde, Akdeniz\u2019in kaderini de\u011fi\u015ftirecek toplu konut projelerinin start\u0131n\u0131 verdik. Spor a\u00e7\u0131s\u0131ndan da fakir olan il\u00e7emize, 3 bu\u00e7uk y\u0131lda 40 milyon TL tutar\u0131nda spor yat\u0131r\u0131mlar\u0131 kazand\u0131rd\u0131k. Ya\u015fl\u0131 ve engelli bak\u0131m hizmeti ba\u015flatt\u0131k. Okul bah\u00e7elerine kurdu\u011fumuz portatif havuzlar ile binlerce \u00e7ocu\u011fumuza y\u00fczmeyi \u00f6\u011frettik. Her g\u00fcn sokak g\u00f6sterilerinin ya\u015fand\u0131\u011f\u0131, 1 kilometre uzunlu\u011fundaki 142\u2019nci caddemizi de\u011fi\u015ftirip, \u00fcst\u00fc kapal\u0131, d\u00fckkanlar\u0131n ve evlerin yenilendi\u011fi kapal\u0131 bir pazaryerine d\u00f6n\u00fc\u015ft\u00fcrd\u00fck. G\u00f6reve gelir gelmez kad\u0131n kooperatifi kurduk. Kad\u0131nlara sat\u0131\u015f yapabilmeleri i\u00e7in kad\u0131n eme\u011fi diyar\u0131nda yer verdik. Kad\u0131nlar\u0131m\u0131z \u015fimdi de tar\u0131ma ba\u015flad\u0131. Akdam Mahallemize stevia (\u015feker otu) ile moringa \u00e7ay\u0131 bitkisi ektiler. T\u00fcrkiye\u2019de sim\u00fclat\u00f6rle vin\u00e7 operat\u00f6rl\u00fc\u011f\u00fc e\u011fitimi veren belediyelerin ba\u015f\u0131nda geliyoruz. Bu e\u011fitimi alan baz\u0131 kursiyerlerimiz limanda vin\u00e7 operat\u00f6r\u00fc olarak i\u015fe ba\u015flad\u0131. Gen\u00e7lerimize e\u011fitimde f\u0131rsat e\u015fitli\u011fi sa\u011flay\u0131p, \u00fccretsiz online e\u011fitim portal\u0131 ve et\u00fct merkezini hizmete a\u00e7t\u0131k. Akdeniz\u2019e 11 k\u00fclt\u00fcr ve sanat evi kazand\u0131rd\u0131k, Huzurkent\u2019e de 12\u2019nci k\u00fclt\u00fcr sanat evimizi yak\u0131nda hizmete a\u00e7aca\u011f\u0131z.\u201d<br \/>\n\u201cHeyecanl\u0131y\u0131z, \u00e7al\u0131\u015fkan\u0131z, 7\/24 sahaday\u0131z\u201d<br \/>\nAkdeniz\u2019e kazand\u0131rd\u0131klar\u0131 en \u00f6nemli hizmetin, bar\u0131\u015f\u0131, karde\u015fli\u011fi ve e\u015fitli\u011fi yeniden getirmek oldu\u011funu vurgulayan Ba\u015fkan G\u00fcltak, s\u00f6zlerini \u015f\u00f6yle sonland\u0131rd\u0131; \u201cHeyecanl\u0131y\u0131z, \u00e7al\u0131\u015fkan\u0131z, 7\/24 sahaday\u0131z. Bizlere inanan ve g\u00fcvenen insanlar\u0131m\u0131z\u0131n da deste\u011fiyle, ayn\u0131 inan\u00e7 ve kararl\u0131l\u0131kla Akdeniz\u2019e hizmet vermeye devam etmek istiyoruz. Ba\u015fta D\u00fcnya Lideri Cumhurba\u015fkan\u0131m\u0131z Say\u0131n Recep Tayyip Erdo\u011fan\u2019a te\u015fekk\u00fcr ediyorum. Bakan\u0131m\u0131z L\u00fctfi Elvan\u2019a, \u00e7ok de\u011ferli Milletvekillerimize, AK Parti \u0130l Ba\u015fkan\u0131m\u0131za ayr\u0131ca te\u015fekk\u00fcr ediyorum. \u0130lk g\u00fcnden beri genel merkez olarak derdimi dinleyen, bir abi olarak g\u00f6rd\u00fc\u011f\u00fcm\u00fcz Say\u0131n Mehmet \u00d6zhaseki\u2019ye de te\u015fekk\u00fcrlerimi arz ediyorum.\u201d<\/p>\n","protected":false},"excerpt":{"rendered":"<p>Bir dizi ziyaret ve temaslarda bulunmak \u00fczere Mersin\u2019e gelen AK Parti Genel Ba\u015fkan Yard\u0131mc\u0131s\u0131 Mehmet \u00d6zhaseki, Akdeniz Belediyesi\u2019ni de ziyaret ederek Ba\u015fkan Mustafa G\u00fcltak ile bir araya geldi. Ziyarette Akdeniz &hellip; <a href=\"https:\/\/akdenizolaygazetesi.com\/?p=21168\" class=\"more-link\">Devam\u0131n\u0131 Oku&#8230;<\/a><\/p>\n","protected":false},"author":2,"featured_media":21169,"comment_status":"open","ping_status":"open","sticky":false,"template":"","format":"standard","meta":[],"categories":[2,3,5],"tags":[],"_links":{"self":[{"href":"https:\/\/akdenizolaygazetesi.com\/index.php?rest_route=\/wp\/v2\/posts\/21168"}],"collection":[{"href":"https:\/\/akdenizolaygazetesi.com\/index.php?rest_route=\/wp\/v2\/posts"}],"about":[{"href":"https:\/\/akdenizolaygazetesi.com\/index.php?rest_route=\/wp\/v2\/types\/post"}],"author":[{"embeddable":true,"href":"https:\/\/akdenizolaygazetesi.com\/index.php?rest_route=\/wp\/v2\/users\/2"}],"replies":[{"embeddable":true,"href":"https:\/\/akdenizolaygazetesi.com\/index.php?rest_route=%2Fwp%2Fv2%2Fcomments&post=21168"}],"version-history":[{"count":1,"href":"https:\/\/akdenizolaygazetesi.com\/index.php?rest_route=\/wp\/v2\/posts\/21168\/revisions"}],"predecessor-version":[{"id":21170,"href":"https:\/\/akdenizolaygazetesi.com\/index.php?rest_route=\/wp\/v2\/posts\/21168\/revisions\/21170"}],"wp:featuredmedia":[{"embeddable":true,"href":"https:\/\/akdenizolaygazetesi.com\/index.php?rest_route=\/wp\/v2\/media\/21169"}],"wp:attachment":[{"href":"https:\/\/akdenizolaygazetesi.com\/index.php?rest_route=%2Fwp%2Fv2%2Fmedia&parent=21168"}],"wp:term":[{"taxonomy":"category","embeddable":true,"href":"https:\/\/akdenizolaygazetesi.com\/index.php?rest_route=%2Fwp%2Fv2%2Fcategories&post=21168"},{"taxonomy":"post_tag","embeddable":true,"href":"https:\/\/akdenizolaygazetesi.com\/index.php?rest_route=%2Fwp%2Fv2%2Ftags&post=21168"}],"curies":[{"name":"wp","href":"https:\/\/api.w.org\/{rel}","templated":true}]}}