{"id":21174,"date":"2022-09-23T13:18:56","date_gmt":"2022-09-23T10:18:56","guid":{"rendered":"http:\/\/akdenizolaygazetesi.com\/?p=21174"},"modified":"2022-09-23T13:18:56","modified_gmt":"2022-09-23T10:18:56","slug":"yenisehir-belediyesi-erken-cocukluk-gelisiminde-model-oldu","status":"publish","type":"post","link":"https:\/\/akdenizolaygazetesi.com\/?p=21174","title":{"rendered":"Yeni\u015fehir Belediyesi erken \u00e7ocukluk geli\u015fiminde model oldu"},"content":{"rendered":"<p>Mersin Yeni\u015fehir Belediyesi, 3 y\u0131l \u00f6nce T\u00fcrkiye\u2019de bir ilke imza atarak hayata ge\u00e7irdi\u011fi Erken \u00c7ocukluk Geli\u015fimi Projesi; Yeni\u015fehir Modeli kapsam\u0131nda \u00e7al\u0131\u015fmalar\u0131n\u0131 s\u00fcrd\u00fcr\u00fcyor.<br \/>\nYeni\u015fehir Belediyesi, Belediye Ba\u015fkan\u0131 Abdullah \u00d6zyi\u011fit\u2019in g\u00f6reve ba\u015flamas\u0131yla birlikte hayata ge\u00e7irdi\u011fi Erken \u00c7ocukluk E\u011fitimi Projesi; Yeni\u015fehir Modeli ile binlerce \u00e7ocu\u011fun ve ailenin hayat\u0131na dokundu. Marmara \u00dcniversitesi b\u00fcnyesine \u00e7al\u0131\u015fmalar y\u00fcr\u00fcten Marmara Aile Becerileri E\u011fitim Program\u0131\u2019nda(MABEP) g\u00f6revli uzman akademisyenler ile birlikte \u00e7al\u0131\u015fan Yeni\u015fehir Belediyesi hem \u00e7ocuklardaki geli\u015fimsel problemleri erken d\u00f6nemde tespit ediyor hem de geli\u015fimlerine destek veriyor.<br \/>\nProje 7 ayr\u0131 basamaktan olu\u015fuyor<br \/>\nYeni\u015fehir Belediyesinin \u00f6zg\u00fcn projesi; Aile ve Evlilik Hayat\u0131 E\u011fitimi, 0-3 Ya\u015f MABEP Aile E\u011fitimi, 0-3 Ya\u015f Bebek K\u00fct\u00fcphanesi, 0-6 Ya\u015f Geli\u015fim De\u011ferlendirme, 0-6 Ya\u015f \u00d6zel E\u011fitim, 3-6 Ya\u015f Beceri Temelli E\u011fitim Merkezi ve 6-8 Ya\u015f At\u00f6lye Temelli E\u011fitim\u2019nden olu\u015fuyor.<br \/>\n 8 ya\u015f\u0131na kadar devam eden sistematik ve bilimsel proje<br \/>\nYeni\u015fehir Belediyesi proje ile ilk olarak bireylere aile olman\u0131n \u00f6nemini anlat\u0131yor ard\u0131ndan 0-3 ya\u015f aras\u0131nda \u00e7ocuklar\u0131 olan ebeveynlere erken \u00e7ocukluk e\u011fitimi veriyor. Proje kapsam\u0131nda kurulan ve ailelerin \u00fccretsiz olarak yararland\u0131\u011f\u0131 Bebek K\u00fct\u00fcphanesi ile \u00e7ocuklar\u0131n dil\/bili\u015fsel geli\u015fimine katk\u0131da bulunulurken, klinik psikolog taraf\u0131ndan yap\u0131lan taramalarla \u00e7ocuklardaki geli\u015fimsel bozukluklar erken d\u00f6nemde tespit ediliyor.<br \/>\nG\u00fcnd\u00fcz bak\u0131mevi de\u011fil Beceri Temelli E\u011fitim Merkezi<br \/>\nProje kapsam\u0131nda in\u015fa edilen ve 2021 y\u0131l\u0131nda hizmete a\u00e7\u0131lan Beceri Temelli E\u011fitim Merkezi(BETEM)\u2019nde ise Yeni\u015fehir Belediyesi, 3-6 ya\u015f aras\u0131ndaki \u00e7ocuklara tam zamanl\u0131 ve bireyselle\u015ftirilmi\u015f bir e\u011fitim program\u0131 ile destek veriyor. \u00c7ocuklar\u0131n var olan potansiyellerinin ortaya \u00e7\u0131kar\u0131ld\u0131\u011f\u0131 BETEM\u2019de hareket, sanat, bilim, drama, m\u00fczik ve tasar\u0131m at\u00f6lyelerinde \u00e7ocuklara bireysel e\u011fitim program\u0131 uygulan\u0131yor.<br \/>\n\u00d6rnek proje UNICEF\u2019in de dikkatini \u00e7ekti<br \/>\nMersin Yeni\u015fehir Belediyesi proje ile Birle\u015fmi\u015f Milletler \u00c7ocuklara Yard\u0131m Fonu(UNICEF) ve Erken \u00c7ocukluk Geli\u015fimi Sivil Toplum Kurulu\u015flar\u0131 Platformu (E\u00c7G-P) ortakl\u0131\u011f\u0131yla ge\u00e7ti\u011fimiz y\u0131l d\u00fczenlenen Uluslararas\u0131 Erken \u00c7ocukluk Geli\u015fimi Sivil Toplum Kurulu\u015flar\u0131 Platformu Kongresine ve ge\u00e7ti\u011fimiz ay Marmara Belediyeler Birli\u011fi ve \u0130stanbul Planlama Ajans\u0131 i\u015fbirli\u011fiyle d\u00fczenlenen Kentte Erken \u00c7ocukluk E\u011fitim Program\u0131na davet edilmi\u015fti. Her iki kongrede de Yeni\u015fehir Belediyesinin projesi, \u00f6rnek proje olarak kat\u0131l\u0131mc\u0131larla payla\u015f\u0131lm\u0131\u015ft\u0131. UNICEF T\u00fcrkiye Ofisinden Dr. Mehmet Ali Toruno\u011flu, kongrede yapt\u0131\u011f\u0131 konu\u015fmada erken \u00e7ocukluk e\u011fitiminde Mersin Yeni\u015fehir Belediyesinin sistematik ve do\u011fru yakla\u015f\u0131m\u0131n\u0131 tebrik etmi\u015f ve Mersin\u2019e gelerek, projeyi yerinde inceleyebileceklerini ifade etmi\u015fti.<br \/>\n\u0130kinci Y\u00fczy\u0131lda E\u011fitim Hakk\u0131 \u00c7al\u0131\u015ftay\u0131nda da \u00f6rnek g\u00f6sterildi<br \/>\nErken \u00c7ocukluk Gelimi Projesi; Yeni\u015fehir Modeli Cumhuriyet Halk Partisi taraf\u0131ndan d\u00fczenlenen \u0130kinci Y\u00fczy\u0131lda E\u011fitim Hakk\u0131 \u00c7al\u0131\u015ftay\u0131na video konferans ile New York\u2019tan kat\u0131lan ve erken \u00e7ocukluk geli\u015fiminde d\u00fcnyaca \u00fcnl\u00fc Prof. Dr. Sel\u00e7uk \u015eirin taraf\u0131ndan da \u00f6rnek proje olarak g\u00f6sterilmi\u015fti. D\u00fcnyadaki en b\u00fcy\u00fck e\u011fitim ara\u015ft\u0131rmac\u0131lar derne\u011fi AERA\u2019dan Ara\u015ft\u0131rma B\u00fcy\u00fck \u00d6d\u00fcl\u00fc ve geli\u015ftirdi\u011fi projelerle Jacobs Vakf\u0131\u2019ndan 2018 Sosyal Giri\u015fimcilik \u00d6d\u00fcl\u00fc alan \u015eirin, Yeni\u015fehir Belediyesinin proje kapsam\u0131ndaki \u00e7al\u0131\u015fmalar\u0131n\u0131 \u00f6rnek olarak anlatm\u0131\u015ft\u0131.<br \/>\nBa\u015fkan Abdullah \u00d6zyi\u011fit \u201cMersin Yeni\u015fehir\u2019den bir \u00e7oban ate\u015fi yakt\u0131k\u201d<br \/>\nK\u0131sa s\u00fcrede b\u00fcy\u00fck bir a\u015fama kaydettiklerini ifade eden Yeni\u015fehir Belediye Ba\u015fkan\u0131 Abdullah \u00d6zyi\u011fit, \u201cBu proje ile Mersin Yeni\u015fehir\u2019den bir \u00e7oban ate\u015fi yakt\u0131k. \u00c7\u00fcnk\u00fc bizim as\u0131l hedefimiz bu projenin t\u00fcm T\u00fcrkiye\u2019ye yay\u0131lmas\u0131. Erken \u00e7ocukluk geli\u015fimi maalesef T\u00fcrkiye\u2019de g\u00f6z ard\u0131 edilmi\u015f bir konu. \u00c7ocuklar\u0131n zihinsel geli\u015fimin y\u00fczde 90\u2019n\u0131n\u0131n 0-3 ya\u015f aras\u0131ndaki d\u00f6nemde tamamland\u0131\u011f\u0131 bilim insanlar\u0131 taraf\u0131ndan ifade ediliyor. Dolay\u0131s\u0131yla bu s\u00fcre\u00e7te \u00e7ocuklar\u0131m\u0131z\u0131 kaderlerine terk edemeyiz. Yeni\u015fehir Belediyesi olarak k\u0131sa s\u00fcrede b\u00fcy\u00fck bir a\u015fama kaydettik. Projemizi ve \u00e7ocuklar\u0131m\u0131z i\u00e7in ne kadar \u00f6nemli oldu\u011funu anlatmaya devam ediyoruz. 3 y\u0131ll\u0131k s\u00fcre\u00e7te elde etti\u011fimiz veriler bize do\u011fru yolda oldu\u011fumuzu g\u00f6sterdi.\u201d dedi.  <\/p>\n","protected":false},"excerpt":{"rendered":"<p>Mersin Yeni\u015fehir Belediyesi, 3 y\u0131l \u00f6nce T\u00fcrkiye\u2019de bir ilke imza atarak hayata ge\u00e7irdi\u011fi Erken \u00c7ocukluk Geli\u015fimi Projesi; Yeni\u015fehir Modeli kapsam\u0131nda \u00e7al\u0131\u015fmalar\u0131n\u0131 s\u00fcrd\u00fcr\u00fcyor. Yeni\u015fehir Belediyesi, Belediye Ba\u015fkan\u0131 Abdullah \u00d6zyi\u011fit\u2019in g\u00f6reve ba\u015flamas\u0131yla &hellip; <a href=\"https:\/\/akdenizolaygazetesi.com\/?p=21174\" class=\"more-link\">Devam\u0131n\u0131 Oku&#8230;<\/a><\/p>\n","protected":false},"author":2,"featured_media":21175,"comment_status":"open","ping_status":"open","sticky":false,"template":"","format":"standard","meta":[],"categories":[1,2,3,11],"tags":[],"_links":{"self":[{"href":"https:\/\/akdenizolaygazetesi.com\/index.php?rest_route=\/wp\/v2\/posts\/21174"}],"collection":[{"href":"https:\/\/akdenizolaygazetesi.com\/index.php?rest_route=\/wp\/v2\/posts"}],"about":[{"href":"https:\/\/akdenizolaygazetesi.com\/index.php?rest_route=\/wp\/v2\/types\/post"}],"author":[{"embeddable":true,"href":"https:\/\/akdenizolaygazetesi.com\/index.php?rest_route=\/wp\/v2\/users\/2"}],"replies":[{"embeddable":true,"href":"https:\/\/akdenizolaygazetesi.com\/index.php?rest_route=%2Fwp%2Fv2%2Fcomments&post=21174"}],"version-history":[{"count":1,"href":"https:\/\/akdenizolaygazetesi.com\/index.php?rest_route=\/wp\/v2\/posts\/21174\/revisions"}],"predecessor-version":[{"id":21176,"href":"https:\/\/akdenizolaygazetesi.com\/index.php?rest_route=\/wp\/v2\/posts\/21174\/revisions\/21176"}],"wp:featuredmedia":[{"embeddable":true,"href":"https:\/\/akdenizolaygazetesi.com\/index.php?rest_route=\/wp\/v2\/media\/21175"}],"wp:attachment":[{"href":"https:\/\/akdenizolaygazetesi.com\/index.php?rest_route=%2Fwp%2Fv2%2Fmedia&parent=21174"}],"wp:term":[{"taxonomy":"category","embeddable":true,"href":"https:\/\/akdenizolaygazetesi.com\/index.php?rest_route=%2Fwp%2Fv2%2Fcategories&post=21174"},{"taxonomy":"post_tag","embeddable":true,"href":"https:\/\/akdenizolaygazetesi.com\/index.php?rest_route=%2Fwp%2Fv2%2Ftags&post=21174"}],"curies":[{"name":"wp","href":"https:\/\/api.w.org\/{rel}","templated":true}]}}