{"id":21180,"date":"2022-09-24T17:03:58","date_gmt":"2022-09-24T14:03:58","guid":{"rendered":"http:\/\/akdenizolaygazetesi.com\/?p=21180"},"modified":"2022-09-24T17:03:58","modified_gmt":"2022-09-24T14:03:58","slug":"meskiden-entegre-kalite-yonetim-sistemi-egitimi","status":"publish","type":"post","link":"https:\/\/akdenizolaygazetesi.com\/?p=21180","title":{"rendered":"MESK\u0130&#8217;DEN ENTEGRE KAL\u0130TE Y\u00d6NET\u0130M S\u0130STEM\u0130 E\u011e\u0130T\u0130M\u0130"},"content":{"rendered":"<p>Mersin B\u00fcy\u00fck\u015fehir Belediyesi Mersin Su ve Kanalizasyon \u0130daresi Genel M\u00fcd\u00fcrl\u00fc\u011f\u00fc (MESK\u0130), t\u00fcm d\u00fcnyada ya\u015fanan Covid19 salg\u0131n\u0131 nedeniyle ara verilen tetkik ve belgelendirme s\u00fcre\u00e7lerine yeniden ba\u015flad\u0131.<\/p>\n<p>Entegre Kalite Y\u00f6netim Sistemi ile t\u00fcm payda\u015flar\u0131n ihtiya\u00e7 ve beklentilerini kar\u015f\u0131lamay\u0131 ve memnuniyet d\u00fczeyini artt\u0131rmay\u0131 ama\u00e7layan MESK\u0130, \u0130\u015f Sa\u011fl\u0131\u011f\u0131 ve G\u00fcvenli\u011fi \u015eube M\u00fcd\u00fcrl\u00fc\u011f\u00fc Kalite Y\u00f6netim \u015eefli\u011fi koordinesinde\u037e Birim Kalite Sorumlular\u0131na dok\u00fcmantasyon haz\u0131rl\u0131klar\u0131 \u00f6ncesinde, konusunda uzman e\u011fitmenler taraf\u0131ndan e\u011fitimler veriyor. 19 Eyl\u00fcl-11 Ekim tarihleri aras\u0131nda planlanan e\u011fitimler, TS EN ISO 9001 Kalite Y\u00f6netim Sistemi, TS EN ISO 14001 \u00c7evre Y\u00f6netim Sistemi, TS ISO 45001 \u0130\u015f Sa\u011fl\u0131\u011f\u0131 ve G\u00fcvenli\u011fi Y\u00f6netim Sistemi, TS ISO\/IEC 27001 Bilgi G\u00fcvenli\u011fi Y\u00f6netim Sistemi, TS ISO 10002 M\u00fc\u015fteri Memnuniyeti Y\u00f6netim Sistemi ve TS ISO 19011 Genel \u0130\u00e7 Tetkik\u00e7i E\u011fitimleri olarak ger\u00e7ekle\u015ftiriliyor.<\/p>\n<p>Korkmaz: &#8220;3,5 y\u0131lda \u00e7ok g\u00fczel projelere imza att\u0131k&#8221;<\/p>\n<p>MESK\u0130 Genel M\u00fcd\u00fcr\u00fc \u0130rfan Korkmaz, yakla\u015f\u0131k 3,5 y\u0131ld\u0131r g\u00f6revi devrald\u0131klar\u0131n\u0131 belirterek, \u015fu ifadeleri kulland\u0131:<\/p>\n<p>&#8220;3,5 y\u0131lda \u00e7ok g\u00fczel projelere imza att\u0131k. Kurumumuz Pandemi s\u00fcreci \u00f6ncesinde, Kalite Y\u00f6netim Sistemi Standart Belgelendirmelerini yapm\u0131\u015ft\u0131. Covid 19 Pandemisi nedeniyle sekteye u\u011frayan d\u0131\u015f denetimler ve belgelendirme \u00e7al\u0131\u015fmalar\u0131na, s\u00fcre\u00e7 nedeniyle ara verilmi\u015fti. B\u00fcy\u00fck bir kararl\u0131l\u0131kla tekrar bu i\u015fin ate\u015fini yakarak, yolumuza devam etmek istiyoruz. Sahada MESK\u0130 olarak g\u00fczel i\u015fler yap\u0131yoruz. \u0130dari i\u015flerde t\u00fcm s\u00fcre\u00e7lerimizi yeniden g\u00f6zden ge\u00e7irerek abonelerimize, \u00e7al\u0131\u015fanlar\u0131m\u0131za ve i\u00e7inde bulundu\u011fumuz topluma de\u011fer katan y\u00f6netim anlay\u0131\u015f\u0131 ile hizmet kalitesini daha da artt\u0131rmay\u0131 hedefliyoruz. Hedeflenen amaca ula\u015fma yolunda 85 g\u00f6n\u00fcll\u00fc mesai arkada\u015f\u0131m\u0131z, 15 g\u00fcn s\u00fcrecek olan e\u011fitimlere 3&#8217;er grup halinde kat\u0131l\u0131m sa\u011flayacak ve 2 g\u00fcn de i\u00e7 tetkik\u00e7i e\u011fitimleri ile birlikte yo\u011fun bir tempoda \u00e7al\u0131\u015fmalar\u0131na devam edecektir. Tabi bunlar\u0131 yaparken s\u00fcre\u00e7 hakk\u0131nda arkada\u015flar\u0131m\u0131zla \u00e7ok g\u00f6r\u00fc\u015fmelerimiz oldu. \u0130\u015flerini engellemeyecek \u015fekilde, ba\u015far\u0131l\u0131 bir planlama yapt\u0131lar. Entegre Kalite Y\u00f6netim Sisteminin ilk ad\u0131mlar\u0131ndan birini ger\u00e7ekle\u015ftirerek e\u011fitimlere ba\u015flan\u0131ld\u0131. Bu belgeleri \u00e7ok \u00f6nemsiyoruz. Kararl\u0131y\u0131z. \u0130n\u015fallah ba\u015far\u0131l\u0131 bir e\u011fitim s\u00fcreci ge\u00e7irilip, devam\u0131nda d\u0131\u015f denetimle, belgelerimizi tekrar almak istiyoruz. B\u00fct\u00fcn arkada\u015flar\u0131ma s\u00fcre\u00e7 boyunca ba\u015far\u0131lar diliyorum. \u015eimdiden hay\u0131rl\u0131 olsun.&#8221;<\/p>\n<p>Liman: &#8220;Vatanda\u015f\u0131m\u0131z daha do\u011fru ve h\u0131zl\u0131 i\u015flemlerin yap\u0131ld\u0131\u011f\u0131 bir kurumda olacaklar&#8221;<\/p>\n<p>Mersin B\u00fcy\u00fck\u015fehir Belediyesi Ba\u015fkan Dan\u0131\u015fman\u0131 Ertan Liman, s\u00fcre\u00e7leri iyile\u015ftirme konusunda bir ba\u015flang\u0131\u00e7 yapt\u0131klar\u0131n\u0131 vurgulayarak\u037e &#8220;Ben kalite sistemini 360\u00b0 bir y\u00f6netim tarz\u0131 olarak g\u00f6r\u00fcyorum. Bir s\u00fcre sonra bunlar\u0131n kontrol edilmesiyle, buradaki iyile\u015fmelerle biz neler kazanaca\u011f\u0131z? \u00c7al\u0131\u015fanlar\u0131m\u0131z memnun, hata say\u0131lar\u0131 azalm\u0131\u015f olacak. En \u00f6nemlisi vatanda\u015f\u0131 memnun edece\u011fiz. Yani vatanda\u015f\u0131m\u0131z daha h\u0131zl\u0131 ve kaliteli hizmetlerin yap\u0131ld\u0131\u011f\u0131 bir kurumda olacak. Bunlar bize ne kazand\u0131racak? En ba\u015fta Kurumun imaj\u0131n\u0131 g\u00fc\u00e7lendirecek, maliyetlerimizi de azaltacak. Bu maliyetlerin azalt\u0131lmas\u0131 dolay\u0131s\u0131yla da yine vatanda\u015f\u0131m\u0131za hizmet olarak d\u00f6necek. Y\u00fcksek kalite\u037e s\u00fcrekli iyile\u015ftirme demek. \u00d6nemli bir g\u00f6rev \u00fcstleniyorsunuz. \u00c7al\u0131\u015fmalar\u0131n\u0131zda ba\u015far\u0131lar diliyorum&#8221; diye konu\u015ftu.<\/p>\n","protected":false},"excerpt":{"rendered":"<p>Mersin B\u00fcy\u00fck\u015fehir Belediyesi Mersin Su ve Kanalizasyon \u0130daresi Genel M\u00fcd\u00fcrl\u00fc\u011f\u00fc (MESK\u0130), t\u00fcm d\u00fcnyada ya\u015fanan Covid19 salg\u0131n\u0131 nedeniyle ara verilen tetkik ve belgelendirme s\u00fcre\u00e7lerine yeniden ba\u015flad\u0131. Entegre Kalite Y\u00f6netim Sistemi ile &hellip; <a href=\"https:\/\/akdenizolaygazetesi.com\/?p=21180\" class=\"more-link\">Devam\u0131n\u0131 Oku&#8230;<\/a><\/p>\n","protected":false},"author":2,"featured_media":21181,"comment_status":"open","ping_status":"open","sticky":false,"template":"","format":"standard","meta":[],"categories":[3,11],"tags":[],"_links":{"self":[{"href":"https:\/\/akdenizolaygazetesi.com\/index.php?rest_route=\/wp\/v2\/posts\/21180"}],"collection":[{"href":"https:\/\/akdenizolaygazetesi.com\/index.php?rest_route=\/wp\/v2\/posts"}],"about":[{"href":"https:\/\/akdenizolaygazetesi.com\/index.php?rest_route=\/wp\/v2\/types\/post"}],"author":[{"embeddable":true,"href":"https:\/\/akdenizolaygazetesi.com\/index.php?rest_route=\/wp\/v2\/users\/2"}],"replies":[{"embeddable":true,"href":"https:\/\/akdenizolaygazetesi.com\/index.php?rest_route=%2Fwp%2Fv2%2Fcomments&post=21180"}],"version-history":[{"count":1,"href":"https:\/\/akdenizolaygazetesi.com\/index.php?rest_route=\/wp\/v2\/posts\/21180\/revisions"}],"predecessor-version":[{"id":21182,"href":"https:\/\/akdenizolaygazetesi.com\/index.php?rest_route=\/wp\/v2\/posts\/21180\/revisions\/21182"}],"wp:featuredmedia":[{"embeddable":true,"href":"https:\/\/akdenizolaygazetesi.com\/index.php?rest_route=\/wp\/v2\/media\/21181"}],"wp:attachment":[{"href":"https:\/\/akdenizolaygazetesi.com\/index.php?rest_route=%2Fwp%2Fv2%2Fmedia&parent=21180"}],"wp:term":[{"taxonomy":"category","embeddable":true,"href":"https:\/\/akdenizolaygazetesi.com\/index.php?rest_route=%2Fwp%2Fv2%2Fcategories&post=21180"},{"taxonomy":"post_tag","embeddable":true,"href":"https:\/\/akdenizolaygazetesi.com\/index.php?rest_route=%2Fwp%2Fv2%2Ftags&post=21180"}],"curies":[{"name":"wp","href":"https:\/\/api.w.org\/{rel}","templated":true}]}}