{"id":21183,"date":"2022-09-24T17:05:32","date_gmt":"2022-09-24T14:05:32","guid":{"rendered":"http:\/\/akdenizolaygazetesi.com\/?p=21183"},"modified":"2022-09-24T17:05:32","modified_gmt":"2022-09-24T14:05:32","slug":"buyuklerimiz-alzheimer-konusunda-bilgilendirildi","status":"publish","type":"post","link":"https:\/\/akdenizolaygazetesi.com\/?p=21183","title":{"rendered":"B\u00dcY\u00dcKLER\u0130M\u0130Z, ALZHE\u0130MER KONUSUNDA B\u0130LG\u0130LEND\u0130R\u0130LD\u0130"},"content":{"rendered":"<p>Mersin B\u00fcy\u00fck\u015fehir Belediyesi Sa\u011fl\u0131k \u0130\u015fleri Dairesi Ba\u015fkanl\u0131\u011f\u0131 Ya\u015fl\u0131 Destek Birimi taraf\u0131ndan, B\u00fcy\u00fck\u015fehir Belediyesi Sosyal Hizmetler Dairesi Ba\u015fkanl\u0131\u011f\u0131&#8217;n\u0131n Halkkent Sosyal Ya\u015fam Merkezi&#8217;nde yer alan Emekli Evi&#8217;nde 21 Eyl\u00fcl&#8217;de, &#8216;D\u00fcnya Alzheimer G\u00fcn\u00fc&#8217; dolay\u0131s\u0131yla bir fark\u0131ndal\u0131k semineri ger\u00e7ekle\u015ftirildi. Seminer sonunda ayr\u0131ca, Emekli Evi \u00fcyelerine soru-cevap \u015feklinde bir mini mental Alzheimer testi de yap\u0131ld\u0131.<\/p>\n<p>Alzheimer konusunda bilgilendirme yap\u0131ld\u0131<\/p>\n<p>B\u00fcy\u00fck\u015fehir Belediyesi Sa\u011fl\u0131k \u0130\u015fleri Daire Ba\u015fkanl\u0131\u011f\u0131 Sa\u011fl\u0131k Hizmetleri \u015eube M\u00fcd\u00fcr\u00fc Bayram D\u00f6len, &#8220;Toroslar Emekli Evi ve Ya\u015fl\u0131 Destek Birimi ortakl\u0131\u011f\u0131nda, \u00f6zellikle Alzheimer hastal\u0131\u011f\u0131nda risk fakt\u00f6r\u00fc olarak g\u00f6r\u00fclen 65 ya\u015f ve \u00fczeri vatanda\u015flar\u0131m\u0131za bir seminer program\u0131 d\u00fczenledik. Alzheimer hastal\u0131\u011f\u0131ndan korunma y\u00f6ntemleri, semptomlar\u0131 ve belirtileri konusunda gerontolog arkada\u015f\u0131m\u0131z ve sa\u011fl\u0131k\u00e7\u0131 arkada\u015flar\u0131m\u0131z bilgilendirme semineri verdiler. Ayr\u0131ca seminer sonras\u0131nda hastal\u0131\u011f\u0131n belirtilerini \u00f6l\u00e7mek amac\u0131yla bir mini mental test uygulad\u0131lar&#8221; dedi.<\/p>\n<p>&#8220;Emeklilerimize, ya\u015f alm\u0131\u015fl\u0131kta onlar\u0131 nelerin bekledi\u011fini anlatt\u0131k&#8221;<\/p>\n<p>B\u00fcy\u00fck\u015fehir Belediyesi Sa\u011fl\u0131k \u0130\u015fleri Daire Ba\u015fkanl\u0131\u011f\u0131 Ya\u015fl\u0131 Destek Birimi&#8217;nde gerontolog olarak g\u00f6rev yapan Cihan Tanr\u0131verdi, &#8220;Alzheimer hastal\u0131\u011f\u0131 nedir, hastal\u0131\u011f\u0131n belirtileri nelerdir, risk fakt\u00f6rleri nelerdir, Alzheimer hastal\u0131\u011f\u0131na yakalanmamak i\u00e7in ne yapmam\u0131z gerekir, evinde Alzheimer hastas\u0131 bulunan birisi nas\u0131l g\u00fcvenlik tedbirleri almal\u0131d\u0131r; bu konulu bir sunum haz\u0131rlad\u0131k, bir seminer verdik kat\u0131l\u0131mc\u0131lar\u0131m\u0131za. Daha sonras\u0131nda soru-cevaplarla kat\u0131l\u0131mc\u0131lar\u0131n merak etti\u011fi sorular\u0131 yan\u0131tlad\u0131k. Sorular\u0131 yan\u0131tlad\u0131ktan sonra da mini mental bir test yapt\u0131k&#8221; dedi.<\/p>\n<p>Mersin B\u00fcy\u00fck\u015fehir Belediyesi&#8217;nin Halkkent Sosyal Ya\u015fam Merkezi&#8217;nde yer alan Emekli Evi&#8217;nde g\u00f6rev yapan \u00c7a\u011fda\u015f Yeter ise, &#8220;Toroslar Emekli evi olarak ilk organizasyonumuzu ya\u015fl\u0131 sa\u011fl\u0131\u011f\u0131 \u00fczerine kurgulad\u0131k. Emeklilerimize, ya\u015f alm\u0131\u015fl\u0131kta onlar\u0131 nelerin bekledi\u011fini anlatmak istedik. Dolay\u0131s\u0131yla Alzheimer bilincini olu\u015fturmak i\u00e7in, bu etkinlik haftas\u0131nda Mersin genelindeki emeklilerimizin bundan faydalanmas\u0131n\u0131 istedik&#8221; ifadelerini kulland\u0131.<\/p>\n<p>Emekli Evi \u00fcyelerine Alzheimer hakk\u0131nda fark\u0131ndal\u0131k yarat\u0131ld\u0131<\/p>\n<p>Emekli Evi \u00fcyelerinden Bekir Karasu, seminerin \u00e7ok g\u00fczel ge\u00e7ti\u011finden s\u00f6z ederek, &#8220;\u00c7ok iyi \u015feyler \u00f6\u011frendik. Mesela Alzheimer testi yapt\u0131rd\u0131m, tansiyonumu, \u015fekerimi \u00f6l\u00e7t\u00fcrd\u00fcm. Gayet g\u00fczel \u00e7\u0131kt\u0131.  Bundan sonra bol bol bulmaca \u00e7\u00f6zece\u011fim, kitap okuyaca\u011f\u0131m, y\u00fcr\u00fcy\u00fc\u015f yapaca\u011f\u0131m. Test g\u00fczeldi, iyi ve olumlu ge\u00e7ti&#8221; ifadelerini kulland\u0131.<\/p>\n<p>\u00dcyelerden \u015eahg\u00fcl G\u00fcler ise, &#8220;Buray\u0131 da, bu hizmeti de \u00e7ok seviyorum. Buraya hemen hemen her g\u00fcn geliyoruz. Buradaki ilgi ve alakay\u0131 \u00e7ok be\u011feniyoruz. Zaten Vahap Se\u00e7er&#8217;e de ger\u00e7ekten \u00e7ok \u015fey bor\u00e7luyuz&#8221; dedi ve Alzheimer testinin de g\u00fczel ge\u00e7ti\u011finden s\u00f6z etti.<\/p>\n<p>Emekli Evi \u00fcyelerinden H\u00fcseyin G\u00fcler de, &#8220;Daha dikkatli olmal\u0131y\u0131m, daha tedbirli olmal\u0131y\u0131m. Ya\u015fland\u0131k\u00e7a Alzheimer g\u00f6steriyor kendisini. Baz\u0131 anlat\u0131lan \u015feyleri, kendimde g\u00f6r\u00fcyorum. Ondan dolay\u0131 Alzheimer bende var gibi sanki. Burada teste girmedim, ama anlat\u0131ld\u0131\u011f\u0131na g\u00f6re Alzheimer ba\u015flang\u0131c\u0131 bende de var. Kendim hissediyorum&#8221; diye konu\u015ftu.<\/p>\n<p>Etkinlikte ayr\u0131ca, B\u00fcy\u00fck\u015fehir Belediyesi Evde Sa\u011fl\u0131k ve Bak\u0131m Birimi ekipleri taraf\u0131ndan, \u00fcyelerin tansiyon ve \u015feker \u00f6l\u00e7\u00fcmleri de yap\u0131ld\u0131.<\/p>\n","protected":false},"excerpt":{"rendered":"<p>Mersin B\u00fcy\u00fck\u015fehir Belediyesi Sa\u011fl\u0131k \u0130\u015fleri Dairesi Ba\u015fkanl\u0131\u011f\u0131 Ya\u015fl\u0131 Destek Birimi taraf\u0131ndan, B\u00fcy\u00fck\u015fehir Belediyesi Sosyal Hizmetler Dairesi Ba\u015fkanl\u0131\u011f\u0131&#8217;n\u0131n Halkkent Sosyal Ya\u015fam Merkezi&#8217;nde yer alan Emekli Evi&#8217;nde 21 Eyl\u00fcl&#8217;de, &#8216;D\u00fcnya Alzheimer G\u00fcn\u00fc&#8217; &hellip; <a href=\"https:\/\/akdenizolaygazetesi.com\/?p=21183\" class=\"more-link\">Devam\u0131n\u0131 Oku&#8230;<\/a><\/p>\n","protected":false},"author":2,"featured_media":21184,"comment_status":"open","ping_status":"open","sticky":false,"template":"","format":"standard","meta":[],"categories":[2,3,9],"tags":[],"_links":{"self":[{"href":"https:\/\/akdenizolaygazetesi.com\/index.php?rest_route=\/wp\/v2\/posts\/21183"}],"collection":[{"href":"https:\/\/akdenizolaygazetesi.com\/index.php?rest_route=\/wp\/v2\/posts"}],"about":[{"href":"https:\/\/akdenizolaygazetesi.com\/index.php?rest_route=\/wp\/v2\/types\/post"}],"author":[{"embeddable":true,"href":"https:\/\/akdenizolaygazetesi.com\/index.php?rest_route=\/wp\/v2\/users\/2"}],"replies":[{"embeddable":true,"href":"https:\/\/akdenizolaygazetesi.com\/index.php?rest_route=%2Fwp%2Fv2%2Fcomments&post=21183"}],"version-history":[{"count":1,"href":"https:\/\/akdenizolaygazetesi.com\/index.php?rest_route=\/wp\/v2\/posts\/21183\/revisions"}],"predecessor-version":[{"id":21185,"href":"https:\/\/akdenizolaygazetesi.com\/index.php?rest_route=\/wp\/v2\/posts\/21183\/revisions\/21185"}],"wp:featuredmedia":[{"embeddable":true,"href":"https:\/\/akdenizolaygazetesi.com\/index.php?rest_route=\/wp\/v2\/media\/21184"}],"wp:attachment":[{"href":"https:\/\/akdenizolaygazetesi.com\/index.php?rest_route=%2Fwp%2Fv2%2Fmedia&parent=21183"}],"wp:term":[{"taxonomy":"category","embeddable":true,"href":"https:\/\/akdenizolaygazetesi.com\/index.php?rest_route=%2Fwp%2Fv2%2Fcategories&post=21183"},{"taxonomy":"post_tag","embeddable":true,"href":"https:\/\/akdenizolaygazetesi.com\/index.php?rest_route=%2Fwp%2Fv2%2Ftags&post=21183"}],"curies":[{"name":"wp","href":"https:\/\/api.w.org\/{rel}","templated":true}]}}