{"id":21186,"date":"2022-09-24T17:06:56","date_gmt":"2022-09-24T14:06:56","guid":{"rendered":"http:\/\/akdenizolaygazetesi.com\/?p=21186"},"modified":"2022-09-24T17:06:56","modified_gmt":"2022-09-24T14:06:56","slug":"litvanya-ankara-buyukelcisi-degutis-ve-kardes-sehir-klaipedanin-belediye-baskani-grubliauskastan-baskan-secere-ziyaret","status":"publish","type":"post","link":"https:\/\/akdenizolaygazetesi.com\/?p=21186","title":{"rendered":"L\u0130TVANYA ANKARA B\u00dcY\u00dcKEL\u00c7\u0130S\u0130 DEGUTIS VE KARDE\u015e \u015eEH\u0130R KLAIPEDA&#8217;NIN BELED\u0130YE BA\u015eKANI GRUBLIAUSKAS&#8217;TAN BA\u015eKAN SE\u00c7ER&#8217;E Z\u0130YARET"},"content":{"rendered":"<p>Mersin B\u00fcy\u00fck\u015fehir Belediye Ba\u015fkan\u0131 Vahap Se\u00e7er; Litvanya&#8217;n\u0131n Ankara B\u00fcy\u00fckel\u00e7isi Ricardas Degutis, Mersin&#8217;in karde\u015f \u015fehirlerden Litvanya&#8217;n\u0131n Klaipeda kentinin Belediye Ba\u015fkan\u0131 Vytautas Grubliauskas ve Mersin Litvanya Fahri Konsolosu Arma\u011fan \u00d6ner&#8217;i makam\u0131nda a\u011f\u0131rlad\u0131. \u0130ki \u015fehir aras\u0131ndaki ili\u015fkilerin g\u00fc\u00e7lendirilmesi i\u00e7in, ileti\u015fimin daha da art\u0131r\u0131laca\u011f\u0131n\u0131n belirtildi\u011fi ziyarette, yine iki \u015fehir aras\u0131nda \u00e7al\u0131\u015fmalar\u0131n y\u00fcr\u00fct\u00fcld\u00fc\u011f\u00fc &#8220;Ye\u015fil Bir Gelecek \u0130\u00e7in Liman \u015eehirlerinin Ortakl\u0131\u011f\u0131&#8221; projesi hakk\u0131nda konu\u015fuldu.<\/p>\n<p>Mersin B\u00fcy\u00fck\u015fehir Belediye Ba\u015fkan\u0131 Dan\u0131\u015fman\u0131 \u0130brahim Evrim ve \u0130klim De\u011fi\u015fikli\u011fi ve S\u0131f\u0131r At\u0131k Dairesi Ba\u015fkan\u0131 Dr. B\u00fclent Halisdemir&#8217;in de i\u015ftirak etti\u011fi ziyarette; Mersin B\u00fcy\u00fck\u015fehir Belediyesi&#8217;nin Litvanya Klaipeda Belediyesi, Litvanya Klaipeda \u00dcniversitesi, Mersin Ticaret ve Sanayi Odas\u0131 ve ODT\u00dc Deniz Bilimleri Enstit\u00fcs\u00fc ile ortakla\u015fa y\u00fcr\u00fctt\u00fc\u011f\u00fc ve \u00f6n ba\u015fvurusu kabul edilmi\u015f olan  &#8220;Ye\u015fil Bir Gelecek \u0130\u00e7in Liman \u015eehirlerinin Ortakl\u0131\u011f\u0131&#8221; projesinin tam ba\u015fvurusu, 7 Kas\u0131m&#8217;da yap\u0131lacak. B\u00fcy\u00fck\u015fehir Belediyesi \u0130klim De\u011fi\u015fikli\u011fi ve S\u0131f\u0131r At\u0131k Dairesi&#8217;nce y\u00fcr\u00fct\u00fclen proje kapsam\u0131nda iki karde\u015f \u015fehrin, hem k\u0131y\u0131 hem de liman kenti olmalar\u0131 dolay\u0131s\u0131yla, iklim eylem plan\u0131na uyum sa\u011flamas\u0131 i\u00e7in k\u0131y\u0131 direncinin art\u0131r\u0131lmas\u0131 hedefleniyor.<\/p>\n<p>Ba\u015fkan Se\u00e7er: &#8220;Klaipeda ile \u00e7ok ortak y\u00f6n\u00fcm\u00fcz var&#8221;<\/p>\n<p>Ba\u015fkan Vahap Se\u00e7er, bir arada olma ama\u00e7lar\u0131n\u0131n, Karde\u015f \u015eehir Klaip\u0117da ile aralar\u0131ndaki ileti\u015fimi art\u0131rmak oldu\u011funa de\u011finerek, &#8220;Arzu ederim ki sadece \u015fehirlerimiz de\u011fil, \u00fclkelerimiz de dostluk ili\u015fkilerini geli\u015ftirirler. Ben Belediye Ba\u015fkan\u0131 olmadan \u00f6nce, iki belediye aras\u0131nda &#8216;Karde\u015flik Protokol\u00fc&#8217; imzalanm\u0131\u015f. Baz\u0131 etkinlikler beraber tertiplenmi\u015f ya da birbirine kat\u0131l\u0131m sa\u011flanm\u0131\u015f. Mersin ve Klaip\u0117da aras\u0131nda \u00e7ok ortak y\u00f6nlerin oldu\u011funu, ben de yapt\u0131\u011f\u0131m okumalarda ve incelemelerde g\u00f6rd\u00fcm. Klaip\u0117da&#8217;n\u0131n liman kenti olmas\u0131, y\u00fcz \u00f6l\u00e7\u00fcm\u00fcne bakt\u0131\u011f\u0131n\u0131z zaman n\u00fcfus yo\u011funlu\u011funun ve ekonomik hacminin \u00e7ok b\u00fcy\u00fck olmas\u0131, Mersin ile benzer \u00f6zellikler ta\u015f\u0131yor. Yani ekonomik anlamda da, birbirine benzeyen kentler oldu\u011funu bize g\u00f6steriyor&#8221; dedi.<\/p>\n<p>&#8220;Birbirimizin tecr\u00fcbe ve deneyimlerinden faydalanmak \u00e7ok \u00f6nemli&#8221;<\/p>\n<p>Ba\u015fkan Se\u00e7er, karde\u015f \u015fehir ili\u015fkileri sayesinde birbirlerinin deneyimlerinden ve tecr\u00fcbelerinden faydalanmalar\u0131n\u0131n \u00e7ok \u00f6nemli oldu\u011funa de\u011finerek, &#8220;Bizim n\u00fcfusumuz, buradaki s\u0131\u011f\u0131nmac\u0131larla beraber, Klaip\u0117da&#8217;n\u0131n yakla\u015f\u0131k 15-20 kat\u0131 fazla. Y\u00fcz \u00f6l\u00e7\u00fcm\u00fc de ayn\u0131 \u015fekilde. Ama n\u00fcfus ya da kentin b\u00fcy\u00fckl\u00fc\u011f\u00fc ne olursa olsun, belediye hizmetlerinde \u00e7ok ortak konumuz var. Bu ili\u015fkiler s\u0131ras\u0131nda birbirimizin deneyiminden, tecr\u00fcbesinden faydalanmam\u0131z \u00e7ok \u00f6nemli. Bizim son yapt\u0131\u011f\u0131m\u0131z proje kapsam\u0131nda da, \u00e7ok \u00f6nemli \u00e7al\u0131\u015fmalar\u0131n ger\u00e7ekle\u015fece\u011fini d\u00fc\u015f\u00fcn\u00fcyorum. Bu konuda, kurumumuzun ba\u015f\u0131ndaki arkada\u015f\u0131m\u0131z, zaten uzun s\u00fcredir sizinle yap\u0131lan \u00e7al\u0131\u015fmalar\u0131n sunumunu bana yap\u0131yor. Ben de yak\u0131ndan takip ediyorum&#8221; diye konu\u015ftu.<\/p>\n<p>&#8220;Bu kent; herkesin dost\u00e7a ve karde\u015f\u00e7e ya\u015fad\u0131\u011f\u0131, g\u00fczel ve mutlu bir kent&#8221;<\/p>\n<p>Mersin&#8217;le ilgili g\u00fcncel bilgileri de payla\u015fan Ba\u015fkan Se\u00e7er, &#8220;Say\u0131lar\u0131 400 bini bulan kay\u0131tl\u0131 ve kay\u0131t d\u0131\u015f\u0131 s\u0131\u011f\u0131nmac\u0131larla birlikte, kentin n\u00fcfusu 2,4 milyon civar\u0131nda. Bu da kent i\u00e7in \u00e7ok b\u00fcy\u00fck bir y\u00fck olu\u015fturuyor. Ancak bizim y\u00f6netim anlay\u0131\u015f\u0131m\u0131z, benim ve mensubu oldu\u011fum partimin d\u00fcnya g\u00f6r\u00fc\u015f\u00fcnden kaynakl\u0131; dil, din, mezhep, herhangi bir ayr\u0131m yapmadan, herkese e\u015fit hizmet g\u00f6t\u00fcrebilmektir. Bu kentte ayn\u0131 b\u00f6lgede kiliseyi de, camiyi de g\u00f6rebilirsiniz. \u0130nsanlar\u0131 bir arada, hi\u00e7bir ayr\u0131m g\u00f6zetmeksizin, dost\u00e7a, karde\u015f\u00e7e ya\u015fayan g\u00fczel ve mutlu bir kent&#8221; ifadelerini kulland\u0131. Mersin&#8217;in \u00fclke ekonomisine katk\u0131s\u0131 ve belediyenin mali durumu hakk\u0131nda da k\u0131sa bir bilgi aktaran Ba\u015fkan Se\u00e7er, &#8220;T\u00fcrkiye&#8217;de en fazla vergi \u00f6deyen ilk 7 \u015fehirden biriyiz. Belediye Ba\u015fkan\u0131 oldu\u011fumda hesaplar\u0131 inceledim ve &#8216;merkezi h\u00fck\u00fcmetten gelen para ile ben bu \u015fehre \u00e7ok g\u00fczel hizmet ederim&#8217; dedim. Ge\u00e7mi\u015ften devral\u0131nan ve \u00f6denmesi gereken bor\u00e7 da olmas\u0131na ra\u011fmen, \u015fu anda \u00e7ok g\u00fc\u00e7l\u00fc bir belediyenin i\u00e7inde oturuyorsunuz&#8221; dedi.<\/p>\n<p>B\u00fcy\u00fckel\u00e7i Degutis: &#8220;Gelecekte de g\u00fczel bir i\u015fbirli\u011fine imza ataca\u011f\u0131z&#8221;<\/p>\n<p>Uzun zamand\u0131r bu ziyareti planlad\u0131klar\u0131n\u0131 s\u00f6yleyen Litvanya&#8217;n\u0131n Ankara B\u00fcy\u00fckel\u00e7isi Ricardas Degutis, &#8220;Gelecekte de g\u00fczel bir i\u015fbirli\u011fine imza ataca\u011f\u0131z. Bu proje hem bize bir perspektif katacak, hem de iki \u015fehrin ye\u015fil gelecek konusundaki fikir birliklerini, fikir al\u0131\u015fveri\u015flerini art\u0131racak, ayn\u0131 zamanda ticaret a\u00e7\u0131s\u0131ndan da bir \u00e7ekim merkezi olu\u015fturmas\u0131na sebebiyet verecektir&#8221; dedi.<\/p>\n<p>Grubliauskas: &#8220;\u015eehrinizin g\u00fczelli\u011fini seyretmekten, sizinle randevuma ge\u00e7 kald\u0131m&#8221;<\/p>\n<p>17. Alanya Uluslararas\u0131 Caz G\u00fcnleri&#8217;ne Caz sanat\u00e7\u0131s\u0131 olarak kat\u0131ld\u0131ktan sonra, karde\u015f \u015fehir Belediye Ba\u015fkan\u0131 Vahap Se\u00e7er&#8217;i ziyarete geldi\u011fini s\u00f6yleyen Klaipeda Belediye Ba\u015fkan\u0131 Vytautas Grubliauskas, &#8220;\u015eehirlerimizin \u00e7ok fazla ortak noktas\u0131 var ve ba\u015fka se\u00e7ene\u011fimiz yok, mutlaka birlikte olmal\u0131y\u0131z. Tabi \u015fehirlerimizin ortak noktalar\u0131 aras\u0131nda liman, \u00fcniversiteler, m\u00fczik, k\u00fclt\u00fcr tabi ki caz da var. Ayn\u0131 zamanda ye\u015fil gelecek i\u00e7in de birlikte ad\u0131m ataca\u011f\u0131m\u0131z i\u00e7in \u00e7ok mutluyum. Bunu liman \u015fehirleri olarak yapaca\u011f\u0131z. Buraya gelirken, yolda \u015fof\u00f6r\u00fcm\u00fcz\u00fc biraz durdurmak zorunda kald\u0131m. \u00c7\u00fcnk\u00fc bu kadar g\u00fczel bir \u015fehri incelemek istedim. \u015eehrinizin g\u00fczelli\u011fini seyretmekten, sizinle olan randevuma da biraz ge\u00e7 kald\u0131m&#8221; diye konu\u015ftu.<\/p>\n","protected":false},"excerpt":{"rendered":"<p>Mersin B\u00fcy\u00fck\u015fehir Belediye Ba\u015fkan\u0131 Vahap Se\u00e7er; Litvanya&#8217;n\u0131n Ankara B\u00fcy\u00fckel\u00e7isi Ricardas Degutis, Mersin&#8217;in karde\u015f \u015fehirlerden Litvanya&#8217;n\u0131n Klaipeda kentinin Belediye Ba\u015fkan\u0131 Vytautas Grubliauskas ve Mersin Litvanya Fahri Konsolosu Arma\u011fan \u00d6ner&#8217;i makam\u0131nda a\u011f\u0131rlad\u0131. &hellip; <a href=\"https:\/\/akdenizolaygazetesi.com\/?p=21186\" class=\"more-link\">Devam\u0131n\u0131 Oku&#8230;<\/a><\/p>\n","protected":false},"author":2,"featured_media":21187,"comment_status":"open","ping_status":"open","sticky":false,"template":"","format":"standard","meta":[],"categories":[7,3],"tags":[],"_links":{"self":[{"href":"https:\/\/akdenizolaygazetesi.com\/index.php?rest_route=\/wp\/v2\/posts\/21186"}],"collection":[{"href":"https:\/\/akdenizolaygazetesi.com\/index.php?rest_route=\/wp\/v2\/posts"}],"about":[{"href":"https:\/\/akdenizolaygazetesi.com\/index.php?rest_route=\/wp\/v2\/types\/post"}],"author":[{"embeddable":true,"href":"https:\/\/akdenizolaygazetesi.com\/index.php?rest_route=\/wp\/v2\/users\/2"}],"replies":[{"embeddable":true,"href":"https:\/\/akdenizolaygazetesi.com\/index.php?rest_route=%2Fwp%2Fv2%2Fcomments&post=21186"}],"version-history":[{"count":1,"href":"https:\/\/akdenizolaygazetesi.com\/index.php?rest_route=\/wp\/v2\/posts\/21186\/revisions"}],"predecessor-version":[{"id":21188,"href":"https:\/\/akdenizolaygazetesi.com\/index.php?rest_route=\/wp\/v2\/posts\/21186\/revisions\/21188"}],"wp:featuredmedia":[{"embeddable":true,"href":"https:\/\/akdenizolaygazetesi.com\/index.php?rest_route=\/wp\/v2\/media\/21187"}],"wp:attachment":[{"href":"https:\/\/akdenizolaygazetesi.com\/index.php?rest_route=%2Fwp%2Fv2%2Fmedia&parent=21186"}],"wp:term":[{"taxonomy":"category","embeddable":true,"href":"https:\/\/akdenizolaygazetesi.com\/index.php?rest_route=%2Fwp%2Fv2%2Fcategories&post=21186"},{"taxonomy":"post_tag","embeddable":true,"href":"https:\/\/akdenizolaygazetesi.com\/index.php?rest_route=%2Fwp%2Fv2%2Ftags&post=21186"}],"curies":[{"name":"wp","href":"https:\/\/api.w.org\/{rel}","templated":true}]}}