{"id":21189,"date":"2022-09-24T17:09:46","date_gmt":"2022-09-24T14:09:46","guid":{"rendered":"http:\/\/akdenizolaygazetesi.com\/?p=21189"},"modified":"2022-09-24T17:09:46","modified_gmt":"2022-09-24T14:09:46","slug":"her-yastan-binlerce-insan-festival-alanina-akin-ediyor","status":"publish","type":"post","link":"https:\/\/akdenizolaygazetesi.com\/?p=21189","title":{"rendered":"HER YA\u015eTAN B\u0130NLERCE \u0130NSAN FEST\u0130VAL ALANINA AKIN ED\u0130YOR"},"content":{"rendered":"<p>Hasret sona erdi; Akdeniz Belediyesi\u2019nin, bu y\u0131l 3\u2019\u00fcnc\u00fcs\u00fcn\u00fc d\u00fczenledi\u011fi \u201cKaraduvar Bal\u0131k Festivali\u201d, g\u00fcne\u015fli ve g\u00fczel bir g\u00fcnde vatanda\u015flar\u0131n yo\u011fun ilgisi alt\u0131nda rengarenk ve co\u015fku dolu kortej y\u00fcr\u00fcy\u00fc\u015f\u00fc ile ba\u015flad\u0131.<br \/>\nLezzetin ve e\u011flencenin bulu\u015ftu\u011fu festivalin yap\u0131ld\u0131\u011f\u0131 Karaduvar Mahallesi sahiline y\u00fczlerce insan ak\u0131n ederken, her ya\u015ftan vatanda\u015f\u0131n b\u00f6lgeye ak\u0131n\u0131 s\u00fcr\u00fcyor. Festivale, Akdeniz Belediye Ba\u015fkan\u0131 M. Mustafa G\u00fcltak, , Mersin Valisi Ali Hamza Pehlivan, Mersin \u0130l Emniyet M\u00fcd\u00fcr\u00fc Mehmet Aslan, AK Parti Mersin \u0130l Ba\u015fkan\u0131 Cesim Ercik, \u0130l Jandarma Komutanl\u0131\u011f\u0131, Sahil G\u00fcvenlik Akdeniz B\u00f6lge Komutanl\u0131\u011f\u0131 yetkilileri,  MTSO Meclis Ba\u015fkan\u0131 Hamit \u0130zol, siyasi parti, sivil toplum ve meslek odalar\u0131 temsilcileri ile \u00e7ok say\u0131da b\u00fcrokrat da kat\u0131ld\u0131. Festivale, baz\u0131 yabanc\u0131 \u00fclkelerden misafirlerin de kat\u0131ld\u0131\u011f\u0131 \u00f6\u011frenildi.<br \/>\n3 ton a\u011f\u0131rl\u0131\u011f\u0131ndaki sardalya heykeli, Karaduvar\u2019\u0131n sembol\u00fc olacak<br \/>\nAkdeniz Belediye Ba\u015fkan\u0131 Mustaa G\u00fcltak, festivale kat\u0131lan vatanda\u015flarla sohbet etti, bal\u0131k-ekmek ve \u015falgam ikram etti. Festivalin yap\u0131ld\u0131\u011f\u0131 caddenin giri\u015fi yan\u0131nda, geri d\u00f6n\u00fc\u015f\u00fcm malzemeleri kullan\u0131larak yap\u0131lan devasa sardalya heykeli dikkat \u00e7ekti. Karaduvar\u2019\u0131n sembol\u00fc olacak 3 tona yak\u0131n a\u011f\u0131rl\u0131\u011f\u0131ndaki sardalya heykeli, Akdeniz Belediyesi\u2019nin fen i\u015fleri m\u00fcd\u00fcrl\u00fc\u011f\u00fc at\u00f6lyesinde bulunan \u00e7e\u015fitli at\u0131k metal malzemeler kullan\u0131larak, Toros \u00dcniversitesi\u2019nden Prof. Dr. U\u011furcan Aky\u00fcz ve ekibi taraf\u0131ndan yap\u0131ld\u0131.<br \/>\nAlanda kurulan platformda \u00e7ocuklar i\u00e7in sihirbazl\u0131k g\u00f6sterileri ve e\u011flenceli etkinlikler d\u00fczenlenirken, Karaduvar mahallesi sakini kad\u0131nlar ve gen\u00e7ler de a\u00e7t\u0131klar\u0131 stantlarda, evlerinde \u00fcrettikleri \u00e7e\u015fitli yiyecek ve \u00fcr\u00fcnlerin yan\u0131 s\u0131ra, b\u00f6lgede yeti\u015fen farkl\u0131 tar\u0131m \u00fcr\u00fcnlerinin sat\u0131\u015f\u0131n\u0131 yap\u0131yor.<br \/>\nFarkl\u0131 il\u00e7elerden de y\u00fczlerce vatanda\u015f\u0131n ziyaret etti\u011fi bal\u0131k festivalinin ilerleyen saatlerinde sevilen sanat\u00e7\u0131 Hakan Altun da hayranlar\u0131na unutulmaz bir konser verecek. Festivalde ayr\u0131ca Kibrit Kutusu M\u00fczik Grubu, Grup SoundRock ve Cemal K\u0131l\u0131n\u00e7er de m\u00fczik ziyafeti sunacak. Mersin ve Akdeniz il\u00e7esinin en \u00f6nemli bal\u0131k\u00e7\u0131l\u0131k ve tar\u0131msal \u00fcretim merkezlerinden biri olan Karaduvar\u2019\u0131n yerel ve ulusal \u00f6l\u00e7ekte tan\u0131t\u0131m\u0131na b\u00fcy\u00fck katk\u0131da bulunan geleneksel bal\u0131k-ekmek festivali, g\u00fcn\u00fcn ilerleyen saatlerinde on binlerce insan\u0131n kat\u0131l\u0131m\u0131yla \u00e7ok daha b\u00fcy\u00fck bir co\u015fku ve heyecanla devam edecek. <\/p>\n","protected":false},"excerpt":{"rendered":"<p>Hasret sona erdi; Akdeniz Belediyesi\u2019nin, bu y\u0131l 3\u2019\u00fcnc\u00fcs\u00fcn\u00fc d\u00fczenledi\u011fi \u201cKaraduvar Bal\u0131k Festivali\u201d, g\u00fcne\u015fli ve g\u00fczel bir g\u00fcnde vatanda\u015flar\u0131n yo\u011fun ilgisi alt\u0131nda rengarenk ve co\u015fku dolu kortej y\u00fcr\u00fcy\u00fc\u015f\u00fc ile ba\u015flad\u0131. Lezzetin &hellip; <a href=\"https:\/\/akdenizolaygazetesi.com\/?p=21189\" class=\"more-link\">Devam\u0131n\u0131 Oku&#8230;<\/a><\/p>\n","protected":false},"author":2,"featured_media":21190,"comment_status":"open","ping_status":"open","sticky":false,"template":"","format":"standard","meta":[],"categories":[2,3,5],"tags":[],"_links":{"self":[{"href":"https:\/\/akdenizolaygazetesi.com\/index.php?rest_route=\/wp\/v2\/posts\/21189"}],"collection":[{"href":"https:\/\/akdenizolaygazetesi.com\/index.php?rest_route=\/wp\/v2\/posts"}],"about":[{"href":"https:\/\/akdenizolaygazetesi.com\/index.php?rest_route=\/wp\/v2\/types\/post"}],"author":[{"embeddable":true,"href":"https:\/\/akdenizolaygazetesi.com\/index.php?rest_route=\/wp\/v2\/users\/2"}],"replies":[{"embeddable":true,"href":"https:\/\/akdenizolaygazetesi.com\/index.php?rest_route=%2Fwp%2Fv2%2Fcomments&post=21189"}],"version-history":[{"count":1,"href":"https:\/\/akdenizolaygazetesi.com\/index.php?rest_route=\/wp\/v2\/posts\/21189\/revisions"}],"predecessor-version":[{"id":21191,"href":"https:\/\/akdenizolaygazetesi.com\/index.php?rest_route=\/wp\/v2\/posts\/21189\/revisions\/21191"}],"wp:featuredmedia":[{"embeddable":true,"href":"https:\/\/akdenizolaygazetesi.com\/index.php?rest_route=\/wp\/v2\/media\/21190"}],"wp:attachment":[{"href":"https:\/\/akdenizolaygazetesi.com\/index.php?rest_route=%2Fwp%2Fv2%2Fmedia&parent=21189"}],"wp:term":[{"taxonomy":"category","embeddable":true,"href":"https:\/\/akdenizolaygazetesi.com\/index.php?rest_route=%2Fwp%2Fv2%2Fcategories&post=21189"},{"taxonomy":"post_tag","embeddable":true,"href":"https:\/\/akdenizolaygazetesi.com\/index.php?rest_route=%2Fwp%2Fv2%2Ftags&post=21189"}],"curies":[{"name":"wp","href":"https:\/\/api.w.org\/{rel}","templated":true}]}}