{"id":21192,"date":"2022-09-24T17:11:20","date_gmt":"2022-09-24T14:11:20","guid":{"rendered":"http:\/\/akdenizolaygazetesi.com\/?p=21192"},"modified":"2022-09-24T17:11:20","modified_gmt":"2022-09-24T14:11:20","slug":"kilikya-ultra-maratonu-fuari-renkli-goruntulerle-basladi","status":"publish","type":"post","link":"https:\/\/akdenizolaygazetesi.com\/?p=21192","title":{"rendered":"K\u0130L\u0130KYA ULTRA MARATONU FUARI RENKL\u0130 G\u00d6R\u00dcNT\u00dcLERLE BA\u015eLADI"},"content":{"rendered":"<p>Mersin B\u00fcy\u00fck\u015fehir Belediyesi&#8217;nin bu y\u0131l ilk kez ger\u00e7ekle\u015ftirece\u011fi &#8216;Kilikya Ultra Maratonu&#8217; fuar\u0131 ba\u015flad\u0131. Gen\u00e7lik ve Spor Hizmetleri Dairesi taraf\u0131ndan d\u00fczenlenen Kilikya Ultra Maratonu \u00f6ncesinde yap\u0131lan fuarda; yar\u0131\u015f kiti da\u011f\u0131t\u0131m\u0131, spor etkinlikleri, dans g\u00f6sterileri ve konserler ger\u00e7ekle\u015fiyor.<\/p>\n<p>Fuar\u0131n ilk g\u00fcn\u00fc k\u00fclt\u00fcrel ve sanatsal etkinliklerle renklendi<\/p>\n<p>Fuar\u0131n ilk g\u00fcn\u00fc, yar\u0131\u015f kiti da\u011f\u0131t\u0131m\u0131 ile ba\u015flad\u0131 ve K\u0131zkalesi manzaras\u0131 e\u015fli\u011finde, Loca The Band&#8217;in verdi\u011fi mini konserle s\u00fcrd\u00fc. Hem sporcular\u0131n, hem de b\u00f6lge halk\u0131n\u0131n kat\u0131ld\u0131\u011f\u0131 fuar DJ performans\u0131 ile sona erdi.<\/p>\n<p>Fuar alan\u0131nda d\u00fczenlenen konser ve DJ performans\u0131, yerli ve yabanc\u0131 turistlere e\u011flenceli saatler ya\u015fatt\u0131. Maraton fuar\u0131nda d\u00fczenlenen konseri izlemeye gelen Ay\u015fe Kaya, &#8220;Konser \u00e7ok g\u00fczel. Konser oldu\u011funu biliyordum, sayfadan takip ediyordum, ama bu kadar saat durmam tesad\u00fcf oldu. G\u00fczel bir konser, \u00e7ok e\u011fleniyoruz&#8221; diye konu\u015ftu.<\/p>\n<p>K\u0131zkalesi&#8217;nde i\u015fletmeci oldu\u011funu s\u00f6yleyen Eltaf \u00d6n\u00fcrde\u015f Do\u011fusan, bu t\u00fcr etkinliklerin yerli ve yabanc\u0131 misafirler i\u00e7in \u00f6nemli oldu\u011funa de\u011finerek, &#8220;Ger\u00e7ekten \u00e7ok g\u00fczel bir etkinlik. Uzun zamand\u0131r izledi\u011fimiz en g\u00fczel konserlerden bir tanesi. Bu tarz etkinlikler turizm a\u00e7\u0131s\u0131ndan \u00e7ok \u00f6nemli. \u0130nsanlar buran\u0131n kumsal\u0131na geliyorlar, ama buradaki etkinlikler de biz i\u015fletmeciler olarak \u00e7ok \u00f6nemli oluyor&#8221; diye belirtti.<\/p>\n<p>K\u0131zkalesi&#8217;ne tatile gelen Fatin \u015eeyhmustafa ise, &#8220;Konser \u00e7ok harika. Bu etkinlik harika bir \u015fey. Herkese hitap ediyor. Helal olsun size bravo&#8221; ifadelerini kulland\u0131.<\/p>\n<p>Heyecan dolu 5 farkl\u0131 kategori<\/p>\n<p>25 Eyl\u00fcl&#8217;de 5 farkl\u0131 kategoride ger\u00e7ekle\u015fecek maratonda tarih, do\u011fa ve spor bir araya gelecek, yerli ve yabanc\u0131 kat\u0131l\u0131mc\u0131lar Mersin&#8217;in do\u011fal g\u00fczellikleri aras\u0131nda tarihe ko\u015facak. 500 sporcunun kay\u0131t yapt\u0131rd\u0131\u011f\u0131 maratonda 7 kilometre Korykos Parkuru, 15 kilometre Elaiussa Sebaste Parkuru, 33 kilometre K\u0131zkalesi Parkuru, 33 kilometre K\u0131zkalesi Parkuru Tak\u0131m ve 54 kilometre Kilikya Ultra Maratonu parkurlar\u0131 ko\u015fulacak.<\/p>\n<p>Kilikya Ultra Maratonu&#8217;na haz\u0131r oldu\u011funu s\u00f6yleyen ve yar\u0131\u015f \u00e7ipini alan \u00d6zbekistanl\u0131 Shokirjon Faizulloev, &#8220;Parkuru 54 kilometre olarak se\u00e7tim. Parkurlar\u0131 sosyal medyadan inceledim. Son payla\u015f\u0131mda g\u00f6rd\u00fc\u011f\u00fcm kadar\u0131yla \u00e7ok e\u011flenceli olacak bence. Gen\u00e7lerin spora \u00e7ekilmesi, arkada\u015flar\u0131n birbirine daha yak\u0131n olmas\u0131 i\u00e7in \u00f6nemli bir maraton. Turizm a\u00e7\u0131s\u0131ndan da Mersin&#8217;i herkes tan\u0131m\u0131\u015f olur&#8221; dedi.<\/p>\n","protected":false},"excerpt":{"rendered":"<p>Mersin B\u00fcy\u00fck\u015fehir Belediyesi&#8217;nin bu y\u0131l ilk kez ger\u00e7ekle\u015ftirece\u011fi &#8216;Kilikya Ultra Maratonu&#8217; fuar\u0131 ba\u015flad\u0131. Gen\u00e7lik ve Spor Hizmetleri Dairesi taraf\u0131ndan d\u00fczenlenen Kilikya Ultra Maratonu \u00f6ncesinde yap\u0131lan fuarda; yar\u0131\u015f kiti da\u011f\u0131t\u0131m\u0131, spor &hellip; <a href=\"https:\/\/akdenizolaygazetesi.com\/?p=21192\" class=\"more-link\">Devam\u0131n\u0131 Oku&#8230;<\/a><\/p>\n","protected":false},"author":2,"featured_media":21193,"comment_status":"open","ping_status":"open","sticky":false,"template":"","format":"standard","meta":[],"categories":[3,10],"tags":[],"_links":{"self":[{"href":"https:\/\/akdenizolaygazetesi.com\/index.php?rest_route=\/wp\/v2\/posts\/21192"}],"collection":[{"href":"https:\/\/akdenizolaygazetesi.com\/index.php?rest_route=\/wp\/v2\/posts"}],"about":[{"href":"https:\/\/akdenizolaygazetesi.com\/index.php?rest_route=\/wp\/v2\/types\/post"}],"author":[{"embeddable":true,"href":"https:\/\/akdenizolaygazetesi.com\/index.php?rest_route=\/wp\/v2\/users\/2"}],"replies":[{"embeddable":true,"href":"https:\/\/akdenizolaygazetesi.com\/index.php?rest_route=%2Fwp%2Fv2%2Fcomments&post=21192"}],"version-history":[{"count":1,"href":"https:\/\/akdenizolaygazetesi.com\/index.php?rest_route=\/wp\/v2\/posts\/21192\/revisions"}],"predecessor-version":[{"id":21194,"href":"https:\/\/akdenizolaygazetesi.com\/index.php?rest_route=\/wp\/v2\/posts\/21192\/revisions\/21194"}],"wp:featuredmedia":[{"embeddable":true,"href":"https:\/\/akdenizolaygazetesi.com\/index.php?rest_route=\/wp\/v2\/media\/21193"}],"wp:attachment":[{"href":"https:\/\/akdenizolaygazetesi.com\/index.php?rest_route=%2Fwp%2Fv2%2Fmedia&parent=21192"}],"wp:term":[{"taxonomy":"category","embeddable":true,"href":"https:\/\/akdenizolaygazetesi.com\/index.php?rest_route=%2Fwp%2Fv2%2Fcategories&post=21192"},{"taxonomy":"post_tag","embeddable":true,"href":"https:\/\/akdenizolaygazetesi.com\/index.php?rest_route=%2Fwp%2Fv2%2Ftags&post=21192"}],"curies":[{"name":"wp","href":"https:\/\/api.w.org\/{rel}","templated":true}]}}