{"id":21195,"date":"2022-09-24T17:13:10","date_gmt":"2022-09-24T14:13:10","guid":{"rendered":"http:\/\/akdenizolaygazetesi.com\/?p=21195"},"modified":"2022-09-24T17:13:10","modified_gmt":"2022-09-24T14:13:10","slug":"festivalin-duzenlendigi-sahile-binlerce-insanin-akini-devam-ediyor","status":"publish","type":"post","link":"https:\/\/akdenizolaygazetesi.com\/?p=21195","title":{"rendered":"Festivalin d\u00fczenlendi\u011fi sahile binlerce insan\u0131n ak\u0131n\u0131 devam ediyor"},"content":{"rendered":"<p>Akdeniz Belediyesi\u2019nin d\u00fczenledi\u011fi 3\u2019\u00fcnc\u00fc Karaduvar Bal\u0131k Festivali\u2019ne vatanda\u015flar\u0131n ak\u0131n\u0131 devam ediyor. Her ge\u00e7en dakika y\u00fczlerce insan\u0131n, aileleri ve sevdikleriyle geldi\u011fi Karaduvar sahilindeki kalabal\u0131k b\u00fcy\u00fcyor. Ba\u015fkan Mustafa G\u00fcltak; \u201cKaraduvar Bal\u0131k festivali, art\u0131k t\u00fcm Akdeniz B\u00f6lgesi\u2019nin festivali haline geldi. Karaduvar\u2019\u0131n ad\u0131 da Mersin\u2019i de a\u015farak art\u0131k t\u00fcm \u00fclkeye, hatta d\u00fcnyaya yay\u0131ld\u0131\u201d dedi. <\/p>\n<p>Yerel ve ulusal bas\u0131n mensuplar\u0131n\u0131n da yo\u011fun ilgiyle takip etti\u011fi ve 2 g\u00fcn s\u00fcrecek festivalde konuklara yakla\u015f\u0131k 10 ton bal\u0131k ikram\u0131 yap\u0131lacak. Karaduvar Bal\u0131k Festivali, m\u00fczik dinletileri ve \u00e7e\u015fitli sahne g\u00f6sterileri ile s\u00fcrerken, etkinli\u011fin yap\u0131ld\u0131\u011f\u0131 alana binlerce insan\u0131n ak\u0131n\u0131 da aral\u0131ks\u0131z devam ediyor. Festivalin a\u00e7\u0131l\u0131\u015f\u0131nda bir konu\u015fma yapan Akdeniz Belediye Ba\u015fkan\u0131 M. Mustafa G\u00fcltak, Mersin\u2019in ekonomi ve ticareti elinde tutan Akdeniz il\u00e7esinde bal\u0131k festivalinin bu y\u0131l 3\u2019\u00fcnc\u00fcs\u00fcn\u00fc d\u00fczenliyor olmaktan gurur ve mutluluk duyduklar\u0131n\u0131 ifade etti. Festivale kat\u0131lan konuklar\u0131 selamlayan ve kat\u0131l\u0131mlar\u0131 nedeniyle te\u015fekk\u00fcr eden Ba\u015fkan G\u00fcltak, konserler, renkli etkinlik ve g\u00f6steriler, sahne performanslar\u0131, \u00f6d\u00fcll\u00fc yar\u0131\u015fmalar ve farkl\u0131 aktivitelerle Mersinlileri dolu dolu bir festivalin bekledi\u011finin alt\u0131n\u0131 \u00e7izdi. <\/p>\n<p>Ba\u015fkan G\u00fcltak; \u201cKaraduvar Bal\u0131k Festivali, b\u00f6lgemizin festivali haline geldi\u201d<\/p>\n<p>Sanayi ve Teknoloji Bakanl\u0131\u011f\u0131\u2019n\u0131n yapt\u0131\u011f\u0131 ara\u015ft\u0131rmada, Akdeniz\u2019in, sosyo-ekonomik geli\u015fmi\u015flikte t\u00fcm T\u00fcrkiye \u00e7ap\u0131nda 20 s\u0131ra birden y\u00fckselerek 127\u2019nci s\u0131radan 103\u2019\u00fcnc\u00fc s\u0131raya y\u00fckseldi\u011fini belirterek konu\u015fmas\u0131na ba\u015flayan Ba\u015fkan G\u00fcltak, \u201cYeni projeler, yat\u0131r\u0131m ve hizmetlerle t\u00fcm Akdeniz\u2019de de\u011fi\u015fim ve d\u00f6n\u00fc\u015f\u00fcm\u00fc s\u00fcrd\u00fcrece\u011fiz, Akdeniz\u2019i; T\u00fcrkiye\u2019nin ilk 20 il\u00e7esi aras\u0131na \u00e7\u0131karaca\u011f\u0131z\u201d dedi. <\/p>\n<p>\u201c\u0130ki g\u00fcnde 150 bini a\u015fk\u0131n insan\u0131m\u0131z\u0131n kat\u0131l\u0131m\u0131n\u0131 bekliyoruz\u201d<\/p>\n<p>S\u00f6zlerini; \u201cBug\u00fcn art\u0131k bal\u0131k festivali deyince de milyonlarca insan\u0131n akl\u0131na Karaduvar geliyor\u201d diyerek s\u00fcrd\u00fcren Ba\u015fkan G\u00fcltak \u015f\u00f6yle konu\u015ftu; \u201c\u0130nternette de ilk s\u0131rada Karaduvar Bal\u0131k Festivalimiz yer al\u0131yor. Bu kolay bir i\u015f de\u011fil. Bunu hep beraber ba\u015fard\u0131k. Karaduvar\u2019\u0131n ad\u0131, art\u0131k Mersin\u2019i de a\u015ft\u0131. Farkl\u0131 illerden insanlar\u0131m\u0131z bizi ar\u0131yor, festivalimizi soruyor. \u0130ki g\u00fcn s\u00fcrecek festivalimize 150 bin civar\u0131nda insan\u0131m\u0131z\u0131n kat\u0131l\u0131m\u0131n\u0131 bekliyoruz. Karaduvar bal\u0131k festivalimiz, art\u0131k b\u00f6lgemizin festivali haline geldi. Civar illerden de insanlar\u0131m\u0131z festivale geliyor. Bunun da Karaduvar\u2019a b\u00fcy\u00fck faydas\u0131 oluyor. Hem buray\u0131 tan\u0131t\u0131yoruz hem de esnaf\u0131m\u0131z faydalan\u0131yor. Farkl\u0131 kurumlar\u0131m\u0131z ve kad\u0131n kooperatiflerimiz stantlar a\u00e7arak \u00fcr\u00fcnlerini tan\u0131t\u0131yor ve sat\u0131yor, kad\u0131nlara gelir sa\u011flam\u0131\u015f oluyoruz.\u201d<\/p>\n<p>Lezzetin ve e\u011flencenin festivali\u2026<\/p>\n<p>\u201cBence bug\u00fcn burada t\u00fcm g\u00f6rd\u00fcklerimiz bu ya\u015fad\u0131klar\u0131m\u0131z \u00e7ok \u00f6nemli\u201d diyen Ba\u015fkan G\u00fcltak, \u201c\u00c7\u00fcnk\u00fc Akdeniz\u2019de art\u0131k huzur, bar\u0131\u015f ve karde\u015flik var. B\u00fct\u00fcn bu g\u00fczellikleri, de\u011fi\u015fimi yapmam\u0131z\u0131 sa\u011flayan D\u00fcnya Lideri Cumhurba\u015fkan\u0131m\u0131z Say\u0131n Recep Tayyip Erdo\u011fan\u2019a te\u015fekk\u00fcr ediyorum. De\u011ferli Bakanlar\u0131m\u0131z\u0131n ve Milletvekillerimizin, Say\u0131n Valimiz ve \u0130l Ba\u015fkan\u0131m\u0131z\u0131n, Cumhur \u0130ttifak\u0131 temsilcilerinin deste\u011fiyle b\u00fct\u00fcn bunlar\u0131 ba\u015fard\u0131k. Lezzetin e\u011flence ile bulu\u015ftu\u011fu festivalimize kat\u0131l\u0131m sa\u011flayan t\u00fcm ailelerimize, her ya\u015ftan vatanda\u015f\u0131m\u0131za da \u00e7ok te\u015fekk\u00fcr ediyorum. \u015eimdi sizleri sardalya-ekmek yemeye davet ediyorum, hepinize afiyet olsun\u201d ifadelerini kulland\u0131.<\/p>\n<p>\u0130zol; \u201cSa\u011flad\u0131\u011f\u0131 huzur ortam\u0131 i\u00e7in Ba\u015fkan\u0131m\u0131za te\u015fekk\u00fcr ediyorum\u201d<\/p>\n<p>MTSO Meclis Ba\u015fkan\u0131 Hamit \u0130zol da konu\u015fmas\u0131nda, \u201cKaraduvar Bal\u0131k Festivalimizin mimar\u0131 Akdeniz Belediye Ba\u015fkan\u0131m\u0131z Say\u0131n Mustafa G\u00fcltak\u2019a \u015fehrimiz ad\u0131na \u00e7ok te\u015fekk\u00fcr ediyorum. Festival demek, insanlar\u0131n bulu\u015fup kucakla\u015ft\u0131\u011f\u0131, sosyalle\u015fip e\u011flendi\u011fi etkinlikler demektir. Ba\u015fkan\u0131m\u0131z\u0131n g\u00f6reve geldi\u011fi g\u00fcnden bu yana ger\u00e7ekten farkl\u0131 g\u00fczellikler ya\u015fand\u0131. Daha huzurlu bir ortam sa\u011fland\u0131. Bu huzur ortam\u0131ndan dolay\u0131 da Ba\u015fkan\u0131m\u0131za ayr\u0131ca te\u015fekk\u00fcr ediyorum\u201d diye konu\u015ftu. <\/p>\n<p>Vali Pehlivan; \u201c85 milyonluk b\u00fcy\u00fck ve g\u00fczel bir aileyiz\u201d<\/p>\n<p>Mersin Valisi Ali Hamza Pehlivan ise, Eyl\u00fcl ay\u0131n\u0131n bu g\u00fczel g\u00fcn\u00fcnde Karaduvar sahilinde K\u00fclt\u00fcr ve Turizm Bakanl\u0131\u011f\u0131\u2019n\u0131n da katk\u0131lar\u0131yla organize edilen festivale kat\u0131l\u0131yor olmaktan mutluluk duydu\u011funu ifade etti. \u201cBizler, 85 milyon olarak b\u00fcy\u00fck ve g\u00fczel bir aileyiz\u201d diyen Vali Pehlivan \u015f\u00f6yle konu\u015ftu; \u201cFestivaller, \u015fenlikler, insanlar\u0131m\u0131z\u0131n bir araya gelmesine, g\u00fczel vakit ge\u00e7irmelerine vesile oluyor. Festivallerin bir di\u011fer katk\u0131s\u0131 da k\u00fclt\u00fcrel, ekonomik veya turizm de\u011ferine de \u00f6n plana \u00e7\u0131karmak ad\u0131na da katk\u0131s\u0131 oluyor. Festival sayesinde ilimizdeki bal\u0131k\u00e7\u0131l\u0131k sekt\u00f6r\u00fcne de dikkat \u00e7ekece\u011fiz. Malumunuz \u00fclkemizin 3 taraf\u0131 denizlerle \u00e7evrili. Mersin ilimizde de 321 kilometre sahil band\u0131na sahibiz. Bu, bal\u0131k\u00e7\u0131l\u0131k ve bal\u0131k \u00fcretimi anlam\u0131nda da \u00f6nemli bir potansiyel. \u0130\u015fte bug\u00fcn de Akdeniz\u2019in k\u0131y\u0131s\u0131nday\u0131z. Bal\u0131k\u00e7\u0131l\u0131k d\u00fcnya ekonomisinde de \u00e7ok b\u00fcy\u00fck bir yer tutuyor.\u201d<\/p>\n<p>Akdeniz Belediyesi\u2019nin d\u00fczenledi\u011fi 3\u2019\u00fcnc\u00fc Karaduvar Bal\u0131k Festivali, farkl\u0131 sanat\u00e7\u0131lar\u0131n m\u00fczik dinletileri, \u00e7ocuklar i\u00e7in d\u00fczenlenen g\u00f6steriler, s\u00f6yle\u015fi ve farkl\u0131 aktivitelerle devam ediyor. Festival alan\u0131na kat\u0131l\u0131m her ge\u00e7en dakika artarken; aileleri ile birlikte alan\u0131 gezen vatanda\u015flar, b\u00f6ylesi g\u00fczel bir etkinli\u011fe kat\u0131l\u0131yor olmaktan mutluluk duyduklar\u0131n\u0131 dile getirdi, Akdeniz Belediye Ba\u015fkan\u0131 Mustafa G\u00fcltak\u2019a te\u015fekk\u00fcr etti. <\/p>\n","protected":false},"excerpt":{"rendered":"<p>Akdeniz Belediyesi\u2019nin d\u00fczenledi\u011fi 3\u2019\u00fcnc\u00fc Karaduvar Bal\u0131k Festivali\u2019ne vatanda\u015flar\u0131n ak\u0131n\u0131 devam ediyor. Her ge\u00e7en dakika y\u00fczlerce insan\u0131n, aileleri ve sevdikleriyle geldi\u011fi Karaduvar sahilindeki kalabal\u0131k b\u00fcy\u00fcyor. Ba\u015fkan Mustafa G\u00fcltak; \u201cKaraduvar Bal\u0131k festivali, &hellip; <a href=\"https:\/\/akdenizolaygazetesi.com\/?p=21195\" class=\"more-link\">Devam\u0131n\u0131 Oku&#8230;<\/a><\/p>\n","protected":false},"author":2,"featured_media":21196,"comment_status":"open","ping_status":"open","sticky":false,"template":"","format":"standard","meta":[],"categories":[34,3],"tags":[],"_links":{"self":[{"href":"https:\/\/akdenizolaygazetesi.com\/index.php?rest_route=\/wp\/v2\/posts\/21195"}],"collection":[{"href":"https:\/\/akdenizolaygazetesi.com\/index.php?rest_route=\/wp\/v2\/posts"}],"about":[{"href":"https:\/\/akdenizolaygazetesi.com\/index.php?rest_route=\/wp\/v2\/types\/post"}],"author":[{"embeddable":true,"href":"https:\/\/akdenizolaygazetesi.com\/index.php?rest_route=\/wp\/v2\/users\/2"}],"replies":[{"embeddable":true,"href":"https:\/\/akdenizolaygazetesi.com\/index.php?rest_route=%2Fwp%2Fv2%2Fcomments&post=21195"}],"version-history":[{"count":1,"href":"https:\/\/akdenizolaygazetesi.com\/index.php?rest_route=\/wp\/v2\/posts\/21195\/revisions"}],"predecessor-version":[{"id":21197,"href":"https:\/\/akdenizolaygazetesi.com\/index.php?rest_route=\/wp\/v2\/posts\/21195\/revisions\/21197"}],"wp:featuredmedia":[{"embeddable":true,"href":"https:\/\/akdenizolaygazetesi.com\/index.php?rest_route=\/wp\/v2\/media\/21196"}],"wp:attachment":[{"href":"https:\/\/akdenizolaygazetesi.com\/index.php?rest_route=%2Fwp%2Fv2%2Fmedia&parent=21195"}],"wp:term":[{"taxonomy":"category","embeddable":true,"href":"https:\/\/akdenizolaygazetesi.com\/index.php?rest_route=%2Fwp%2Fv2%2Fcategories&post=21195"},{"taxonomy":"post_tag","embeddable":true,"href":"https:\/\/akdenizolaygazetesi.com\/index.php?rest_route=%2Fwp%2Fv2%2Ftags&post=21195"}],"curies":[{"name":"wp","href":"https:\/\/api.w.org\/{rel}","templated":true}]}}