{"id":21202,"date":"2022-09-25T11:53:20","date_gmt":"2022-09-25T08:53:20","guid":{"rendered":"http:\/\/akdenizolaygazetesi.com\/?p=21202"},"modified":"2022-09-25T11:53:20","modified_gmt":"2022-09-25T08:53:20","slug":"karaduvar-balik-festivali-coskusu-hakan-altun-konseri-ile-devam-etti","status":"publish","type":"post","link":"https:\/\/akdenizolaygazetesi.com\/?p=21202","title":{"rendered":"KARADUVAR BALIK FEST\u0130VAL\u0130 CO\u015eKUSU HAKAN ALTUN KONSER\u0130 \u0130LE DEVAM ETT\u0130"},"content":{"rendered":"<p>Akdeniz Belediyesi\u2019nin bu y\u0131l 3\u2019\u00fcnc\u00fcs\u00fcn\u00fc d\u00fczenledi\u011fi ve her ya\u015ftan binlerce vatanda\u015f\u0131n ziyaret etti\u011fi Karaduvar Bal\u0131k Festivali heyecan\u0131, sevilen sanat\u00e7\u0131 Hakan Altun\u2019un hayranlar\u0131 i\u00e7in verdi\u011fi konserle yerini co\u015fkuya b\u0131rakt\u0131.<br \/>\nLezzetin e\u011flence ile bulu\u015ftu\u011fu ve iki g\u00fcn s\u00fcrecek festivalin ilk g\u00fcn\u00fcnde binlerce vatanda\u015f, aileleri ve sevdikleriyle birlikte Karaduvar sahiline ak\u0131n etti. Vatanda\u015flar, ikram edilen sardalya-ekmek ve \u015falgamdan almak i\u00e7in sahilde uzun kuyruklar olu\u015fturdu. Sanat\u00e7\u0131lar\u0131n m\u00fczik dinletileri, \u00f6d\u00fcll\u00fc bilgi yar\u0131\u015fmalar\u0131, \u015fampiyon sporcular\u0131n performans\u0131, \u00e7ocuk etkinlikleri, sihirbazl\u0131k g\u00f6sterileri ve halk oyunlar\u0131 ile daha da renklenen geleneksel Karaduvar Bal\u0131k Festivali\u2019ne \u015fehir d\u0131\u015f\u0131ndan da bir\u00e7ok ki\u015fi kat\u0131ld\u0131.<br \/>\nKaraduvar esnaf\u0131, festivalin yaratt\u0131\u011f\u0131 hareketlilikten memnun\u2026<br \/>\nBal\u0131k festivalinden duyduklar\u0131 memnuniyeti dile getiren Karaduvar Mahallesi esnaf\u0131 ve alanda stant a\u00e7arak sat\u0131\u015f yapan kad\u0131nlar ve gen\u00e7ler, etkinli\u011fin; hem b\u00f6lgenin tan\u0131t\u0131m\u0131na hem de ekonomik canl\u0131l\u0131\u011f\u0131na b\u00fcy\u00fck katk\u0131 sa\u011flad\u0131\u011f\u0131n\u0131 belirterek Akdeniz Belediye Ba\u015fkan\u0131 G\u00fcltak\u2019\u0131 takdir ve tebrik ettiler.<br \/>\nYo\u011fun ilgi \u00e7eken etkinlik sayesinde mahallelerinde olu\u015fan kalabal\u0131k sayesinde \u00e7ok iyi sat\u0131\u015f yaparak kazan\u00e7 elde ettiklerini s\u00f6yleyen Karaduvar esnaf\u0131, bal\u0131k festivalinin gelecek y\u0131llarda da mutlaka devam etmesi gerekti\u011fini dile getirdiler. \u00d6zellikle gen\u00e7ler ise hem festivali \u00e7ok be\u011fendiklerini belirtirken, Hakan Altun\u2019un verece\u011fi konseri de sab\u0131rs\u0131zl\u0131kla beklediklerini ifade ettiler.<br \/>\nFestival alan\u0131na insan ak\u0131n\u0131, ak\u015fam saatlerinde daha da artt\u0131<br \/>\nAk\u015fam saatlerinde d\u00fczenlenen sanat\u00e7\u0131 Hakan Altun\u2019un konserini dinlemek i\u00e7in festivalin organize edildi\u011fi Karaduvar sahiline binlerce vatanda\u015f\u0131n ak\u0131n\u0131 aral\u0131ks\u0131z devam etti. Kalabal\u0131k nedeniyle festivalin d\u00fczenlendi\u011fi alanda yer bulamayan y\u00fczlerce ki\u015fi, deniz kenar\u0131nda kumlar\u0131n \u00fczerine oturup \u015fark\u0131lara e\u015flik etti. Kimi mahalle sakinleri ise evlerinin dam\u0131na \u00e7\u0131karak sanat\u00e7\u0131n\u0131n \u015fark\u0131lar\u0131n\u0131 dinlerken, Akdeniz Belediye Ba\u015fkan\u0131 M. Mustafa G\u00fcltak da konsere e\u015fi Behiye G\u00fcltak ile birlikte kat\u0131ld\u0131.<br \/>\nBinlerce ki\u015fi konseri dinlemek i\u00e7in alan\u0131 doldurdu<br \/>\nKonserin sonuna do\u011fru sahneye \u00e7\u0131karak Karaduvar Bal\u0131k Festivali\u2019ne kat\u0131l\u0131m\u0131 nedeniyle Hakan Altun ve ekibine te\u015fekk\u00fcr eden Ba\u015fkan Mustafa G\u00fcltak, sanat\u00e7\u0131ya \u00e7i\u00e7ek takdim etti. Sanat\u00e7\u0131 Hakan Altun da festivale kat\u0131l\u0131yor olmaktan mutluluk duydu\u011funu s\u00f6yledi, davet nedeniyle Ba\u015fkana te\u015fekk\u00fcr etti. Ba\u015fkan Mustafa G\u00fcltak, ard\u0131ndan Hakan Altun ve konseri dinlemek i\u00e7in sahili dolduran binlerce vatanda\u015f\u0131 kendi \u00e7ekti\u011fi selfi ile \u00f6l\u00fcms\u00fczle\u015ftirdi. Hayranlar\u0131n\u0131n \u0131srar\u0131 \u00fczerine uzun s\u00fcre sahnede kalan sevilen sanat\u00e7\u0131, duygu dolu \u015fark\u0131lar\u0131n\u0131 s\u00f6yleyip hayranlar\u0131na unutulmaz dakikalar ya\u015fatt\u0131.<br \/>\nAkdeniz Belediyesi\u2019nin, K\u00fclt\u00fcr ve Turizm Bakanl\u0131\u011f\u0131\u2019n\u0131n da katk\u0131lar\u0131yla bu y\u0131l 3\u2019\u00fcnc\u00fcs\u00fcn\u00fc organize etti\u011fi, lezzetin ve e\u011flencenin bir arada oldu\u011fu Karaduvar Bal\u0131k Festivali co\u015fkusu bug\u00fcn de devam edecek.<\/p>\n","protected":false},"excerpt":{"rendered":"<p>Akdeniz Belediyesi\u2019nin bu y\u0131l 3\u2019\u00fcnc\u00fcs\u00fcn\u00fc d\u00fczenledi\u011fi ve her ya\u015ftan binlerce vatanda\u015f\u0131n ziyaret etti\u011fi Karaduvar Bal\u0131k Festivali heyecan\u0131, sevilen sanat\u00e7\u0131 Hakan Altun\u2019un hayranlar\u0131 i\u00e7in verdi\u011fi konserle yerini co\u015fkuya b\u0131rakt\u0131. Lezzetin e\u011flence &hellip; <a href=\"https:\/\/akdenizolaygazetesi.com\/?p=21202\" class=\"more-link\">Devam\u0131n\u0131 Oku&#8230;<\/a><\/p>\n","protected":false},"author":2,"featured_media":21203,"comment_status":"open","ping_status":"open","sticky":false,"template":"","format":"standard","meta":[],"categories":[2,3,5],"tags":[],"_links":{"self":[{"href":"https:\/\/akdenizolaygazetesi.com\/index.php?rest_route=\/wp\/v2\/posts\/21202"}],"collection":[{"href":"https:\/\/akdenizolaygazetesi.com\/index.php?rest_route=\/wp\/v2\/posts"}],"about":[{"href":"https:\/\/akdenizolaygazetesi.com\/index.php?rest_route=\/wp\/v2\/types\/post"}],"author":[{"embeddable":true,"href":"https:\/\/akdenizolaygazetesi.com\/index.php?rest_route=\/wp\/v2\/users\/2"}],"replies":[{"embeddable":true,"href":"https:\/\/akdenizolaygazetesi.com\/index.php?rest_route=%2Fwp%2Fv2%2Fcomments&post=21202"}],"version-history":[{"count":1,"href":"https:\/\/akdenizolaygazetesi.com\/index.php?rest_route=\/wp\/v2\/posts\/21202\/revisions"}],"predecessor-version":[{"id":21204,"href":"https:\/\/akdenizolaygazetesi.com\/index.php?rest_route=\/wp\/v2\/posts\/21202\/revisions\/21204"}],"wp:featuredmedia":[{"embeddable":true,"href":"https:\/\/akdenizolaygazetesi.com\/index.php?rest_route=\/wp\/v2\/media\/21203"}],"wp:attachment":[{"href":"https:\/\/akdenizolaygazetesi.com\/index.php?rest_route=%2Fwp%2Fv2%2Fmedia&parent=21202"}],"wp:term":[{"taxonomy":"category","embeddable":true,"href":"https:\/\/akdenizolaygazetesi.com\/index.php?rest_route=%2Fwp%2Fv2%2Fcategories&post=21202"},{"taxonomy":"post_tag","embeddable":true,"href":"https:\/\/akdenizolaygazetesi.com\/index.php?rest_route=%2Fwp%2Fv2%2Ftags&post=21202"}],"curies":[{"name":"wp","href":"https:\/\/api.w.org\/{rel}","templated":true}]}}