{"id":21205,"date":"2022-09-25T11:54:41","date_gmt":"2022-09-25T08:54:41","guid":{"rendered":"http:\/\/akdenizolaygazetesi.com\/?p=21205"},"modified":"2022-09-25T11:54:41","modified_gmt":"2022-09-25T08:54:41","slug":"baskan-secerden-prof-canevaya-gecmis-olsun-ziyareti","status":"publish","type":"post","link":"https:\/\/akdenizolaygazetesi.com\/?p=21205","title":{"rendered":"BA\u015eKAN SE\u00c7ER&#8217;DEN, PROF. CANEVA&#8217;YA GE\u00c7M\u0130\u015e OLSUN Z\u0130YARET\u0130"},"content":{"rendered":"<p>Mersin B\u00fcy\u00fck\u015fehir Belediye Ba\u015fkan\u0131 Vahap Se\u00e7er, \u0130talya Lecce \u00dcniversitesi Arkeoloji B\u00f6l\u00fcm\u00fc \u00d6\u011fretim \u00dcyesi ve Yumuktepe H\u00f6y\u00fc\u011f\u00fc \u00f6nceki Kaz\u0131 Ba\u015fkan\u0131 Prof. Dr. Isabella Caneva&#8217;ya ge\u00e7mi\u015f olsun ziyaretinde bulundu.<br \/>\nYumuktepe kaz\u0131s\u0131 esnas\u0131nda yama\u00e7tan d\u00fc\u015ferek talihsiz bir kaza ya\u015fayan Caneva ile sa\u011fl\u0131k durumu hakk\u0131nda sohbet eden Ba\u015fkan Se\u00e7er, Yumuktepe Kaz\u0131 Evi&#8217;ni de gezdi.<br \/>\nYumuktepe H\u00f6y\u00fc\u011f\u00fc Kaz\u0131 Ba\u015fkan\u0131 Prof. Dr. Giulio Palumbi ve Yumuktepe&#8217;de g\u00f6rev yapan arkeologlar da ziyarette yer ald\u0131.<br \/>\nBa\u015fkan Se\u00e7er: &#8220;B\u00fcy\u00fck\u015fehir olarak her zaman yan\u0131n\u0131zday\u0131z&#8221;<br \/>\nCaneva&#8217;ya \u00e7i\u00e7ek g\u00f6t\u00fcren ve ge\u00e7mi\u015f olsun dile\u011fini ileten Ba\u015fkan Se\u00e7er, sa\u011fl\u0131k durumu hakk\u0131nda bilgi ald\u0131. Caneva&#8217;ya kendisine dikkat etmesini s\u00f6yleyen Ba\u015fkan Se\u00e7er, B\u00fcy\u00fck\u015fehir Belediyesi olarak sa\u011fl\u0131k konusunda neye ihtiya\u00e7lar\u0131 varsa kendileri ile temas kurmalar\u0131n\u0131 istedi.<br \/>\nBa\u015fkan Se\u00e7er&#8217;in ziyaretinden duydu\u011fu memnuniyeti dile getiren Caneva da, ya\u015fad\u0131\u011f\u0131 kazan\u0131n etkisinin halen s\u00fcrd\u00fc\u011f\u00fcn\u00fc, ancak yava\u015f yava\u015f da olsa sa\u011fl\u0131\u011f\u0131na kavu\u015faca\u011f\u0131n\u0131 belirtti. Caneva, kaz\u0131 \u00e7al\u0131\u015fmalar\u0131yla ilgili de Ba\u015fkan Se\u00e7er&#8217;e bilgi verdi.<br \/>\nBa\u015fkan Se\u00e7er ziyaretin ard\u0131ndan Yumuktepe Kaz\u0131 Evi&#8217;ni inceledi. Laboratuvar, depo gibi alanlar\u0131 gezen Ba\u015fkan Se\u00e7er, Yumuktepe H\u00f6y\u00fc\u011f\u00fc Kaz\u0131 Ba\u015fkan\u0131 Prof. Dr. Giulio Palumbi&#8217;den, \u00e7al\u0131\u015fmalar\u0131n geldi\u011fi son nokta hakk\u0131nda da bilgi ald\u0131.<\/p>\n","protected":false},"excerpt":{"rendered":"<p>Mersin B\u00fcy\u00fck\u015fehir Belediye Ba\u015fkan\u0131 Vahap Se\u00e7er, \u0130talya Lecce \u00dcniversitesi Arkeoloji B\u00f6l\u00fcm\u00fc \u00d6\u011fretim \u00dcyesi ve Yumuktepe H\u00f6y\u00fc\u011f\u00fc \u00f6nceki Kaz\u0131 Ba\u015fkan\u0131 Prof. Dr. Isabella Caneva&#8217;ya ge\u00e7mi\u015f olsun ziyaretinde bulundu. Yumuktepe kaz\u0131s\u0131 esnas\u0131nda &hellip; <a href=\"https:\/\/akdenizolaygazetesi.com\/?p=21205\" class=\"more-link\">Devam\u0131n\u0131 Oku&#8230;<\/a><\/p>\n","protected":false},"author":2,"featured_media":21206,"comment_status":"open","ping_status":"open","sticky":false,"template":"","format":"standard","meta":[],"categories":[3,5,9],"tags":[],"_links":{"self":[{"href":"https:\/\/akdenizolaygazetesi.com\/index.php?rest_route=\/wp\/v2\/posts\/21205"}],"collection":[{"href":"https:\/\/akdenizolaygazetesi.com\/index.php?rest_route=\/wp\/v2\/posts"}],"about":[{"href":"https:\/\/akdenizolaygazetesi.com\/index.php?rest_route=\/wp\/v2\/types\/post"}],"author":[{"embeddable":true,"href":"https:\/\/akdenizolaygazetesi.com\/index.php?rest_route=\/wp\/v2\/users\/2"}],"replies":[{"embeddable":true,"href":"https:\/\/akdenizolaygazetesi.com\/index.php?rest_route=%2Fwp%2Fv2%2Fcomments&post=21205"}],"version-history":[{"count":1,"href":"https:\/\/akdenizolaygazetesi.com\/index.php?rest_route=\/wp\/v2\/posts\/21205\/revisions"}],"predecessor-version":[{"id":21207,"href":"https:\/\/akdenizolaygazetesi.com\/index.php?rest_route=\/wp\/v2\/posts\/21205\/revisions\/21207"}],"wp:featuredmedia":[{"embeddable":true,"href":"https:\/\/akdenizolaygazetesi.com\/index.php?rest_route=\/wp\/v2\/media\/21206"}],"wp:attachment":[{"href":"https:\/\/akdenizolaygazetesi.com\/index.php?rest_route=%2Fwp%2Fv2%2Fmedia&parent=21205"}],"wp:term":[{"taxonomy":"category","embeddable":true,"href":"https:\/\/akdenizolaygazetesi.com\/index.php?rest_route=%2Fwp%2Fv2%2Fcategories&post=21205"},{"taxonomy":"post_tag","embeddable":true,"href":"https:\/\/akdenizolaygazetesi.com\/index.php?rest_route=%2Fwp%2Fv2%2Ftags&post=21205"}],"curies":[{"name":"wp","href":"https:\/\/api.w.org\/{rel}","templated":true}]}}