{"id":21211,"date":"2022-09-25T17:02:49","date_gmt":"2022-09-25T14:02:49","guid":{"rendered":"http:\/\/akdenizolaygazetesi.com\/?p=21211"},"modified":"2022-09-25T17:02:49","modified_gmt":"2022-09-25T14:02:49","slug":"maraton-mersinin-tanitimina-buyuk-katki-saglayacak","status":"publish","type":"post","link":"https:\/\/akdenizolaygazetesi.com\/?p=21211","title":{"rendered":"MARATON, MERS\u0130N&#8217;\u0130N TANITIMINA B\u00dcY\u00dcK KATKI SA\u011eLAYACAK"},"content":{"rendered":"<p>Mersin B\u00fcy\u00fck\u015fehir Belediyesi taraf\u0131ndan d\u00fczenlenen ve Mersin&#8217;de ilk kez yap\u0131lan Kilikya Ultra Maratonu, K\u0131zkalesi&#8217;nde bulunan t\u00fcm kesimleri mutlu ediyor. Esnaf\u0131ndan sporcusuna, tatilcisinden muhtar\u0131na kadar herkesin b\u00fcy\u00fck be\u011fenisini kazanan etkinlikler ile hem K\u0131zkalesi&#8217;nin tan\u0131t\u0131m\u0131 yap\u0131l\u0131yor, hem de b\u00f6lge esnaf\u0131na \u00f6nemli katk\u0131 sa\u011flan\u0131yor.<\/p>\n<p>&#8220;Ko\u015funun tarihi yerlerde yap\u0131l\u0131yor olmas\u0131 heyecan verici&#8221;<\/p>\n<p>Maratonu internette g\u00f6rd\u00fc\u011f\u00fc anda hemen ba\u015fvuru yapt\u0131\u011f\u0131n\u0131 ve \u00e7ok heyecanland\u0131\u011f\u0131n\u0131 s\u00f6yleyen \u0130pek Bi\u00e7er, &#8220;Bulundu\u011fumuz yer ve ortam \u00e7ok g\u00fczel. Bu tarz \u015feylerin \u00e7ok daha fazla yap\u0131lmas\u0131n\u0131 istiyorum. \u00c7\u00fcnk\u00fc Mersin bu i\u015fe \u00e7ok yatk\u0131n. Buras\u0131 tarihi a\u00e7\u0131dan ve deniz olarak da \u00e7ok g\u00fczel bir \u015fehir zaten&#8221; dedi.<\/p>\n<p>Etkinli\u011fin Mersin&#8217;e \u00e7ok katk\u0131 sa\u011flayaca\u011f\u0131n\u0131 s\u00f6yleyen \u0130smail Ku\u015fdemir ise, &#8220;Etkinli\u011fin, Mersin&#8217;in tan\u0131t\u0131m\u0131na \u00e7ok katk\u0131 sa\u011flayaca\u011f\u0131n\u0131 d\u00fc\u015f\u00fcn\u00fcyorum. Buras\u0131 yazl\u0131k bir \u015fehir oldu\u011fu i\u00e7in, g\u00fczel kat\u0131l\u0131m olmu\u015f. Ko\u015fu tarihi yerlerde yap\u0131laca\u011f\u0131 i\u00e7in, bu yerlerin bilinmesi ad\u0131na da g\u00fczel bir reklam olaca\u011f\u0131n\u0131 d\u00fc\u015f\u00fcn\u00fcyorum&#8221; diye konu\u015ftu.<\/p>\n<p>Tatil i\u00e7in Ankara&#8217;dan geldi\u011fini s\u00f6yleyen ve dans etkinli\u011fine kat\u0131lan Nahide Bar\u0131\u015f, &#8220;\u00c7ok g\u00fczel bir etkinlik. Ko\u015fuya da kat\u0131lmak istedik, ama maalesef tatilimiz sona erdi. O bak\u0131mdan \u00e7ok \u00fczg\u00fcn\u00fcz. Da\u011flara gitmeyi \u00e7ok arzu ediyorduk&#8221; diye konu\u015furken, Kezban \u00d6zmen ise, &#8220;Mersine 3. geli\u015fim. Ge\u00e7en g\u00fcn etkinlik ba\u015flang\u0131c\u0131nda ba\u015fkan\u0131m\u0131z\u0131 da izledim. Medeniyete ve spora verdi\u011fi de\u011fer a\u00e7\u0131s\u0131ndan, bizi memnun etti. B\u00f6yle bir belediye ba\u015fkan\u0131 g\u00f6rmekten mutlu olduk. Hem tatilimiz renklenmi\u015f oldu, hem de g\u00fczel, bize ait bir belediyeye sahip olmam\u0131z ho\u015fumuza gitti&#8221; dedi.<\/p>\n<p>&#8220;Mersin&#8217;e her anlamda katk\u0131s\u0131 olan bir organizasyon&#8221;<\/p>\n<p>Farkl\u0131 \u015fehirlerde yap\u0131lan benzer organizasyonlara kat\u0131ld\u0131klar\u0131nda &#8216;Neden \u015fehrimizde olmuyor, bizim \u015fehrimizde olsa ne kadar g\u00fczel olurdu&#8217; diye d\u00fc\u015f\u00fcnd\u00fcklerini aktaran G\u00fcray G\u00f6\u00e7er, &#8220;Bu fikrin bu \u015fekilde ortaya \u00e7\u0131kmas\u0131, bu \u015fekilde v\u00fccut bulmu\u015f olmas\u0131, \u00f6zellikle Mersin B\u00fcy\u00fck\u015fehir Belediyesi&#8217;nin bize verdi\u011fi destekle b\u00f6yle ulusal ve uluslararas\u0131 anlamda bir\u00e7ok ko\u015fucunun kat\u0131ld\u0131\u011f\u0131, Mersin&#8217;in turizmine, ekonomisine, sosyal-k\u00fclt\u00fcrel hayat\u0131na katk\u0131 sunaca\u011f\u0131n\u0131 d\u00fc\u015f\u00fcnd\u00fc\u011f\u00fcm\u00fcz bu projenin hayata ge\u00e7mesinden dolay\u0131 son derece memnununuz&#8221; \u015feklinde konu\u015ftu.<\/p>\n<p>Erdo\u011fan \u00d6zkan isimli sporcu, &#8220;Aylard\u0131r bu yar\u0131\u015fmaya haz\u0131rland\u0131k. Ultra ko\u015fmay\u0131 seven bir ekip olarak, Mersin \u00e7ok s\u00fcper oldu. Umar\u0131m her y\u0131l devam eder, daha da geli\u015ferek devam eder. T\u00fcm T\u00fcrkiye&#8217;de ve Avrupa da giderek yayg\u0131nla\u015fs\u0131n isterim&#8221; diye konu\u015furken Soner \u00d6zdemir ise, &#8220;\u015eehrimiz i\u00e7in \u00e7ok iyi olaca\u011f\u0131n\u0131 d\u00fc\u015f\u00fcn\u00fcyorum. Seneye de T\u00fcrkiye&#8217;nin bir\u00e7ok ilinden sporcunun kat\u0131l\u0131m\u0131 ile g\u00fczel bir yar\u0131\u015f olaca\u011f\u0131na inan\u0131yorum&#8221; dedi.<br \/>\nMuhtar Kale &#8220;Bu yar\u0131\u015fman\u0131n uluslararas\u0131 platformlara ta\u015f\u0131nmas\u0131n\u0131 istiyoruz&#8221;<\/p>\n<p>Mersin B\u00fcy\u00fck\u015fehir Belediye Ba\u015fkan\u0131 Vahap Se\u00e7er&#8217;e K\u0131zkalesi&#8217;ne bak\u0131\u015f a\u00e7\u0131s\u0131 ve duyarl\u0131l\u0131\u011f\u0131 i\u00e7in te\u015fekk\u00fcr etti\u011fini s\u00f6yleyen K\u0131zkalesi Mahallesi Muhtar\u0131 Murat Kale, &#8220;Bu t\u00fcr etkinlikleri destekliyoruz. K\u0131zkalesi&#8217;nin, \u00f6zellikle b\u00f6lgenin tan\u0131t\u0131m\u0131 anlam\u0131nda \u00e7ok \u00f6nemsiyor ve uluslararas\u0131 platformlara ta\u015f\u0131nmas\u0131n\u0131 da istiyoruz. \u0130n\u015fallah bunu da yapacaklar, Ba\u015fkan\u0131m\u0131z\u0131n konu\u015fmas\u0131ndan biz bunu anlad\u0131k&#8221; ifadelerini kulland\u0131.<\/p>\n<p>\u00dcnel: &#8220;Bence T\u00fcrkiye&#8217;de ilk kez b\u00f6yle bir \u015fey yap\u0131l\u0131yor&#8221;<\/p>\n<p>Mersin Runing Ko\u015fu Kul\u00fcb\u00fc Kurucu Ba\u015fkan\u0131 Funda \u00dcnel ise, &#8220;Yakla\u015f\u0131k 1,5 y\u0131ld\u0131r bu parkuru planl\u0131yoruz. Parkurlar\u0131m\u0131z\u0131 b\u00fct\u00fcn tak\u0131m arkada\u015flar\u0131m\u0131zla birlikte, b\u00fcy\u00fck bir emek ve \u00e7aba ile olu\u015fturduk. Mersinimizde b\u00f6yle bir organizasyonun olmas\u0131 i\u00e7in bizlere bu imkan\u0131 veren Vahap Ba\u015fkan\u0131m\u0131za \u00e7ok te\u015fekk\u00fcr ediyoruz. Gizli kalm\u0131\u015f K\u0131zkalesi, yukar\u0131daki b\u00fct\u00fcn o g\u00fczel lahitler, tarih, do\u011fa ve deniz&#8230; Bence T\u00fcrkiye&#8217;de ilk kez b\u00f6yle bir \u015fey yap\u0131l\u0131yor. Kat\u0131l\u0131m oran\u0131 bekledi\u011fimizin \u00e7ok \u00fcst\u00fcnde. Seneye bence \u00e7ok muazzam bir rakama ula\u015faca\u011f\u0131z&#8221; dedi.<\/p>\n<p>&#8220;Eyl\u00fcl ay\u0131n\u0131n sonunday\u0131z, otellerimizde inan\u0131lmaz yo\u011funluk var&#8221;<\/p>\n<p>Ahmet \u00d6zdemir isimli esnaf ise sezonun sonunda d\u00fczenlenen etkinli\u011fin, zor g\u00fcnler ge\u00e7iren esnaf i\u00e7in \u00e7ok \u00f6nemli bir destek oldu\u011funu belirterek, &#8220;Ba\u015fkan\u0131m\u0131za \u00e7ok te\u015fekk\u00fcr ederiz. K\u0131zkalesi&#8217;ne inan\u0131lmaz derecede katk\u0131s\u0131 oldu. \u015eu an Eyl\u00fcl ay\u0131n\u0131n sonunday\u0131z. Otellerimizde inan\u0131lmaz yo\u011funluk var. Yani yaz sezonu gibi devam ediyor. Bu t\u00fcr etkinlikler K\u0131zkalesi&#8217;ne \u00e7ok puan kazand\u0131r\u0131yor&#8221; \u015feklinde konu\u015ftu.<\/p>\n<p>Yakla\u015f\u0131k 25 y\u0131ld\u0131r K\u0131zkalesi&#8217;nde otel i\u015fletmecili\u011fi yapt\u0131\u011f\u0131n\u0131 s\u00f6yleyen Ali Can Altuner ise &#8220;\u015eu anda bu \u015fekilde bir etkinlik olmas\u0131, otelimiz i\u00e7in faydal\u0131 oldu. Maratona kat\u0131lmak isteyen vatanda\u015flar\u0131m\u0131z\u0131 misafir olarak kabul ettik. Mersin B\u00fcy\u00fck\u015fehir Belediyesi&#8217;nin yapt\u0131\u011f\u0131 bu organizasyon b\u00fct\u00fcn esnaflar\u0131m\u0131z i\u00e7in faydal\u0131 oldu&#8221; diye konu\u015ftu.<\/p>\n<p>Selahattin Toygar isimli esnaf ise, &#8220;Bir belediye ba\u015fkan\u0131 bir kentin kimli\u011fini, kendi kimli\u011fini yans\u0131t\u0131r. Bir \u015fehrin yans\u0131mas\u0131d\u0131r belediye ba\u015fkan\u0131m\u0131z\u0131n ki\u015fili\u011fi ve karakteri. Ben inan\u0131yorum ki Say\u0131n Vahap Se\u00e7er, Mersin&#8217;i sadece T\u00fcrkiye&#8217;ye de\u011fil, t\u00fcm d\u00fcnyaya tan\u0131tacak ve b\u00f6lgemiz \u015fu ana kadar bir t\u00fcrl\u00fc ula\u015famad\u0131\u011f\u0131, ama hak etti\u011fi de\u011fere kavu\u015facakt\u0131r&#8221; dedi.<\/p>\n","protected":false},"excerpt":{"rendered":"<p>Mersin B\u00fcy\u00fck\u015fehir Belediyesi taraf\u0131ndan d\u00fczenlenen ve Mersin&#8217;de ilk kez yap\u0131lan Kilikya Ultra Maratonu, K\u0131zkalesi&#8217;nde bulunan t\u00fcm kesimleri mutlu ediyor. Esnaf\u0131ndan sporcusuna, tatilcisinden muhtar\u0131na kadar herkesin b\u00fcy\u00fck be\u011fenisini kazanan etkinlikler ile &hellip; <a href=\"https:\/\/akdenizolaygazetesi.com\/?p=21211\" class=\"more-link\">Devam\u0131n\u0131 Oku&#8230;<\/a><\/p>\n","protected":false},"author":2,"featured_media":21212,"comment_status":"open","ping_status":"open","sticky":false,"template":"","format":"standard","meta":[],"categories":[3,10],"tags":[],"_links":{"self":[{"href":"https:\/\/akdenizolaygazetesi.com\/index.php?rest_route=\/wp\/v2\/posts\/21211"}],"collection":[{"href":"https:\/\/akdenizolaygazetesi.com\/index.php?rest_route=\/wp\/v2\/posts"}],"about":[{"href":"https:\/\/akdenizolaygazetesi.com\/index.php?rest_route=\/wp\/v2\/types\/post"}],"author":[{"embeddable":true,"href":"https:\/\/akdenizolaygazetesi.com\/index.php?rest_route=\/wp\/v2\/users\/2"}],"replies":[{"embeddable":true,"href":"https:\/\/akdenizolaygazetesi.com\/index.php?rest_route=%2Fwp%2Fv2%2Fcomments&post=21211"}],"version-history":[{"count":1,"href":"https:\/\/akdenizolaygazetesi.com\/index.php?rest_route=\/wp\/v2\/posts\/21211\/revisions"}],"predecessor-version":[{"id":21213,"href":"https:\/\/akdenizolaygazetesi.com\/index.php?rest_route=\/wp\/v2\/posts\/21211\/revisions\/21213"}],"wp:featuredmedia":[{"embeddable":true,"href":"https:\/\/akdenizolaygazetesi.com\/index.php?rest_route=\/wp\/v2\/media\/21212"}],"wp:attachment":[{"href":"https:\/\/akdenizolaygazetesi.com\/index.php?rest_route=%2Fwp%2Fv2%2Fmedia&parent=21211"}],"wp:term":[{"taxonomy":"category","embeddable":true,"href":"https:\/\/akdenizolaygazetesi.com\/index.php?rest_route=%2Fwp%2Fv2%2Fcategories&post=21211"},{"taxonomy":"post_tag","embeddable":true,"href":"https:\/\/akdenizolaygazetesi.com\/index.php?rest_route=%2Fwp%2Fv2%2Ftags&post=21211"}],"curies":[{"name":"wp","href":"https:\/\/api.w.org\/{rel}","templated":true}]}}