{"id":21214,"date":"2022-09-25T17:05:23","date_gmt":"2022-09-25T14:05:23","guid":{"rendered":"http:\/\/akdenizolaygazetesi.com\/?p=21214"},"modified":"2022-09-25T17:05:23","modified_gmt":"2022-09-25T14:05:23","slug":"karaduvar-balik-festivali-heyecani-ikinci-gununde-de-araliksiz-surdu","status":"publish","type":"post","link":"https:\/\/akdenizolaygazetesi.com\/?p=21214","title":{"rendered":"Karaduvar Bal\u0131k Festivali heyecan\u0131, ikinci g\u00fcn\u00fcnde de aral\u0131ks\u0131z s\u00fcrd\u00fc"},"content":{"rendered":"<p>Akdeniz Belediyesi\u2019nin bu y\u0131l 3\u2019\u00fcnc\u00fcs\u00fcn\u00fc d\u00fczenledi\u011fi \u201cKaraduvar Bal\u0131k Festivali\u201d co\u015fkusu ikinci g\u00fcn\u00fcnde de kesintisiz devam etti. B\u00fcy\u00fck ilgi g\u00f6ren festivalde konuklara 10 tona yak\u0131n ekmek aras\u0131 sardalya ikram edildi.<br \/>\nKaraduvar Mahallesi sahilinde haz\u0131rlanan festival alan\u0131n\u0131 ziyaret eden binlerce vatanda\u015f, \u00fccretsiz da\u011f\u0131t\u0131lan bal\u0131k-ekmek ve \u015falgamdan alabilmek i\u00e7in \u00e7ok uzun kuyruklar olu\u015fturdu. Farkl\u0131 m\u00fczik gruplar\u0131n\u0131n konserleri, flayboard ve yelkenlilerin g\u00f6sterileri, sporcular\u0131n performanslar\u0131, bilgi yar\u0131\u015fmalar\u0131, u\u00e7urtma \u015fenli\u011fi, \u00e7ocuk e\u011flence alanlar\u0131 ile \u015fenlenen festival alan\u0131na, ilk g\u00fcn oldu\u011fu gibi ikinci g\u00fcnde de on binlerce insan aral\u0131ks\u0131z ak\u0131n etti. Aileler, \u00e7ocuklar\u0131 ve sevdikleri ile birlikte deniz kenar\u0131nda hem g\u00f6n\u00fcllerince e\u011flendi, hem de ikram edilen lezzet dolu sardalya-ekmek yemenin keyfini ya\u015fad\u0131.<br \/>\nLezzeti, e\u011flence ile bulu\u015fturan festival<br \/>\nBu y\u0131l Karaduvar Bal\u0131k Festivali\u2019nin 3\u2019\u00fcnc\u00fcs\u00fcn\u00fc ger\u00e7ekle\u015ftirmekten b\u00fcy\u00fck mutluluk duyduklar\u0131n\u0131 ifade eden Akdeniz Belediye Ba\u015fkan\u0131 Mustafa G\u00fcltak; \u201cFestivalimizi ikinci g\u00fcn\u00fcnde de ziyaret eden on binlerce insan\u0131m\u0131z, hem \u00e7ocuklar\u0131yla e\u011fleniyor hem de bal\u0131k-ekmek yemenin keyfini ya\u015f\u0131yor. Festivalimizin s\u00fcrd\u00fc\u011f\u00fc 2 g\u00fcn boyunca konuklar\u0131m\u0131za 10 ton civar\u0131nda bal\u0131k-ekmek ikram etmi\u015f olaca\u011f\u0131z.<br \/>\nFestivalin ilk g\u00fcn\u00fc olan Cumartesi ak\u015fam\u0131, yine on binlerce insan\u0131m\u0131z, sevilen sanat\u00e7\u0131 Hakan Altun konserini dinlemek i\u00e7in festival alan\u0131n\u0131 doldurdu. Alan\u0131, ger\u00e7ekten b\u00fcy\u00fck bir co\u015fku ve heyecan sard\u0131. Lezzeti e\u011flence ile bulu\u015fturdu\u011fumuz bal\u0131k festivalimiz de art\u0131k gelenekselle\u015fti. B\u00f6ylesi bir organizasyonu Akdeniz\u2019e, Mersin\u2019e ve Karaduvar halk\u0131na kazand\u0131rm\u0131\u015f olmaktan dolay\u0131 mutluyuz, gururluyuz.<br \/>\n\u015eehir i\u00e7inden oldu\u011fu gibi \u015fehir d\u0131\u015f\u0131ndan da her ya\u015ftan on binlerce insan\u0131m\u0131z\u0131n ak\u0131n etti\u011fi festivalimizin ger\u00e7ekle\u015fmesine katk\u0131 sunan K\u00fclt\u00fcr ve Turizm Bakanl\u0131\u011f\u0131m\u0131za ve eme\u011fi ge\u00e7en b\u00fct\u00fcn mesai arkada\u015flar\u0131ma g\u00f6n\u00fclden te\u015fekk\u00fcr ediyorum. Seneye yine Karaduvar bal\u0131k festivalimizde bulu\u015fmak dile\u011fiyle herkese iyi e\u011flenceler ve afiyetler diliyorum\u201d ifadelerini kulland\u0131.<\/p>\n","protected":false},"excerpt":{"rendered":"<p>Akdeniz Belediyesi\u2019nin bu y\u0131l 3\u2019\u00fcnc\u00fcs\u00fcn\u00fc d\u00fczenledi\u011fi \u201cKaraduvar Bal\u0131k Festivali\u201d co\u015fkusu ikinci g\u00fcn\u00fcnde de kesintisiz devam etti. B\u00fcy\u00fck ilgi g\u00f6ren festivalde konuklara 10 tona yak\u0131n ekmek aras\u0131 sardalya ikram edildi. Karaduvar &hellip; <a href=\"https:\/\/akdenizolaygazetesi.com\/?p=21214\" class=\"more-link\">Devam\u0131n\u0131 Oku&#8230;<\/a><\/p>\n","protected":false},"author":2,"featured_media":21215,"comment_status":"open","ping_status":"open","sticky":false,"template":"","format":"standard","meta":[],"categories":[2,3,5],"tags":[],"_links":{"self":[{"href":"https:\/\/akdenizolaygazetesi.com\/index.php?rest_route=\/wp\/v2\/posts\/21214"}],"collection":[{"href":"https:\/\/akdenizolaygazetesi.com\/index.php?rest_route=\/wp\/v2\/posts"}],"about":[{"href":"https:\/\/akdenizolaygazetesi.com\/index.php?rest_route=\/wp\/v2\/types\/post"}],"author":[{"embeddable":true,"href":"https:\/\/akdenizolaygazetesi.com\/index.php?rest_route=\/wp\/v2\/users\/2"}],"replies":[{"embeddable":true,"href":"https:\/\/akdenizolaygazetesi.com\/index.php?rest_route=%2Fwp%2Fv2%2Fcomments&post=21214"}],"version-history":[{"count":1,"href":"https:\/\/akdenizolaygazetesi.com\/index.php?rest_route=\/wp\/v2\/posts\/21214\/revisions"}],"predecessor-version":[{"id":21216,"href":"https:\/\/akdenizolaygazetesi.com\/index.php?rest_route=\/wp\/v2\/posts\/21214\/revisions\/21216"}],"wp:featuredmedia":[{"embeddable":true,"href":"https:\/\/akdenizolaygazetesi.com\/index.php?rest_route=\/wp\/v2\/media\/21215"}],"wp:attachment":[{"href":"https:\/\/akdenizolaygazetesi.com\/index.php?rest_route=%2Fwp%2Fv2%2Fmedia&parent=21214"}],"wp:term":[{"taxonomy":"category","embeddable":true,"href":"https:\/\/akdenizolaygazetesi.com\/index.php?rest_route=%2Fwp%2Fv2%2Fcategories&post=21214"},{"taxonomy":"post_tag","embeddable":true,"href":"https:\/\/akdenizolaygazetesi.com\/index.php?rest_route=%2Fwp%2Fv2%2Ftags&post=21214"}],"curies":[{"name":"wp","href":"https:\/\/api.w.org\/{rel}","templated":true}]}}