{"id":21217,"date":"2022-09-26T12:39:55","date_gmt":"2022-09-26T09:39:55","guid":{"rendered":"http:\/\/akdenizolaygazetesi.com\/?p=21217"},"modified":"2022-09-26T12:39:55","modified_gmt":"2022-09-26T09:39:55","slug":"sporcular-kilikya-ultra-maratonunda-doganin-icinde-tarihe-kostu","status":"publish","type":"post","link":"https:\/\/akdenizolaygazetesi.com\/?p=21217","title":{"rendered":"SPORCULAR, &#8216;K\u0130L\u0130KYA ULTRA MARATONU&#8217;NDA, DO\u011eANIN \u0130\u00c7\u0130NDE TAR\u0130HE KO\u015eTU"},"content":{"rendered":"<p>Mersin B\u00fcy\u00fck\u015fehir Belediyesi taraf\u0131ndan bu y\u0131l ilk kez ger\u00e7ekle\u015ftirilen &#8216;Kilikya Ultra Maratonu&#8217; ko\u015fuldu. B\u00fcy\u00fck\u015fehir Belediyesi Gen\u00e7lik ve Spor Hizmetleri Dairesi Ba\u015fkanl\u0131\u011f\u0131 taraf\u0131ndan organize edilen maratonda, toplam 425 sporcu yar\u0131\u015ft\u0131. &#8216;Do\u011fan\u0131n i\u00e7inde tarihe ko\u015f&#8217; mottosuyla 5 farkl\u0131 kategoride ger\u00e7ekle\u015fen maratonda tarih, do\u011fa ve spor bir araya geldi. Yerli ve yabanc\u0131 kat\u0131l\u0131mc\u0131lar, Mersin&#8217;in do\u011fal g\u00fczellikleri aras\u0131nda tarihe ko\u015ftu.<br \/>\nMaratonda 7 kilometre Korykos Parkuru, 15 kilometre Elaiussa Sebaste Parkuru, 33 kilometre K\u0131zkalesi Parkuru, 33 kilometre K\u0131zkalesi Parkuru Tak\u0131m ve 54 kilometre Kilikya Ultra Maratonu parkurlar\u0131 ko\u015fuldu. Maratonun 7 kilometrelik Korykos ile 15 kilometrelik Sebaste start\u0131n\u0131 K\u0131zkalesi&#8217;nde, Mersin B\u00fcy\u00fck\u015fehir Belediye Ba\u015fkan\u0131 Vahap Se\u00e7er verdi.<br \/>\nSe\u00e7er: &#8220;Bu organizasyonlar\u0131n temel amac\u0131 Mersin&#8217;i tan\u0131tmak&#8221;<br \/>\nStart verirken sporculara seslenen Ba\u015fkan Se\u00e7er, &#8220;Her y\u0131l yapal\u0131m m\u0131 bu organizasyonu?&#8221; diye sordu ve sporculardan &#8220;Evet&#8221; yan\u0131t\u0131n\u0131 ald\u0131. Ba\u015fkan Se\u00e7er, &#8220;Gelecek y\u0131l bu organizasyonu uluslararas\u0131 d\u00fczeye ta\u015f\u0131yaca\u011f\u0131z. Eksiklerimizi de g\u00f6rerek, \u00e7ok daha g\u00fczel bir organizasyon yapaca\u011f\u0131z. Mersin&#8217;i seviyoruz, Mersin&#8217;in tan\u0131nmas\u0131n\u0131 istiyoruz. Kilikya Ultra Maratonu&#8217;nda, 7&#8217;den 54 kilometreye kadar farkl\u0131 parkurlar vard\u0131. Sporcular burada gayet renkli, g\u00fczel, heyecanl\u0131 3 g\u00fcn ge\u00e7irdiler. Hem b\u00f6lgeyi \u015fenlendirdiler, hem de T\u00fcrkiye&#8217;nin de\u011fi\u015fik illerinden gelen, hatta farkl\u0131 milliyetlerden gelen dostlar\u0131m\u0131z da burada bizlerle beraberdi. Buran\u0131n g\u00fczelliklerini, buran\u0131n do\u011fas\u0131n\u0131, denizini, tarihini g\u00f6r\u00fcp, gittikleri yerlerde arkada\u015flar\u0131na aktars\u0131nlar istiyoruz. Bu t\u00fcr organizasyonlar\u0131n temel amac\u0131, Mersin&#8217;i tan\u0131tmak&#8221; dedi.<br \/>\n&#8220;Festivaller ve etkinlikler bu kente yak\u0131\u015f\u0131yor&#8221;<br \/>\n\u00d6n\u00fcm\u00fczdeki g\u00fcnlerde birincisini ger\u00e7ekle\u015ftirecekleri Kleopatra Tarsus Festivali&#8217;nden de s\u00f6z eden Ba\u015fkan Se\u00e7er, &#8220;\u00c7ok say\u0131da \u00fclkeden, \u00e7ok say\u0131da sanat\u00e7\u0131n\u0131n, dans grubunun olaca\u011f\u0131, \u00e7ok farkl\u0131 etkinliklerin olaca\u011f\u0131 muhte\u015fem bir festivale haz\u0131rlan\u0131yoruz. 4-5-6 Kas\u0131m&#8217;da Tarsus&#8217;a herkesi bekliyoruz. Onun \u00f6ncesinde 23 Ekim&#8217;de Gen\u00e7lik Festivali&#8217;ni ger\u00e7ekle\u015ftirece\u011fiz. O da birincisi olacak. Mersin&#8217;de, K\u00fclt\u00fcr Park&#8217;ta \u00d6zgecan Aslan Bar\u0131\u015f Meydan\u0131&#8217;nda bir dizi etkinliklerle, gen\u00e7ler arkada\u015flar\u0131yla beraber olacaklar. Kente bir sinerji katacak. \u00dcniversitelilerimiz gelecek. Zaten Mersin&#8217;in de bir \u00fcniversite kenti olmas\u0131 i\u00e7in \u00e7ok \u00e7aba sarf ediyoruz. \u00dcniversitelileri buraya gelmeye cazip k\u0131lacak imkanlar yarat\u0131yoruz&#8221; diye konu\u015ftu.<br \/>\n&#8220;Mersin halk\u0131 bize inans\u0131n, bize g\u00fcvensin&#8221;<br \/>\n2023 y\u0131l\u0131 i\u00e7erisinde de etkinliklerin devam edece\u011fini kaydeden Ba\u015fkan Se\u00e7er, &#8220;2023 y\u0131l\u0131 i\u00e7inde Hem Tour of Mersin&#8217;i, hem de Uluslararas\u0131 Mersin Maratonu&#8217;nun 6.&#8217;s\u0131n\u0131 ger\u00e7ekle\u015ftirece\u011fiz. Mersin halk\u0131 bize g\u00fcvensin, bize inans\u0131n, biz 24 saat onlar i\u00e7in \u00e7al\u0131\u015f\u0131yoruz. O \u015fevkimizi, o inanc\u0131m\u0131z\u0131 kaybetti\u011fimiz noktada, zaten biz o koltuklarda oturmak istemeyiz. Bizim siyaset anlay\u0131\u015f\u0131m\u0131z bu. Bizim d\u00fcnya g\u00f6r\u00fc\u015f\u00fcm\u00fcz belli. Ben \u00e7a\u011fda\u015f, modern bir T\u00fcrkiye i\u00e7in \u00e7al\u0131\u015fan bir ba\u015fkan\u0131m. Ben Mustafa Kemal&#8217;in \u00e7izdi\u011fi yolda, g\u00f6sterdi\u011fi hedefte y\u00fcr\u00fcyen bir Ba\u015fkan\u0131m. Ben T\u00fcrkiye d\u00f6n\u00fc\u015fs\u00fcn istiyorum. T\u00fcrkiye o klasik anlamda \u00e7a\u011fda\u015f medeniyet seviyesini b\u0131rak\u0131n, onun \u00fczerlerinde \u00e7ok iddial\u0131 bir \u00fclke olsun istiyorum. Refah istiyorum, mutluluk istiyorum, karde\u015flik istiyorum, bar\u0131\u015f istiyorum. B\u00fct\u00fcn gayretlerimiz bu y\u00f6nde&#8221; dedi.<br \/>\n&#8220;Belediyelerimizin uygulamalar\u0131n\u0131 iktidarda da yapaca\u011f\u0131z&#8221;<br \/>\n3 bu\u00e7uk y\u0131lda \u00e7ok g\u00fczel i\u015fler yapt\u0131klar\u0131n\u0131 ifade eden Ba\u015fkan Se\u00e7er, &#8220;Ger\u00e7ekten sayg\u0131n i\u015fler yapt\u0131k. Eksik kald\u0131\u011f\u0131m\u0131z noktalar olmad\u0131 de\u011fil, ama bundan emin olabilirsiniz ki bizim tembelli\u011fimizden, ataletimizden ya da beceriksizli\u011fimizden, bilgisizli\u011fimizden kaynakl\u0131 de\u011fil. Onlar\u0131n nedenlerini Mersin halk\u0131 biliyor. Siyasetin maalesef o gergin ortam\u0131, siyasetin yaratt\u0131\u011f\u0131 inatla\u015fma ve kavga, \u015fu anda bizleri de, yani belediye ba\u015fkanlar\u0131n\u0131 da etkiliyor diyebilirim, ama T\u00fcrkiye k\u0131sa s\u00fcre sonra se\u00e7ime gidecek. 8 ay gibi bir s\u00fcre var. Uzun y\u0131llar y\u00f6netimde olan bir iktidar var. Do\u011fal olarak siyasal rakiplerimiz. Elbette yorulmu\u015flard\u0131r. Kendilerini dinlenmeye \u00e7ekerlerse, Cumhuriyet Halk Partisi&#8217;nin de\u011ferli kadrolar\u0131, elbette ki Millet \u0130ttifak\u0131&#8217;yla bu se\u00e7ime gidilecek ya da T\u00fcrkiye&#8217;nin temel ilkeleri \u00e7er\u00e7evesinde bir arada olan anlay\u0131\u015flar bu se\u00e7ime ortak paydada gidecekler. Bizler y\u00f6netelim. Belediyeleri nas\u0131l y\u00f6netiyorsak, nas\u0131l bu konuda \u015fevkliysek, inan\u00e7l\u0131ysak, inan\u0131n \u00fclkeyi y\u00f6netme arzusu i\u00e7erisindeyiz. Ayn\u0131 duygular\u0131 ta\u015f\u0131yoruz. E\u011fer belediyelerimizden, bizlerden halk memnunsa, emin olun zaten bizi destekleyeceklerdir. Bak\u0131n g\u00fczel bir \u00f6rnek; e\u011fer Mersin B\u00fcy\u00fck\u015fehir Belediyesi&#8217;nin icraatlar\u0131ndan, uygulamalar\u0131ndan memnunsan\u0131z, bizler iktidara geldi\u011fimiz zaman bu uygulamalar\u0131 yapaca\u011f\u0131z. Zaten bizim uygulad\u0131\u011f\u0131m\u0131z politikalar, tamamen Cumhuriyet Halk Partisi&#8217;nin politikalar\u0131. Ben sadece onu parti program\u0131mdan al\u0131yorum, Mersin \u00f6l\u00e7e\u011finde g\u00fcncelliyorum. \u00dczerine katmam gereken varsa da kat\u0131yorum ve halk\u0131n hizmetkar\u0131 oluyorum. Durum bundan ibarettir&#8221; ifadelerine yer verdi.<br \/>\n&#8220;Mersin&#8217;e yak\u0131\u015fan bir maraton haz\u0131rlanm\u0131\u015f&#8221;<br \/>\nMaratona kat\u0131lan sporculardan Do\u011fan Can, &#8220;Buraya kul\u00fcb\u00fcmle birlikte geldim. Ayn\u0131 zamanda ko\u015fu lideriyim. Ekibimi toplad\u0131m ve bu g\u00fczel organizasyona kat\u0131ld\u0131k. Gayet ho\u015f, e\u011flenceli. Konserler, partiler baya\u011f\u0131 e\u011flendik yani. Biraz zorlu bir parkur, ama olsun biz zoru severiz. Yani sorun de\u011fil, ko\u015faca\u011f\u0131z. Ekibime de g\u00fcveniyorum. Belediye Ba\u015fkan\u0131m\u0131za da te\u015fekk\u00fcr ediyorum&#8221; dedi.<br \/>\n7 kilometre ko\u015facak olan sporculardan \u0130pek Bi\u00e7er de, &#8220;Mersin&#8217;e \u00e7ok yak\u0131\u015fan bir maraton olmu\u015f. Hem kat\u0131l\u0131m olarak, hem de 2 g\u00fcnd\u00fcr s\u00fcren etkinlikler \u00e7ok g\u00fczel. Bence bunu her y\u0131l devaml\u0131 yapmam\u0131z gerekiyor, \u00e7\u00fcnk\u00fc \u015fehrimize \u00e7ok yak\u0131\u015f\u0131yor bu tarz etkinlikler. Bizim parkurumuz \u00e7ok g\u00fczel. Zaten g\u00f6r\u00fcr g\u00f6rmez direkt ba\u015fvurumu yapt\u0131m&#8221;  diye konu\u015ftu.<br \/>\nAnkara&#8217;dan kat\u0131lan Banu Akta\u015f Y\u0131lmaz, &#8220;\u0130lk defa yap\u0131laca\u011f\u0131n\u0131 biliyoruz bu yar\u0131\u015f\u0131n. \u00c7ok da heyecanla geldik. \u015eimdiye kadar her \u015fey \u00e7ok g\u00fczel. Birincisi, yerel y\u00f6netimlerin b\u00f6yle ko\u015fullar\u0131 desteklemesi \u00e7ok \u00e7ok \u00f6nemli.  Bu sayede de\u011fi\u015fik parkurlar\u0131 g\u00f6rm\u00fc\u015f oluyoruz. Mersin de bu anlamda zengin bir yer&#8221; dedi.<br \/>\nSporculardan Ya\u011fmur Ap\u00e7i de, &#8220;\u0130lk maraton olmas\u0131na ra\u011fmen olduk\u00e7a profesyonel. Gayet iyi. \u0130lk oldu\u011fu i\u00e7in tabi ki baz\u0131 eksiklikler olacak. Ama bence \u015fu an ortam \u015fahane, m\u00fckemmel gidiyor her \u015fey. Hi\u00e7 kendi \u015fehrimde ko\u015fmam\u0131\u015ft\u0131m. O y\u00fczden benim i\u00e7in \u00e7ok \u00f6zel. \u015eehrimde ilk ko\u015fum olacak. O y\u00fczden m\u00fckemmel bir duygu&#8221; ifadelerini kulland\u0131.<\/p>\n","protected":false},"excerpt":{"rendered":"<p>Mersin B\u00fcy\u00fck\u015fehir Belediyesi taraf\u0131ndan bu y\u0131l ilk kez ger\u00e7ekle\u015ftirilen &#8216;Kilikya Ultra Maratonu&#8217; ko\u015fuldu. B\u00fcy\u00fck\u015fehir Belediyesi Gen\u00e7lik ve Spor Hizmetleri Dairesi Ba\u015fkanl\u0131\u011f\u0131 taraf\u0131ndan organize edilen maratonda, toplam 425 sporcu yar\u0131\u015ft\u0131. &#8216;Do\u011fan\u0131n &hellip; <a href=\"https:\/\/akdenizolaygazetesi.com\/?p=21217\" class=\"more-link\">Devam\u0131n\u0131 Oku&#8230;<\/a><\/p>\n","protected":false},"author":2,"featured_media":21218,"comment_status":"open","ping_status":"open","sticky":false,"template":"","format":"standard","meta":[],"categories":[7,2,3,5,10],"tags":[],"_links":{"self":[{"href":"https:\/\/akdenizolaygazetesi.com\/index.php?rest_route=\/wp\/v2\/posts\/21217"}],"collection":[{"href":"https:\/\/akdenizolaygazetesi.com\/index.php?rest_route=\/wp\/v2\/posts"}],"about":[{"href":"https:\/\/akdenizolaygazetesi.com\/index.php?rest_route=\/wp\/v2\/types\/post"}],"author":[{"embeddable":true,"href":"https:\/\/akdenizolaygazetesi.com\/index.php?rest_route=\/wp\/v2\/users\/2"}],"replies":[{"embeddable":true,"href":"https:\/\/akdenizolaygazetesi.com\/index.php?rest_route=%2Fwp%2Fv2%2Fcomments&post=21217"}],"version-history":[{"count":1,"href":"https:\/\/akdenizolaygazetesi.com\/index.php?rest_route=\/wp\/v2\/posts\/21217\/revisions"}],"predecessor-version":[{"id":21219,"href":"https:\/\/akdenizolaygazetesi.com\/index.php?rest_route=\/wp\/v2\/posts\/21217\/revisions\/21219"}],"wp:featuredmedia":[{"embeddable":true,"href":"https:\/\/akdenizolaygazetesi.com\/index.php?rest_route=\/wp\/v2\/media\/21218"}],"wp:attachment":[{"href":"https:\/\/akdenizolaygazetesi.com\/index.php?rest_route=%2Fwp%2Fv2%2Fmedia&parent=21217"}],"wp:term":[{"taxonomy":"category","embeddable":true,"href":"https:\/\/akdenizolaygazetesi.com\/index.php?rest_route=%2Fwp%2Fv2%2Fcategories&post=21217"},{"taxonomy":"post_tag","embeddable":true,"href":"https:\/\/akdenizolaygazetesi.com\/index.php?rest_route=%2Fwp%2Fv2%2Ftags&post=21217"}],"curies":[{"name":"wp","href":"https:\/\/api.w.org\/{rel}","templated":true}]}}