{"id":21232,"date":"2022-09-26T12:48:50","date_gmt":"2022-09-26T09:48:50","guid":{"rendered":"http:\/\/akdenizolaygazetesi.com\/?p=21232"},"modified":"2022-09-26T12:48:50","modified_gmt":"2022-09-26T09:48:50","slug":"ahbib-akdenizin-ihracat-sampiyonlarini-odullendirdi","status":"publish","type":"post","link":"https:\/\/akdenizolaygazetesi.com\/?p=21232","title":{"rendered":"AHB\u0130B, AKDEN\u0130Z&#8217;\u0130N \u0130HRACAT \u015eAMP\u0130YONLARINI \u00d6D\u00dcLLEND\u0130RD\u0130"},"content":{"rendered":"<p>T\u00fcrkiye&#8217;nin 2021 y\u0131l\u0131ndaki 9,15 milyar dolarl\u0131k hububat, bakliyat, ya\u011fl\u0131 tohumlar ve mamulleri ihracat\u0131na 1,57 milyar dolar de\u011fer ile destek veren Akdeniz Hububat, Bakliyat, Ya\u011fl\u0131 Tohumlar ve Mamulleri \u0130hracat\u00e7\u0131lar\u0131 Birli\u011fi (AHB\u0130B) en fazla ihracat ger\u00e7ekle\u015ftiren 26 \u00fcyesini \u00f6d\u00fcllendirdi.<\/p>\n<p>AHB\u0130B Y\u00f6netim Kurulu Ba\u015fkan\u0131 Veysel Memi\u015f&#8217;in ev sahipli\u011finde Mersin Divan Oteli&#8217;nde ger\u00e7ekle\u015ftirilen 2021 Y\u0131l\u0131 \u0130hracat\u0131n Y\u0131ld\u0131zlar\u0131 \u00d6d\u00fcl T\u00f6reni&#8217;ne Mersin Valisi Ali Hamza Pehlivan, AK Parti Mersin Milletvekilleri AIi Cumhur Ta\u015fk\u0131n ve Hac\u0131 \u00d6zkan, Mersin Cumhuriyet Ba\u015fsavc\u0131s\u0131 Tolgahan \u00d6ztoprak, Mersin B\u00fcy\u00fck\u015fehir Belediye Ba\u015fkan\u0131 Vahap Se\u00e7er, Mersin Emniyet M\u00fcd\u00fcr\u00fc Mehmet Aslan, Tar\u0131m ve Orman Bakanl\u0131\u011f\u0131 Bitkisel \u00dcretim Genel M\u00fcd\u00fcr\u00fc Dr. Mehmet Hasdemir, Toprak Mahsulleri Ofisi (TMO) Genel M\u00fcd\u00fcr\u00fc Ahmet G\u00fcldal, Mersin Ticaret ve Sanayi Odas\u0131 Ba\u015fkan\u0131 Ayhan K\u0131z\u0131ltan, Mersin Ticaret Borsas\u0131 Ba\u015fkan\u0131 Abdullah \u00d6zdemir, \u0130l Tar\u0131m ve Orman M\u00fcd\u00fcr\u00fc Arif Abal\u0131, ihracat\u00e7\u0131 birlik ba\u015fkanlar\u0131, Mersin&#8217;deki kamu kurumlar\u0131 ve sivil toplum kurulu\u015flar\u0131n\u0131n temsilcileri ile \u00e7ok say\u0131da sekt\u00f6r temsilcisi kat\u0131ld\u0131.<\/p>\n<p>&#8220;AHB\u0130B olarak 2021 y\u0131l\u0131nda sekt\u00f6r ihracat\u0131ndan y\u00fczde 17 oran\u0131nda pay ald\u0131k&#8221;<br \/>\nT\u00f6renin a\u00e7\u0131l\u0131\u015f konu\u015fmas\u0131n\u0131 yapan AHB\u0130B Y\u00f6netim Kurulu Ba\u015fkan\u0131 Veysel Memi\u015f, 82 y\u0131ll\u0131k maziye sahip AHB\u0130B&#8217;in 2021 y\u0131l\u0131nda y\u00fczde 34 art\u0131\u015fla 1,57 milyar dolarl\u0131k ihracata imza att\u0131\u011f\u0131n\u0131, 9,15 milyar dolarl\u0131k T\u00fcrkiye geneli sekt\u00f6r ihracat\u0131ndan y\u00fczde 17 oran\u0131nda pay ald\u0131\u011f\u0131n\u0131 belirtti. AHB\u0130B&#8217;i \u00fclke genelinde karar verici ve inisiyatif alabilen birlik haline getirmeyi ama\u00e7lad\u0131klar\u0131n\u0131 vurgulayan Ba\u015fkan Veysel Memi\u015f, ortak ak\u0131lla, \u015feffaf, ula\u015f\u0131labilir ve ileti\u015fim i\u00e7inde t\u00fcm payda\u015flarla birlikte hareket etme prensibini benimsediklerini, gen\u00e7, dinamik ve \u015feffaf bir y\u00f6netim anlay\u0131\u015f\u0131yla hizmet ettiklerini belirtti. <\/p>\n<p>AHB\u0130B&#8217;in kurumsal kimli\u011fini g\u00fc\u00e7lendirmek ad\u0131na y\u00fcksek tempoda \u00e7al\u0131\u015fmaya devam ettiklerini kaydeden Ba\u015fkan Veysel Memi\u015f, 5 ayl\u0131k g\u00f6rev s\u00fcrecinde AHB\u0130B&#8217;in kurumsal kimli\u011fini olu\u015fturduklar\u0131n\u0131 ve tan\u0131n\u0131n bir Birlik haline getirdiklerini dile getirdi. Ba\u015fkan Veysel Memi\u015f, &#8220;Yurt i\u00e7i ve yurt d\u0131\u015f\u0131 fuarlarda, Birli\u011fimizin i\u015fleyi\u015fini, b\u00fcnyemizdeki sekt\u00f6rleri ve \u00fcr\u00fcnleri g\u00f6zler \u00f6n\u00fcne seren, bir tan\u0131t\u0131m filmi \u00e7al\u0131\u015fmam\u0131z oldu. Prestijli fuarlara kat\u0131l\u0131m sa\u011flayarak \u00fcyelerimizin tan\u0131t\u0131m\u0131n\u0131 yapma ve ihracatta yeni pazar aray\u0131\u015f\u0131m\u0131z\u0131 s\u00fcrd\u00fcrme gayretindeyiz. Bu kapsamda ilk olarak 15-19 Ekim tarihlerinde Fransa&#8217;n\u0131n Paris \u015fehrinde ger\u00e7ekle\u015ftirilecek, sekt\u00f6r\u00fcn en prestijli fuarlar\u0131ndan olan SIAL Paris G\u0131da Fuar\u0131&#8217;na, Birlik olarak kat\u0131l\u0131m sa\u011fl\u0131yoruz. Fuar kat\u0131l\u0131mlar\u0131m\u0131z SIAL Fuar\u0131&#8217;ndan sonra da h\u0131z kesmeden devam edecek.&#8221; dedi.<\/p>\n<p>&#8220;K\u0131s\u0131tlamalar ve kotalar\u0131n kald\u0131r\u0131lmas\u0131 i\u00e7in yapt\u0131\u011f\u0131m\u0131z \u00e7al\u0131\u015fmalar\u0131n g\u00fczel sonu\u00e7lar\u0131n\u0131 almaya ba\u015flad\u0131k&#8221;<br \/>\nSekt\u00f6r\u00fcn \u00f6ncelikli sorunlar\u0131 aras\u0131nda \u00f6ne \u00e7\u0131kan ihracat k\u0131s\u0131tlamalar\u0131n\u0131n \u00e7\u00f6z\u00fcm\u00fc i\u00e7in seferber olduklar\u0131n\u0131n alt\u0131n\u0131 \u00e7izen Ba\u015fkan Veysel Memi\u015f, Tar\u0131m ve Orman Bakan\u0131 Prof. Dr. Vahit Kiri\u015fci, Bitkisel \u00dcretim Genel M\u00fcd\u00fcrl\u00fc\u011f\u00fc, Ticaret Bakanl\u0131\u011f\u0131 \u0130hracat Genel M\u00fcd\u00fcrl\u00fc\u011f\u00fc ve Toprak Mahsulleri Ofisi Genel M\u00fcd\u00fcrl\u00fc\u011f\u00fc y\u00f6neticileriyle yapt\u0131klar\u0131 g\u00f6r\u00fc\u015fmelerin g\u00fczel sonu\u00e7lar\u0131n\u0131 almay\u0131 ba\u015fard\u0131klar\u0131n\u0131 belirtti.<br \/>\nBa\u015fkan Veysel Memi\u015f, &#8220;Bulgur ihracat\u0131nda bir kota uygulamas\u0131 mevcuttu. Ger\u00e7ekle\u015ftirdi\u011fimiz giri\u015fimler ve TMO Genel M\u00fcd\u00fcrl\u00fc\u011f\u00fcm\u00fcz\u00fcn takdiriyle bu kota uygulamas\u0131na son verildi. Organik bakliyat \u00fcr\u00fcnleri ve bitkisel ya\u011flar\u0131n ihracat k\u0131s\u0131tlamalar\u0131, Tar\u0131m ve Orman Bakanl\u0131\u011f\u0131m\u0131z\u0131n de\u011ferlendirmeleriyle son buldu. Yine sekt\u00f6r\u00fcn en \u00f6nemli ihracat kalemlerinden nohut \u00fcr\u00fcn\u00fcne y\u00f6nelik bir k\u0131s\u0131tlama vard\u0131. Bu uygulamaya da Ticaret Bakanl\u0131\u011f\u0131m\u0131z\u0131n deste\u011fi ile son verilerek kota uygulamas\u0131na ge\u00e7ildi. Temennimiz, bu uygulamadan da vazge\u00e7ilerek ihracat\u0131n \u00f6n\u00fcn\u00fcn tamamen a\u00e7\u0131lmas\u0131d\u0131r.&#8221; diye konu\u015ftu.<br \/>\nBa\u015fkan Veysel Memi\u015f, ihracat k\u0131s\u0131tlamalar\u0131n\u0131n kald\u0131r\u0131lmas\u0131 s\u00fcrecinde eme\u011fi ge\u00e7en y\u00f6neticilere te\u015fekk\u00fcr ederken, sekt\u00f6r\u00fcn sorunlar\u0131n\u0131n \u00e7\u00f6z\u00fcm\u00fcnde destek ve gayretlerinden dolay\u0131 Mersin Valisi Ali Hamza Pehlivan ile Mersin B\u00fcy\u00fck\u015fehir Belediye Ba\u015fkan\u0131 Vahap Se\u00e7er&#8217;e \u015f\u00fckranlar\u0131n\u0131 sundu.<\/p>\n<p>&#8220;Tar\u0131m kenti Mersin \u00fcretim ve ihracattaki ba\u015far\u0131 \u00e7\u0131tas\u0131n\u0131 y\u00fckseltiyor&#8221;<br \/>\nMersin Valisi Ali Hamza Pehlivan ise konu\u015fmas\u0131n\u0131n ba\u015f\u0131nda 2021 Y\u0131l\u0131 \u0130hracat\u0131n Y\u0131ld\u0131zlar\u0131 \u00d6d\u00fcl T\u00f6reni&#8217;nde \u00f6d\u00fcl almay\u0131 hak eden AHB\u0130B \u00fcyelerini tebrik etti. Son y\u0131llarda k\u00fcresel \u00f6l\u00e7ekte ya\u015fanan geli\u015fmelerin, tar\u0131m sekt\u00f6r\u00fcn\u00fcn insanl\u0131k i\u00e7in ne kadar stratejik \u00f6neme sahip oldu\u011funu g\u00f6sterdi\u011fini vurgulayan Vali Pehlivan, ge\u00e7en y\u0131l T\u00fcrkiye&#8217;nin 225 milyar dolarl\u0131k ihracat\u0131nda tar\u0131msal \u00fcr\u00fcn d\u0131\u015f sat\u0131m\u0131n\u0131n yakla\u015f\u0131k 30 milyar dolar de\u011fere ula\u015farak \u00f6nemli oranda katk\u0131 sa\u011flad\u0131\u011f\u0131n\u0131 belirtti.<br \/>\nMersin&#8217;in bir tar\u0131m kenti oldu\u011funu, hububat, bakliyat ve ya\u011fl\u0131 tohumlar ile ya\u015f meyve ve sebze sekt\u00f6rlerinin ihracatta \u00f6ne \u00e7\u0131kt\u0131\u011f\u0131n\u0131 dile getiren Vali Pehlivan, \u00fcretim ve ihracat\u0131n art\u0131r\u0131lmas\u0131nda ba\u015far\u0131 \u00e7\u0131tas\u0131n\u0131n daha da y\u00fckselece\u011fine inand\u0131\u011f\u0131n\u0131 dile getirdi.<br \/>\nMersin B\u00fcy\u00fck\u015fehir Belediye Ba\u015fkan\u0131 Vahap Se\u00e7er de konu\u015fmas\u0131nda Mersin&#8217;in tar\u0131msal \u00fcretimde \u00e7ok \u00f6nemli bir yere sahip oldu\u011funu, tar\u0131msal \u00fcr\u00fcnleri uluslararas\u0131 pazarlarda de\u011ferlendiren \u00e7ok g\u00fc\u00e7l\u00fc firmalar\u0131n faaliyet g\u00f6sterdi\u011fini s\u00f6yledi. Ba\u015fkan Vahap Se\u00e7er, Mersin B\u00fcy\u00fck\u015fehir Belediyesi olarak ihracat\u00e7\u0131 firmalar\u0131n k\u00fcresel arenada rekabet\u00e7ili\u011fini g\u00fc\u00e7lendirmek i\u00e7in altyap\u0131 ve \u00fcstyap\u0131 hizmetleriyle destek verdiklerini, imk\u00e2nlar \u00f6l\u00e7\u00fcs\u00fcnde bu deste\u011fin her zaman devam edece\u011fini ifade etti.<\/p>\n<p>Tar\u0131m ve Orman Bakanl\u0131\u011f\u0131 Bitkisel \u00dcretim Genel M\u00fcd\u00fcr\u00fc Mehmet Hasdemir ise T\u00fcrk tar\u0131m\u0131n\u0131n 207 \u00fclkede insanl\u0131\u011f\u0131n g\u0131da g\u00fcvenli\u011fine 2 binden fazla \u00fcr\u00fcnle katk\u0131 sa\u011flad\u0131\u011f\u0131n\u0131 belirtti. Hasdemir, \u00e7ift\u00e7ilerin al\u0131n teri ve eme\u011fini uluslararas\u0131 pazarlarda de\u011ferlendiren t\u00fcm ihracat\u00e7\u0131 firmalar\u0131 tebrik etti.<\/p>\n<p>&#8220;Mersin&#8217;e iklimlendirmesi olan 30 bin tonluk yatay depo kazand\u0131r\u0131yoruz&#8221;<br \/>\nTMO Genel M\u00fcd\u00fcr\u00fc Ahmet G\u00fcldal da konu\u015fmas\u0131nda kurumun faaliyetlerinde Mersin&#8217;in \u00e7ok \u00f6nemli rol oynad\u0131\u011f\u0131n\u0131 vurgularken yeni yat\u0131r\u0131mlara imza att\u0131klar\u0131n\u0131 duyurdu. G\u00fcldal, &#8220;Limanda \u00f6nemli yat\u0131r\u0131m\u0131m\u0131z var. Yeni bir depo faaliyetine, yat\u0131r\u0131m\u0131na ba\u015flad\u0131k. Nasip olursa, 8 \u00fcniteden olu\u015fan 30 bin tonluk yatay deponun ihalesi bitmi\u015ftir. Bug\u00fcn de yer teslimi yap\u0131ld\u0131. Ben de \u015fahit oldum. \u0130n\u015fallah \u00e7ok k\u0131sa s\u00fcrede bu depoda, iklimlendirme imk\u00e2n\u0131 olan modern yap\u0131da bir tesisi Mersin&#8217;e kazand\u0131rm\u0131\u015f olaca\u011f\u0131z. Hem kendi i\u015fimize hem sekt\u00f6r\u00fcn hizmetine hem de \u00fclkemizin ihtiyac\u0131na cevap vermi\u015f olacakt\u0131r.&#8221; dedi.<\/p>\n<p>Protokol konu\u015fmalar\u0131n\u0131n ard\u0131ndan AHB\u0130B&#8217;in 2021 y\u0131l\u0131ndaki ihracat performans\u0131na Mersin, Adana, Hatay, Kayseri ve Karaman illerinden en g\u00fc\u00e7l\u00fc deste\u011fi veren 26 firmaya \u00f6d\u00fclleri takdim edildi. AHB\u0130B 2021 Y\u0131l\u0131 \u0130hracat\u0131n Y\u0131ld\u0131zlar\u0131 listesinde \u015fu firmalar yer ald\u0131: Memi\u015fo\u011flu Tar\u0131m \u00dcr\u00fcnleri, Arbel Bakliyat Hububat, Aves Enerji Ya\u011f, ADM Besin ve Tar\u0131m, Ba\u015fhan Tar\u0131msal \u00dcr\u00fcnler, Pioneer Tohumculuk, Omnia Ni\u015fasta, Lesaffre Turquie Mayac\u0131l\u0131k, Durum G\u0131da, An\u0131 Bisk\u00fcvi, Akyem Adana Yem, Tat Ni\u015fasta, Bifa Bisk\u00fcvi, Palmiye Bisk\u00fcvi \u00c7ikolata, Karaman \u015eim\u015fek Tar\u0131m, Best Food D\u0131\u015f Ticaret, \u00d6zalp Un ve Unlu Mamuller, Erya\u011f-Erciyes Ya\u011f, \u00d6z-Y\u0131l Un ve Unlu Mamuller, Redruby G\u0131da, Tokerler Global, Ekrem Agro, Mirbey Un G\u0131da Sanayi, Bayramo\u011flu Karde\u015fler, Progen Tohum ve Abdulgafur Uluslararas\u0131 Ta\u015f\u0131mac\u0131l\u0131k.<\/p>\n","protected":false},"excerpt":{"rendered":"<p>T\u00fcrkiye&#8217;nin 2021 y\u0131l\u0131ndaki 9,15 milyar dolarl\u0131k hububat, bakliyat, ya\u011fl\u0131 tohumlar ve mamulleri ihracat\u0131na 1,57 milyar dolar de\u011fer ile destek veren Akdeniz Hububat, Bakliyat, Ya\u011fl\u0131 Tohumlar ve Mamulleri \u0130hracat\u00e7\u0131lar\u0131 Birli\u011fi (AHB\u0130B) &hellip; <a href=\"https:\/\/akdenizolaygazetesi.com\/?p=21232\" class=\"more-link\">Devam\u0131n\u0131 Oku&#8230;<\/a><\/p>\n","protected":false},"author":2,"featured_media":21233,"comment_status":"open","ping_status":"open","sticky":false,"template":"","format":"standard","meta":[],"categories":[8,3,5],"tags":[],"_links":{"self":[{"href":"https:\/\/akdenizolaygazetesi.com\/index.php?rest_route=\/wp\/v2\/posts\/21232"}],"collection":[{"href":"https:\/\/akdenizolaygazetesi.com\/index.php?rest_route=\/wp\/v2\/posts"}],"about":[{"href":"https:\/\/akdenizolaygazetesi.com\/index.php?rest_route=\/wp\/v2\/types\/post"}],"author":[{"embeddable":true,"href":"https:\/\/akdenizolaygazetesi.com\/index.php?rest_route=\/wp\/v2\/users\/2"}],"replies":[{"embeddable":true,"href":"https:\/\/akdenizolaygazetesi.com\/index.php?rest_route=%2Fwp%2Fv2%2Fcomments&post=21232"}],"version-history":[{"count":1,"href":"https:\/\/akdenizolaygazetesi.com\/index.php?rest_route=\/wp\/v2\/posts\/21232\/revisions"}],"predecessor-version":[{"id":21234,"href":"https:\/\/akdenizolaygazetesi.com\/index.php?rest_route=\/wp\/v2\/posts\/21232\/revisions\/21234"}],"wp:featuredmedia":[{"embeddable":true,"href":"https:\/\/akdenizolaygazetesi.com\/index.php?rest_route=\/wp\/v2\/media\/21233"}],"wp:attachment":[{"href":"https:\/\/akdenizolaygazetesi.com\/index.php?rest_route=%2Fwp%2Fv2%2Fmedia&parent=21232"}],"wp:term":[{"taxonomy":"category","embeddable":true,"href":"https:\/\/akdenizolaygazetesi.com\/index.php?rest_route=%2Fwp%2Fv2%2Fcategories&post=21232"},{"taxonomy":"post_tag","embeddable":true,"href":"https:\/\/akdenizolaygazetesi.com\/index.php?rest_route=%2Fwp%2Fv2%2Ftags&post=21232"}],"curies":[{"name":"wp","href":"https:\/\/api.w.org\/{rel}","templated":true}]}}