{"id":21238,"date":"2022-09-26T16:34:27","date_gmt":"2022-09-26T13:34:27","guid":{"rendered":"http:\/\/akdenizolaygazetesi.com\/?p=21238"},"modified":"2022-09-26T16:34:27","modified_gmt":"2022-09-26T13:34:27","slug":"mip-kapilar-projesini-hayata-geciriyor","status":"publish","type":"post","link":"https:\/\/akdenizolaygazetesi.com\/?p=21238","title":{"rendered":"MIP Kap\u0131lar Projesi\u2019ni Hayata Ge\u00e7iriyor"},"content":{"rendered":"<p>Mersin Uluslararas\u0131 Liman \u0130\u015fletmecili\u011fi (MIP) 500 milyon TL yat\u0131r\u0131mla Kap\u0131lar Projesi\u2019ni hayata ge\u00e7iriyor.<\/p>\n<p>MIP taraf\u0131ndan hayata ge\u00e7irilen Kap\u0131lar Projesi\u2019nin lansman ve temel atma t\u00f6reni proje ortaklar\u0131yla birlikte 26 Eyl\u00fcl Pazartesi g\u00fcn\u00fc Mersin Valisi Ali Hamza Pehlivan\u2019\u0131n kat\u0131l\u0131mlar\u0131yla ger\u00e7ekle\u015ftirildi. Proje ile Mersin liman\u0131n\u0131n \u00e7evresindeki trafik sorununun \u00e7\u00f6z\u00fclmesi ama\u00e7lan\u0131yor. MIP\u2019nin 500 milyon TL (27 milyon ABD dolar\u0131) yat\u0131r\u0131mla hayata ge\u00e7irece\u011fi bu proje, TIR\u2019lar\u0131n \u015fehir trafi\u011fine girmeden Mersin liman\u0131na do\u011frudan giri\u015f ve \u00e7\u0131k\u0131\u015f yapmalar\u0131na olanak sa\u011flayarak, bekleme s\u00fcrelerini de azaltmay\u0131 ama\u00e7l\u0131yor.<\/p>\n<p>MIP, Mersin Valili\u011fi, Mersin B\u00fcy\u00fck\u015fehir Belediyesi, T\u00fcrkiye Cumhuriyeti Devlet Demiryollar\u0131 ve Karayollar\u0131 Genel M\u00fcd\u00fcrl\u00fc\u011f\u00fc i\u015f birli\u011finde hayata ge\u00e7irilen Kap\u0131lar Projesi\u2019nin liman \u00e7evresindeki trafik sorununa kal\u0131c\u0131 bir \u00e7\u00f6z\u00fcm getirmesi bekleniyor. Projenin ba\u015flang\u0131c\u0131ndan 10 ay sonra konteyner ve konvansiyonel y\u00fck ta\u015f\u0131yan ara\u00e7lar, D 400 karayolu ile iki ba\u011flant\u0131 noktas\u0131ndan do\u011frudan limana giri\u015f ve \u00e7\u0131k\u0131\u015f yapabilecek. Bununla birlikte konteyner ve genel y\u00fck getiren ara\u00e7lar 132. caddeden a\u00e7\u0131lacak yeni bir ba\u011flant\u0131 ile 3 \u015ferit halinde, demiryolu \u00fcst ge\u00e7idinin alt\u0131ndan ge\u00e7erek do\u011frudan limana giri\u015f yapabilecekler. <\/p>\n<p>Bir sonraki a\u015famada MIP, liman kap\u0131lar\u0131n\u0131 10 adet otomatik giri\u015f ve \u00e7\u0131k\u0131\u015f kap\u0131s\u0131 i\u00e7erecek \u015fekilde yenileyecektir. Bu sayede y\u00fcklerini y\u00fcklemek ve bo\u015faltmak i\u00e7in gelen kamyonlar\u0131n bekleme s\u00fcreleri \u00f6nemli \u00f6l\u00e7\u00fcde azalacakt\u0131r. Bu iyile\u015ftirme 2024 y\u0131l\u0131n\u0131n ilk \u00e7eyre\u011finde tamamlanacakt\u0131r. <\/p>\n<p>MIP Genel M\u00fcd\u00fcr\u00fc Johan Van Daele lansman ve temel atma t\u00f6reninde ger\u00e7ekle\u015ftirdi\u011fi konu\u015fmas\u0131nda MIP ve Mersin \u015fehrinin geli\u015fimini birbirinden ayr\u0131 tutmad\u0131klar\u0131n\u0131n \u00fczerinde durdu ve \u201cMIP olarak Mersin\u2019deki, b\u00f6lgedeki ve \u00fclkenin genelindeki i\u015f birliklerimizi olduk\u00e7a ciddiye al\u0131yoruz. Bug\u00fcn temel atma t\u00f6renini ger\u00e7ekle\u015ftirdi\u011fimiz Kap\u0131lar Projesi ile yaln\u0131zca mevcut trafik durumunu iyile\u015ftirmekle kalm\u0131yor; ayn\u0131 zamanda b\u00f6lgemizi liman\u0131m\u0131z\u0131n ilerideki b\u00fcy\u00fcmesine uyum sa\u011flayacak \u015fekilde, refah dolu bir gelecek i\u00e7in haz\u0131rl\u0131yoruz.\u201d \u015feklinde konu\u015ftu.<\/p>\n<p>T\u00f6rene kat\u0131l\u0131m g\u00f6steren Mersin Valisi Ali Hamza Pehlivan ise \u015funlar\u0131 s\u00f6yledi: \u201cKap\u0131lar Projesi, g\u00fcnl\u00fck 5000 TIR giri\u015fi ile \u00fclkemizin y\u00fczde 50 hinterland\u0131na hizmet eden Mersin liman\u0131n\u0131n TIR trafi\u011finde b\u00fcy\u00fck rahatlama sa\u011flayacak. Proje ile hem yeni kap\u0131lar a\u00e7\u0131lacak hem de mevcut kap\u0131lar\u0131n modernizasyonu ger\u00e7ekle\u015ftirilecek. T\u00fcm a\u015famalar\u0131yla 18 ayl\u0131k bir s\u00fcrede 3 etapta tamamlanacak proje kapsam\u0131nda liman i\u00e7i ve d\u0131\u015f\u0131ndaki yo\u011funlu\u011fun azalmas\u0131 ve ticari ara\u00e7lar\u0131n kazanaca\u011f\u0131 zaman do\u011frultusunda maliyet avantajlar\u0131 sa\u011flanacak. Proje ortaklar\u0131na ve ilgili t\u00fcm kurulu\u015flara te\u015fekk\u00fcr ediyor, Kap\u0131lar Projesi\u2019nin ilimize ve \u00fclkemize hay\u0131rl\u0131 olmas\u0131n\u0131 diliyorum.\u201d <\/p>\n","protected":false},"excerpt":{"rendered":"<p>Mersin Uluslararas\u0131 Liman \u0130\u015fletmecili\u011fi (MIP) 500 milyon TL yat\u0131r\u0131mla Kap\u0131lar Projesi\u2019ni hayata ge\u00e7iriyor. MIP taraf\u0131ndan hayata ge\u00e7irilen Kap\u0131lar Projesi\u2019nin lansman ve temel atma t\u00f6reni proje ortaklar\u0131yla birlikte 26 Eyl\u00fcl Pazartesi &hellip; <a href=\"https:\/\/akdenizolaygazetesi.com\/?p=21238\" class=\"more-link\">Devam\u0131n\u0131 Oku&#8230;<\/a><\/p>\n","protected":false},"author":2,"featured_media":21239,"comment_status":"open","ping_status":"open","sticky":false,"template":"","format":"standard","meta":[],"categories":[1,2,3],"tags":[],"_links":{"self":[{"href":"https:\/\/akdenizolaygazetesi.com\/index.php?rest_route=\/wp\/v2\/posts\/21238"}],"collection":[{"href":"https:\/\/akdenizolaygazetesi.com\/index.php?rest_route=\/wp\/v2\/posts"}],"about":[{"href":"https:\/\/akdenizolaygazetesi.com\/index.php?rest_route=\/wp\/v2\/types\/post"}],"author":[{"embeddable":true,"href":"https:\/\/akdenizolaygazetesi.com\/index.php?rest_route=\/wp\/v2\/users\/2"}],"replies":[{"embeddable":true,"href":"https:\/\/akdenizolaygazetesi.com\/index.php?rest_route=%2Fwp%2Fv2%2Fcomments&post=21238"}],"version-history":[{"count":1,"href":"https:\/\/akdenizolaygazetesi.com\/index.php?rest_route=\/wp\/v2\/posts\/21238\/revisions"}],"predecessor-version":[{"id":21240,"href":"https:\/\/akdenizolaygazetesi.com\/index.php?rest_route=\/wp\/v2\/posts\/21238\/revisions\/21240"}],"wp:featuredmedia":[{"embeddable":true,"href":"https:\/\/akdenizolaygazetesi.com\/index.php?rest_route=\/wp\/v2\/media\/21239"}],"wp:attachment":[{"href":"https:\/\/akdenizolaygazetesi.com\/index.php?rest_route=%2Fwp%2Fv2%2Fmedia&parent=21238"}],"wp:term":[{"taxonomy":"category","embeddable":true,"href":"https:\/\/akdenizolaygazetesi.com\/index.php?rest_route=%2Fwp%2Fv2%2Fcategories&post=21238"},{"taxonomy":"post_tag","embeddable":true,"href":"https:\/\/akdenizolaygazetesi.com\/index.php?rest_route=%2Fwp%2Fv2%2Ftags&post=21238"}],"curies":[{"name":"wp","href":"https:\/\/api.w.org\/{rel}","templated":true}]}}