{"id":2124,"date":"2020-11-04T18:22:36","date_gmt":"2020-11-04T15:22:36","guid":{"rendered":"http:\/\/mersinekonomipolitikagazetesi.com\/?p=2124"},"modified":"2020-11-04T18:22:36","modified_gmt":"2020-11-04T15:22:36","slug":"erdemlide-2-gunde-ikinci-sel","status":"publish","type":"post","link":"https:\/\/akdenizolaygazetesi.com\/?p=2124","title":{"rendered":"Erdemli&#8217;de 2 g\u00fcnde ikinci sel"},"content":{"rendered":"<p>Erdemli il\u00e7esinin y\u00fcksek kesimlerinde sa\u011fanak ya\u011fmur sele d\u00f6n\u00fc\u015ft\u00fc, sel sular\u0131 ise Alata Deresi\u2019yle Akdeniz&#8217;e ula\u015ft\u0131.<\/p>\n<p>Mersin\u2019in Erdemli il\u00e7e merkezinden 50 kilometre y\u00fcksekteki Toroslara bug\u00fcn ikinci kez ya\u011fan sa\u011fanak ya\u011fmur ikinci kez sele d\u00f6n\u00fc\u015ferek sahile ula\u015ft\u0131. Merakl\u0131 vatanda\u015flar cep telefonlar\u0131yla seli g\u00f6r\u00fcnt\u00fclemek i\u00e7in adeta birbirleriyle yar\u0131\u015ft\u0131, selle selfie \u00e7ekenler dikkat \u00e7ekerken, selle gelen k\u00fct\u00fckleri kapmaya \u00e7al\u0131\u015fan bir ki\u015fi de zor anlar ya\u015fad\u0131.\u00a0<br \/>\nEdinilen bilgiye g\u00f6re; Erdemli il\u00e7e merkezine yakla\u015f\u0131k 50 kilometre mesafedeki yaylalarda \u015fiddetli sa\u011fanak ya\u011f\u0131\u015f bug\u00fcn de etkili oldu. Ya\u011fmur sular\u0131 sel sular\u0131na d\u00f6n\u00fc\u015ferek il\u00e7e merkezinden ge\u00e7en Alata Deresi\u2019ne ula\u015ft\u0131. Durumu fark eden vatanda\u015flar cep telefonlar\u0131yla seli g\u00f6r\u00fcnt\u00fcleme yar\u0131\u015f\u0131na girdi.\u00a0<br \/>\nMersin B\u00fcy\u00fck\u015fehir Belediyesi, Erdemli Belediyesi ile Erdemli \u0130l\u00e7e Emniyet M\u00fcd\u00fcrl\u00fc\u011f\u00fc ekipleri il\u00e7e merkezindeki 3 k\u00f6pr\u00fc ile 2 yaya k\u00f6pr\u00fcs\u00fcnde \u00f6nlem ald\u0131. Vatanda\u015flar g\u00fcvensiz b\u00f6lgelerden uzakla\u015ft\u0131r\u0131ld\u0131. Al\u0131nan tedbirler sayesinde herhangi bir olumsuzluk ya\u015fanmad\u0131.\u00a0<br \/>\nK\u00fct\u00fck kapmak isterken zor anlar ya\u015fad\u0131<br \/>\n\u00a0<br \/>\n\u00d6te yandan selin Akdeniz&#8217;e getirdi\u011fi k\u00fct\u00fckleri toplamak isteyen baz\u0131 vatanda\u015flar ise zor anlar ya\u015fad\u0131. K\u00fct\u00fck kapma yar\u0131\u015f\u0131na giren vatanda\u015flar dalgalarla da m\u00fccadele etti. Dalgaya kap\u0131lan bir vatanda\u015f k\u00fct\u00fck almak i\u00e7in verdi\u011fi m\u00fccadele objektiflere de yans\u0131d\u0131.\u00a0<br \/>\nAl\u0131nan tedbirlerle ilgili bilgi veren Erdemli Belediye Ba\u015fkan Yard\u0131mc\u0131s\u0131 R\u00fc\u015ft\u00fc \u00c7\u0131nar, &#8220;Toros, Sorgun, Cac\u0131k ve Ere\u011fli b\u00f6lgesinden gelen sa\u011fanak ya\u011f\u0131\u015f, k\u0131sa s\u00fcrede olsa ani olarak dere yata\u011f\u0131ndaki k\u00fct\u00fckler ve \u00e7al\u0131lar tehlike arz etti. Erdemli Belediyesi ve Mersin B\u00fcy\u00fck\u015fehir Belediyesi k\u00f6pr\u00fc ge\u00e7i\u015flerinde gerekli tedbirleri ald\u0131. \u00c7al\u0131lar ve k\u00fct\u00fckler denize ula\u015ft\u0131 ve suyun y\u00f6n\u00fcn\u00fcn de\u011fi\u015fmesini \u00f6nlememiz dolay\u0131s\u0131yla herhangi bir can, mal kayb\u0131 ve maddi b\u00fcy\u00fck bir zarar ya\u015fanmadan bu afeti kazas\u0131z belas\u0131z atlatt\u0131k&#8221; diye konu\u015ftu.\u00a0<br \/>\nBaz\u0131 muhtarlar da dere \u00e7evresinde vatanda\u015flar\u0131 dikkatli olmalar\u0131 konusunda uyard\u0131.\u00a0<\/p>\n","protected":false},"excerpt":{"rendered":"<p>Erdemli il\u00e7esinin y\u00fcksek kesimlerinde sa\u011fanak ya\u011fmur sele d\u00f6n\u00fc\u015ft\u00fc, sel sular\u0131 ise Alata Deresi\u2019yle Akdeniz&#8217;e ula\u015ft\u0131. Mersin\u2019in Erdemli il\u00e7e merkezinden 50 kilometre y\u00fcksekteki Toroslara bug\u00fcn ikinci kez ya\u011fan sa\u011fanak ya\u011fmur ikinci &hellip; <a href=\"https:\/\/akdenizolaygazetesi.com\/?p=2124\" class=\"more-link\">Devam\u0131n\u0131 Oku&#8230;<\/a><\/p>\n","protected":false},"author":1,"featured_media":0,"comment_status":"open","ping_status":"open","sticky":false,"template":"","format":"standard","meta":[],"categories":[],"tags":[],"_links":{"self":[{"href":"https:\/\/akdenizolaygazetesi.com\/index.php?rest_route=\/wp\/v2\/posts\/2124"}],"collection":[{"href":"https:\/\/akdenizolaygazetesi.com\/index.php?rest_route=\/wp\/v2\/posts"}],"about":[{"href":"https:\/\/akdenizolaygazetesi.com\/index.php?rest_route=\/wp\/v2\/types\/post"}],"author":[{"embeddable":true,"href":"https:\/\/akdenizolaygazetesi.com\/index.php?rest_route=\/wp\/v2\/users\/1"}],"replies":[{"embeddable":true,"href":"https:\/\/akdenizolaygazetesi.com\/index.php?rest_route=%2Fwp%2Fv2%2Fcomments&post=2124"}],"version-history":[{"count":0,"href":"https:\/\/akdenizolaygazetesi.com\/index.php?rest_route=\/wp\/v2\/posts\/2124\/revisions"}],"wp:attachment":[{"href":"https:\/\/akdenizolaygazetesi.com\/index.php?rest_route=%2Fwp%2Fv2%2Fmedia&parent=2124"}],"wp:term":[{"taxonomy":"category","embeddable":true,"href":"https:\/\/akdenizolaygazetesi.com\/index.php?rest_route=%2Fwp%2Fv2%2Fcategories&post=2124"},{"taxonomy":"post_tag","embeddable":true,"href":"https:\/\/akdenizolaygazetesi.com\/index.php?rest_route=%2Fwp%2Fv2%2Ftags&post=2124"}],"curies":[{"name":"wp","href":"https:\/\/api.w.org\/{rel}","templated":true}]}}