{"id":21241,"date":"2022-09-26T16:36:52","date_gmt":"2022-09-26T13:36:52","guid":{"rendered":"http:\/\/akdenizolaygazetesi.com\/?p=21241"},"modified":"2022-09-26T16:36:52","modified_gmt":"2022-09-26T13:36:52","slug":"bakanlik-282-kadro-talebimize-daha-cevap-vermedi","status":"publish","type":"post","link":"https:\/\/akdenizolaygazetesi.com\/?p=21241","title":{"rendered":"&#8220;BAKANLIK, 282 KADRO TALEB\u0130M\u0130ZE DAHA CEVAP VERMED\u0130&#8221;"},"content":{"rendered":"<p>Mersin B\u00fcy\u00fck\u015fehir Belediye Ba\u015fkan\u0131 Vahap Se\u00e7er, 25 Eyl\u00fcl-1 Ekim tarihleri aras\u0131nda kutlanan \u0130tfaiye Haftas\u0131&#8217;n\u0131n 98&#8217;inci y\u0131l\u0131nda, B\u00fcy\u00fck\u015fehir Belediyesi&#8217;nin korkusuz kahramanlar\u0131n\u0131 makam\u0131nda a\u011f\u0131rlad\u0131.<br \/>\nKeyifli bir sohbetin ya\u015fand\u0131\u011f\u0131 ziyarette Ba\u015fkan Se\u00e7er, Mersin&#8217;e hizmet noktas\u0131nda \u0130tfaiye Dairesi&#8217;nde hayata ge\u00e7irdikleri proje ve \u00e7al\u0131\u015fmalar\u0131 anlatarak de\u011ferlendirmelerde bulundu. \u0130tfaiye personellerinin haftas\u0131n\u0131 kutlayan Ba\u015fkan Se\u00e7er, vatanda\u015flar\u0131n can ve mal g\u00fcvenli\u011fi i\u00e7in her daim daha da g\u00fc\u00e7l\u00fc ekip ve modern ara\u00e7larla Mersin&#8217;e hizmet edeceklerini belirtti.<br \/>\nB\u00fcy\u00fck\u015fehir Belediyesi Genel Sekreteri Olcay Tok, \u0130tfaiye Daire Ba\u015fkan\u0131 Mehmet Bahtiyar Ayd\u0131n ve personellerin yer ald\u0131\u011f\u0131 ziyarete, B\u00fcy\u00fck\u015fehir&#8217;in iz takip k\u00f6pe\u011fi Bel\u00e7ika malinois kurdu Ares ve okullarda d\u00fczenlenen sosyal projelerde \u00f6\u011frencilerde sempati yaratan Toy Poodle cinsi Brad de getirildi.<br \/>\n&#8220;565 personel ve 123 ara\u00e7la hizmet veriyoruz&#8221;<br \/>\nB\u00fcy\u00fck\u015fehir Belediyesi \u0130tfaiye Dairesi b\u00fcnyesinde 565 personel ve 123 ara\u00e7la hizmetlerini s\u00fcrd\u00fcrd\u00fcklerini an\u0131msatan Ba\u015fkan Se\u00e7er, &#8220;Te\u015fkilat\u0131m\u0131za 20 yeni ara\u00e7 ald\u0131k. Bu ara\u00e7larla, daha y\u00fcksek Bar&#8217;da su kullanabiliyoruz. 45 Bar&#8217;a kadar bas\u0131nc\u0131 \u00e7\u0131kabiliyor. Daha k\u0131sa dorseli, manevra kabiliyeti daha y\u00fcksek ara\u00e7lar. \u00d6zellikle dar sokaklarda ve k\u0131rsal b\u00f6lgelere intikalde bize \u00e7ok fayda sa\u011flayan ara\u00e7lar. Yang\u0131n noktalar\u0131na intikalimiz de son derece iyi. Ortalamam\u0131z merkezde 5-6 dakika, k\u0131rsalda da 34 dakikay\u0131 buluyor. D\u00fcnya ortalamas\u0131na bakt\u0131\u011f\u0131n\u0131z zaman, gayet iyi bir rakam&#8221; dedi.<br \/>\n&#8220;Ata E\u011fitim Merkezi, d\u00fcnya \u00e7ap\u0131nda bir tesis olacak&#8221;<br \/>\nMersin B\u00fcy\u00fck\u015fehir Belediyesi \u0130tfaiyesi&#8217;ne kazand\u0131racaklar\u0131 Ata E\u011fitim Merkezi&#8217;nden de s\u00f6z eden Ba\u015fkan Se\u00e7er, &#8220;\u015eu anda yap\u0131m\u0131 s\u00fcratle devam ediyor. T\u00fcrkiye \u00e7ap\u0131nda, belki de d\u00fcnya \u00e7ap\u0131nda bir tesisi hayata ge\u00e7irece\u011fiz. Burada kendi personelimizi e\u011fitece\u011fimiz gibi, kamu ve \u00f6zel sekt\u00f6r personeline de yang\u0131n konusunda ya da afetle m\u00fccadele konusunda e\u011fitimler ve seminerler verece\u011fiz&#8221; diye konu\u015ftu. \u0130tfaiye Dairesi&#8217;ndeki 565 personelin 341&#8217;inin itfaiyeci, geri kalan\u0131n\u0131n ise \u015fof\u00f6r stat\u00fcs\u00fcnde \u00e7al\u0131\u015ft\u0131\u011f\u0131n\u0131 s\u00f6yleyen Ba\u015fkan Se\u00e7er, &#8220;Ancak bizim, bakanl\u0131ktan 282 yeni kadro talebimiz oldu. \u015eu ana kadar bir yan\u0131t bulamad\u0131k. Biz mevcut personelimizi takviye etmek istiyoruz. Yang\u0131nlara daha etkin m\u00fcdahale edelim, afetlere daha etkin m\u00fcdahale edelim ya da herhangi bir olumsuzlukta, arama kurtarma \u00e7al\u0131\u015fmalar\u0131na daha etkin ve bilin\u00e7li bir \u015fekilde ve ger\u00e7ekten kaliteli e\u011fitim alm\u0131\u015f personelle m\u00fcdahale edelim istiyoruz. Onun i\u00e7in Ata E\u011fitim Merkezi&#8217;ni \u00f6nemsedi\u011fimiz gibi, personelin e\u011fitimini de \u00f6nemsiyoruz ve eksik olan noktalar\u0131m\u0131z\u0131 da, yeni alaca\u011f\u0131m\u0131z bu personellerle takviye etmek istiyoruz&#8221; ifadelerini kulland\u0131.<br \/>\n&#8220;K\u0131rsal mahallelerdeki hidrant say\u0131lar\u0131n\u0131 art\u0131r\u0131yoruz&#8221;<br \/>\nMersin B\u00fcy\u00fck\u015fehir \u0130tfaiyesi&#8217;ne \u00f6nemli kazan\u0131mlar sa\u011flayan \u0130tfaiye Bilgi Sistemi&#8217;ne ili\u015fkin de de\u011ferlendirmede bulunan Ba\u015fkan Se\u00e7er, &#8220;Bu konuda \u0130stanbul B\u00fcy\u00fck\u015fehir Belediyesi&#8217;ne m\u00fcte\u015fekkiriz. Bizi desteklediler. \u00c7ok muazzam ve 9 ay gibi bir s\u00fcrede entegre etti\u011fimiz bir sistem oldu&#8221; dedi.<br \/>\nUluslararas\u0131 kurtarma ekibi olu\u015fturma \u00e7abas\u0131 i\u00e7erisinde olduklar\u0131n\u0131 da belirten Ba\u015fkan Se\u00e7er, &#8220;Tabi burada AFAD&#8217;la i\u015fbirli\u011fimiz devam edecek. Yine \u00f6nemli bir konudan bahsetmek istiyorum. Hidrant konusu, k\u0131rsal mahallelerde \u00e7ok \u00f6nemli. Mersin 16 bin kilometrekare bir alana sahip.  806 mahallemiz var ve bunun 500 civar\u0131 k\u0131rsalda. Dolay\u0131s\u0131yla yang\u0131nda buralara m\u00fcdahale edene kadar, \u00e7ok fazla zarar olabiliyor. K\u0131rsala intikalde ortalama 34 dakikal\u0131k bir s\u00fcre\u00e7 var, ama hidrantlar\u0131n say\u0131s\u0131n\u0131 art\u0131rd\u0131\u011f\u0131m\u0131z takdirde, olu\u015fabilecek zarar en aza iner. \u015eu anda 45 mahallemizde 124 hidrant \u00e7al\u0131\u015fmam\u0131z\u0131 bitirdik. Bunlar merkeze ba\u011fl\u0131 k\u0131rsal mahalleler. Bunlar\u0131 g\u00f6n\u00fcll\u00fc itfaiyeciler arac\u0131l\u0131\u011f\u0131yla i\u015flevsel hale getiriyoruz. Yaln\u0131z her y\u0131l bunlar\u0131n savc\u0131l\u0131k ka\u011f\u0131d\u0131, sa\u011fl\u0131k raporu ya da ikametgah gibi baz\u0131 evraklar\u0131n\u0131n yenilemesi gerekiyor. Vatanda\u015f da bunu her y\u0131l yenilemekte imtina ediyor. Bu da bizi s\u0131k\u0131nt\u0131ya sokuyor. Bu konuyla ilgili mevzuatta bir de\u011fi\u015fikli\u011fe ihtiya\u00e7 var&#8221; diye konu\u015ftu.<br \/>\n&#8220;\u0130tfaiyecilerimizin Haftas\u0131&#8217;n\u0131 kutluyorum&#8221;<br \/>\nBa\u015fkan Se\u00e7er, son olarak \u015funlar\u0131 s\u00f6yledi:<br \/>\n&#8220;Her \u015fey Mersin&#8217;imiz i\u00e7in. Her \u015fey insan\u0131m\u0131z i\u00e7in. Her \u015fey insan\u0131m\u0131z\u0131n can ve mal g\u00fcvenli\u011fini korumak i\u00e7in. Mersin \u0130tfaiyemiz; \u00e7al\u0131\u015fma arkada\u015flar\u0131m\u0131zla, modernize olmu\u015f ara\u00e7, edevat\u0131yla her zaman g\u00fcvenilir bir kurum olmaya devam edecek. Ko\u015fullara g\u00f6re de kendimizi g\u00fcncelleyece\u011fiz. \u0130tfaiyecilerimizin Haftas\u0131&#8217;n\u0131 kutluyorum. Ba\u015far\u0131l\u0131 \u00e7al\u0131\u015fmalar\u0131n\u0131n devam\u0131n\u0131 diliyorum.&#8221;<br \/>\nAyd\u0131n: &#8220;Bu i\u015f ekip i\u015fi&#8221;<br \/>\nBu i\u015fin ekip i\u015fi oldu\u011funu s\u00f6yleyen \u0130tfaiye Daire Ba\u015fkan\u0131 Mehmet Bahtiyar Ayd\u0131n ise, &#8220;Sizin desteklerinizle iyi yerlere geldi\u011fimizi d\u00fc\u015f\u00fcn\u00fcyorum. Ama \u015f\u00f6yle bir \u015fey var. Biz bu yolu al\u0131rken; mantalitenin, felsefenin ekipmanlar\u0131n de\u011fi\u015fmesi gerekiyordu. Bunlar kolay olmuyor. Tabi sizin \u00f6nderli\u011finizde biz bu yola \u00e7\u0131kt\u0131k. Arkada\u015flar\u0131m\u0131z\u0131n bu g\u00f6revi yaparken de \u00f6zg\u00fcr olmalar\u0131 ve sizlerin \u00f6n\u00fcm\u00fcz\u00fc a\u00e7man\u0131z bizi \u00e7ok mutlu ediyor. En son orman yang\u0131nlar\u0131nda g\u00f6rd\u00fc\u011f\u00fcm\u00fcz arkada\u015flar\u0131m\u0131z\u0131n \u00f6zg\u00fcvenleri o kadar y\u00fcksek ki, birilerinin a\u011fz\u0131na bakmadan t\u0131k\u0131r t\u0131k\u0131r i\u015flerini en iyi \u015fekilde yapmaya ba\u015flad\u0131lar. Bu da \u00e7ok g\u00fczel bir \u015fey. Ama bu g\u00fcc\u00fc kimden al\u0131yoruz? Sizlerden al\u0131yoruz. \u00c7ok te\u015fekk\u00fcr ediyoruz&#8221; dedi.<\/p>\n","protected":false},"excerpt":{"rendered":"<p>Mersin B\u00fcy\u00fck\u015fehir Belediye Ba\u015fkan\u0131 Vahap Se\u00e7er, 25 Eyl\u00fcl-1 Ekim tarihleri aras\u0131nda kutlanan \u0130tfaiye Haftas\u0131&#8217;n\u0131n 98&#8217;inci y\u0131l\u0131nda, B\u00fcy\u00fck\u015fehir Belediyesi&#8217;nin korkusuz kahramanlar\u0131n\u0131 makam\u0131nda a\u011f\u0131rlad\u0131. Keyifli bir sohbetin ya\u015fand\u0131\u011f\u0131 ziyarette Ba\u015fkan Se\u00e7er, Mersin&#8217;e &hellip; <a href=\"https:\/\/akdenizolaygazetesi.com\/?p=21241\" class=\"more-link\">Devam\u0131n\u0131 Oku&#8230;<\/a><\/p>\n","protected":false},"author":2,"featured_media":21242,"comment_status":"open","ping_status":"open","sticky":false,"template":"","format":"standard","meta":[],"categories":[34,2,3],"tags":[],"_links":{"self":[{"href":"https:\/\/akdenizolaygazetesi.com\/index.php?rest_route=\/wp\/v2\/posts\/21241"}],"collection":[{"href":"https:\/\/akdenizolaygazetesi.com\/index.php?rest_route=\/wp\/v2\/posts"}],"about":[{"href":"https:\/\/akdenizolaygazetesi.com\/index.php?rest_route=\/wp\/v2\/types\/post"}],"author":[{"embeddable":true,"href":"https:\/\/akdenizolaygazetesi.com\/index.php?rest_route=\/wp\/v2\/users\/2"}],"replies":[{"embeddable":true,"href":"https:\/\/akdenizolaygazetesi.com\/index.php?rest_route=%2Fwp%2Fv2%2Fcomments&post=21241"}],"version-history":[{"count":1,"href":"https:\/\/akdenizolaygazetesi.com\/index.php?rest_route=\/wp\/v2\/posts\/21241\/revisions"}],"predecessor-version":[{"id":21243,"href":"https:\/\/akdenizolaygazetesi.com\/index.php?rest_route=\/wp\/v2\/posts\/21241\/revisions\/21243"}],"wp:featuredmedia":[{"embeddable":true,"href":"https:\/\/akdenizolaygazetesi.com\/index.php?rest_route=\/wp\/v2\/media\/21242"}],"wp:attachment":[{"href":"https:\/\/akdenizolaygazetesi.com\/index.php?rest_route=%2Fwp%2Fv2%2Fmedia&parent=21241"}],"wp:term":[{"taxonomy":"category","embeddable":true,"href":"https:\/\/akdenizolaygazetesi.com\/index.php?rest_route=%2Fwp%2Fv2%2Fcategories&post=21241"},{"taxonomy":"post_tag","embeddable":true,"href":"https:\/\/akdenizolaygazetesi.com\/index.php?rest_route=%2Fwp%2Fv2%2Ftags&post=21241"}],"curies":[{"name":"wp","href":"https:\/\/api.w.org\/{rel}","templated":true}]}}