{"id":21244,"date":"2022-09-26T16:39:04","date_gmt":"2022-09-26T13:39:04","guid":{"rendered":"http:\/\/akdenizolaygazetesi.com\/?p=21244"},"modified":"2022-09-26T16:39:04","modified_gmt":"2022-09-26T13:39:04","slug":"erkilinc-gazetelerin-kaderini-matbaa-lobisi-belirlememeli","status":"publish","type":"post","link":"https:\/\/akdenizolaygazetesi.com\/?p=21244","title":{"rendered":"Erk\u0131l\u0131n\u00e7: Gazetelerin kaderini matbaa lobisi belirlememeli"},"content":{"rendered":"<p>Bas\u0131n \u0130lan Kurumu Genel M\u00fcd\u00fcr\u00fc Cavit Erk\u0131l\u0131n\u00e7, \u00fclkenin farkl\u0131 illerinde yerel gazetelerin bas\u0131m\u0131n\u0131 ger\u00e7ekle\u015ftiren baz\u0131 matbaalar\u0131n, s\u00f6zde bas\u0131n \u00f6zg\u00fcrl\u00fc\u011f\u00fc ve sans\u00fcr kar\u015f\u0131tl\u0131\u011f\u0131 kisvesi alt\u0131nda isimsiz bildiri da\u011f\u0131tarak gazeteleri yeni Bas\u0131n Yasas\u0131\u2019na kar\u015f\u0131 \u00e7\u0131kmaya davet ettiklerinin tespit edildi\u011fini a\u00e7\u0131klad\u0131.<\/p>\n<p>Gazete Sahipleri ve Temsilcileri B\u00f6lge Toplant\u0131lar\u0131n\u0131n onuncusu Adana\u2019da ger\u00e7ekle\u015ftirildi. Toplant\u0131ya Gaziantep, Hatay, Kahramanmara\u015f, Kayseri, Kilis, Mersin, Nev\u015fehir, Ni\u011fde, Osmaniye\u2019den gelenlerle birlikte 112 gazete sahibi ve temsilcisi kat\u0131ld\u0131.<\/p>\n<p>Toplant\u0131n\u0131n a\u00e7\u0131l\u0131\u015f\u0131nda konu\u015fan Bas\u0131n \u0130lan Kurumu (B\u0130K) Genel M\u00fcd\u00fcr\u00fc Cavit Erk\u0131l\u0131n\u00e7, yeni yasama y\u0131l\u0131nda TBMM Genel Kurulu g\u00fcndemine gelecek ilk yasal d\u00fczenlemenin \u201cBas\u0131n Kanunu ile Baz\u0131 Kanunlarda De\u011fi\u015fiklik Yap\u0131lmas\u0131na Dair Kanun Teklifi\u201d olmas\u0131n\u0131 beklediklerini s\u00f6yledi.<\/p>\n<p>Yasa teklifinin gazetelerin gelece\u011fine dair hayati \u00f6nemde maddeler i\u00e7erdi\u011fini anlatan Erk\u0131l\u0131n\u00e7, \u201cD\u00fczenleme, sadece gazeteleri de\u011fil, gazetecilik mesle\u011fini de yak\u0131ndan ilgilendiriyor. \u0130nternet medyas\u0131n\u0131 yasal zemine oturtuyor. S\u00fcreli yay\u0131n say\u0131lacak internet haber siteleri g\u00f6rev alan\u0131m\u0131za giriyor ve resmi ilan alabilmelerinin \u00f6n\u00fc a\u00e7\u0131l\u0131yor. Dezenformasyonla m\u00fccadelede etkinlik sa\u011flan\u0131yor, toplum sa\u011fl\u0131\u011f\u0131n\u0131 ve kamu d\u00fczenini koruyucu \u00f6nlemler geliyor. Uluslararas\u0131 sosyal medya platformlar\u0131 ile hukuki muhatapl\u0131k ger\u00e7ek manada bir \u00e7er\u00e7eveye oturtuluyor. Bu sayd\u0131klar\u0131m\u0131z\u0131n neresinde yanl\u0131\u015f var veya bu sayd\u0131klar\u0131m\u0131z kimleri niye rahats\u0131z ediyor?\u201d diye sordu.<\/p>\n<p>\u201cGazetelerimizin kand\u0131r\u0131lmas\u0131na izin vermeyece\u011fiz\u201d<\/p>\n<p>Daha \u00f6nce s\u0131ras\u0131yla Bursa, \u0130zmir, Konya, Ankara, Samsun ve Trabzon\u2019da gazete sahipleri ile bir araya geldi\u011fini an\u0131msatan Erk\u0131l\u0131n\u00e7, kat\u0131l\u0131mc\u0131lar\u0131n temelde iki konuyu dile getirdiklerini ifade ederek, konu\u015fmas\u0131n\u0131 \u015f\u00f6yle s\u00fcrd\u00fcrd\u00fc:<\/p>\n<p>\u201cGazete temsilcileri, \u2018Ke\u015fke daha \u00f6nce Anadolu\u2019ya \u00e7\u0131k\u0131p ger\u00e7ekleri anlatsayd\u0131n\u0131z. Yasaya dair fena halde bizi yan\u0131ltm\u0131\u015flar, kand\u0131rm\u0131\u015flar\u2019 dediler. A\u00e7\u0131k\u00e7as\u0131 sahada bu derecede dezenformasyonun yap\u0131ld\u0131\u011f\u0131n\u0131 hissedemedik. O nedenle b\u00f6lge toplant\u0131lar\u0131n\u0131 yeni yasan\u0131n hemen ard\u0131ndan ger\u00e7ekle\u015ftirecek ve sizlerle yeni yol haritas\u0131n\u0131 ve mevzuat\u0131 isti\u015fare ile belirleyecektik. Yasa ekim ay\u0131na ertelenince kollar\u0131 s\u0131vad\u0131k ve Kurumumuzu ilgilendiren maddeleri payda\u015flar\u0131m\u0131za anlatmaya ba\u015flad\u0131k. Gazetelerimizin kand\u0131r\u0131lmas\u0131na izin vermeyece\u011fiz. Son d\u00f6neme\u00e7te bir yol kazas\u0131 ya\u015fans\u0131n istemiyoruz.<\/p>\n<p>Bir di\u011fer konu ise, gazetelerimiz, bu yasa sonras\u0131 kapat\u0131lacaklar\u0131na inand\u0131r\u0131lm\u0131\u015flar. Hatta kendilerini yasaya kar\u015f\u0131 \u00e7\u0131kmalar\u0131 noktas\u0131nda arayanlar, Kurumumuzun ad\u0131n\u0131 dahi kullanm\u0131\u015flar. De\u011ferli arkada\u015flar, her \u015feyden \u00f6nce \u00fclkemizde ifade etme ve yayma \u00f6zg\u00fcrl\u00fc\u011f\u00fc var; Anayasam\u0131z ile g\u00fcvence alt\u0131nda. Yine m\u00fcte\u015febbis h\u00fcrriyeti var. Kim neyi kapat\u0131yor, her \u015fey bir yana gazeteler nas\u0131l kapat\u0131labilir? Biz tek bir \u015fey s\u00f6yl\u00fcyoruz: Gazetenizi koruyacaksan\u0131z, gazetecilik mesle\u011fini ya\u015fatacaksan\u0131z bunun yolu yasan\u0131n \u00e7\u0131kmas\u0131ndan ge\u00e7iyor. Her \u015fey i\u00e7in \u00e7ok ge\u00e7 olmadan haz\u0131rl\u0131klar\u0131n\u0131z\u0131 tamamlay\u0131n istiyoruz.\u201d<\/p>\n<p>\u201cHakl\u0131 ve samimi olan kendini gizlemez\u201d<\/p>\n<p>B\u00f6lge toplant\u0131lar\u0131na ba\u015flanaca\u011f\u0131n\u0131 duyurmalar\u0131n\u0131n ard\u0131ndan ilk olarak, \u201cgazeteme dokunma\u201d ad\u0131 alt\u0131nda kar\u015f\u0131 kampanya giri\u015fiminde bunulmaya \u00e7al\u0131\u015f\u0131ld\u0131\u011f\u0131n\u0131 kaydeden Erk\u0131l\u0131n\u00e7, on kadar gazetenin kampanyaya kat\u0131ld\u0131\u011f\u0131n\u0131, daha sonra ger\u00e7ekleri g\u00f6ren gazetelerin kampanyaya olan deste\u011fini geri \u00e7ekti\u011fini anlatt\u0131. Toplant\u0131 ve yasa kar\u015f\u0131t\u0131 ikinci te\u015febb\u00fcs\u00fcn ise Trabzon\u2019da bulunduklar\u0131 esnada ger\u00e7ekle\u015fti\u011fini belirten Erk\u0131l\u0131n\u00e7, konu\u015fmas\u0131na \u015f\u00f6yle devam etti:<\/p>\n<p>\u201c\u0130ki farkl\u0131 bildiri metni haz\u0131rlanm\u0131\u015f, \u00f6n\u00fcm\u00fcze geldi. Yaz\u0131da ne logo var ne isim ne de imza. Yaz\u0131ya ilk bakt\u0131\u011f\u0131n\u0131zda bas\u0131n \u00f6zg\u00fcrl\u00fc\u011f\u00fc ve sans\u00fcr kar\u015f\u0131tl\u0131\u011f\u0131 gibi toplumun geneli taraf\u0131ndan kolayca benimsenecek s\u00fcsl\u00fc kavramlar. Buna kim kar\u015f\u0131 olabilir de\u011fil mi? Yaz\u0131n\u0131n detaylar\u0131na bakt\u0131\u011f\u0131n\u0131zda tek bir \u015fey g\u00f6r\u00fcyorsunuz: Yeni Bas\u0131n Yasas\u0131 \u00e7\u0131kmas\u0131n, internet haber siteleri s\u00fcreli yay\u0131n say\u0131lmas\u0131n, internet medyas\u0131 Bas\u0131n \u0130lan Kurumu d\u0131\u015f\u0131nda bir ba\u015fka kuruma ba\u011flans\u0131n. Dertleri bas\u0131n \u00f6zg\u00fcrl\u00fc\u011f\u00fc de de\u011fil, sans\u00fcre kar\u015f\u0131 \u00e7\u0131kmak da. Ama\u00e7lar\u0131 \u015fu; internet haber siteleri s\u00fcreli yay\u0131n say\u0131lmas\u0131n. Kim diyor bunu diye arkada\u015flar ara\u015ft\u0131rd\u0131. \u0130zmir, Adana, Sakarya, Kocaeli ve Erzurum\u2019da baz\u0131 gazete y\u00f6neticilerinin cep telefonlar\u0131na g\u00f6nderilmi\u015f. Belki ba\u015fka iller de vard\u0131r. Yaz\u0131lar\u0131n arkas\u0131ndan bir matbaac\u0131 \u00e7\u0131kt\u0131 iyi mi? Ne ac\u0131 ki bu arkada\u015f, basaca\u011f\u0131, belki de basmadan basm\u0131\u015f gibi g\u00f6sterece\u011fi gazeteden gelecek paran\u0131n derdine d\u00fc\u015fm\u00fc\u015f. Amac\u0131 bas\u0131n \u00f6zg\u00fcrl\u00fc\u011f\u00fc ve gazetelerimiz olsa samimi \u015fekilde \u00e7\u0131kar bildirinin alt\u0131na ismini yazar, imzas\u0131n\u0131 atar. Yok, birileri istedi diye bu oyuna fig\u00fcran olmu\u015fsa i\u015fte o zaman \u00e7ok daha ac\u0131 bir tabloyla kar\u015f\u0131 kar\u015f\u0131yay\u0131z demektir.\u201d<\/p>\n<p>\u201cKap\u0131n\u0131z \u00e7al\u0131nd\u0131\u011f\u0131nda \u015fu iki soruyu sorun\u2026\u201d<\/p>\n<p>Bundan \u00f6nce d\u00fczenlenen t\u00fcm toplant\u0131larda gazeteler ile internet haber sitelerinin kaderinin ortak oldu\u011funu vurgulad\u0131klar\u0131n\u0131, asl\u0131nda bunu bir mecburiyet gibi g\u00f6rd\u00fcklerini vurgulayan Erk\u0131l\u0131n\u00e7, yasan\u0131n \u00e7\u0131kmas\u0131n\u0131n ard\u0131ndan gazetelere ait internet haber sitelerinin, gazetesi olmayanlara g\u00f6re \u00e7ok daha avantajl\u0131 olaca\u011f\u0131n\u0131, her internet sitesinin de haber sitesi say\u0131lmayaca\u011f\u0131n\u0131 yineledi.  <\/p>\n<p>\u201cK\u00fc\u00e7\u00fck iktidar alanlar\u0131n\u0131 korumak isteyenler, sizlerin \u00fczerinden \u00fcrettikleri dezenformasyonla dolayl\u0131 olarak yakla\u015f\u0131k bin tam sayfa icra ilan\u0131n\u0131n kaybedilmesine neden oldu\u201d diyen Erk\u0131l\u0131n\u00e7, gazete sahiplerinden, dezenformasyonu \u00fcretenler tekrar kap\u0131lar\u0131n\u0131 \u00e7ald\u0131\u011f\u0131nda, sadece ger\u00e7e\u011fi ve kaybedilen 20 milyon TL\u2019yi a\u015fk\u0131n ilan gelirini sormalar\u0131n\u0131 istedi.<\/p>\n<p>Erk\u0131l\u0131n\u00e7, konu\u015fmas\u0131n\u0131 \u015f\u00f6yle tamamlad\u0131:<\/p>\n<p>\u201c\u00dc\u00e7 ay\u0131m\u0131z heba oldu. Bizler payda\u015f\u0131z, orta\u011f\u0131z ve ayn\u0131 gemideyiz. Sizin 33 bin, bizim 380 \u00e7al\u0131\u015fan\u0131m\u0131z var. Adana\u2019dan t\u00fcm gazetelerimize bir kez daha sesleniyorum: Bu yasa \u00e7\u0131kmaz, internet siteleri s\u00fcreli yay\u0131n say\u0131lmayarak g\u00f6rev alan\u0131m\u0131za girmez ve icra ilanlar\u0131 t\u00fcmden elimizden ka\u00e7arsa; sizler de bizler de k\u00fc\u00e7\u00fck k\u0131yameti ya\u015far\u0131z. Bu nedenle i\u00e7inizdeki \u00fc\u00e7 be\u015f iktidar heveslisine kulak vermeyin. Hele hele gazetelerin kaderini matbaa lobilerinin belirlemesine r\u0131za g\u00f6stermeyin. \u00dc\u00e7 as\u0131r \u00f6nce hattatlar ne yapm\u0131\u015fsa \u015fimdi ayn\u0131s\u0131n\u0131 matbaac\u0131lar yapmak istiyor. Buna kaderin bir cilvesi mi diyelim, yoksa tarih tekerr\u00fcrden ibaret mi diyelim, bilemedim.\u201d<\/p>\n<p>Genel M\u00fcd\u00fcr Yard\u0131mc\u0131s\u0131 Mesut Onat, birim m\u00fcd\u00fcrleri ve \u015fube m\u00fcd\u00fcrlerinin haz\u0131r bulundu\u011fu toplant\u0131da daha sonra gazete sahipleri ve temsilcileri s\u00f6z alarak g\u00f6r\u00fc\u015flerini ifade etti.<\/p>\n<p>Toplant\u0131, kat\u0131l\u0131mc\u0131lar\u0131n onuruna verilen \u00f6\u011fle yeme\u011finin ard\u0131ndan ger\u00e7ekle\u015ftirilen soru-cevap ve sohbet b\u00f6l\u00fcm\u00fc ile sona erdi.<\/p>\n<p>Gazete Sahipleri ve Temsilcileri B\u00f6lge Toplant\u0131lar\u0131n\u0131n bir sonraki aya\u011f\u0131 29 Eyl\u00fcl 2022 Per\u015fembe g\u00fcn\u00fc \u0130stanbul\u2019da ger\u00e7ekle\u015ftirilecek.<\/p>\n","protected":false},"excerpt":{"rendered":"<p>Bas\u0131n \u0130lan Kurumu Genel M\u00fcd\u00fcr\u00fc Cavit Erk\u0131l\u0131n\u00e7, \u00fclkenin farkl\u0131 illerinde yerel gazetelerin bas\u0131m\u0131n\u0131 ger\u00e7ekle\u015ftiren baz\u0131 matbaalar\u0131n, s\u00f6zde bas\u0131n \u00f6zg\u00fcrl\u00fc\u011f\u00fc ve sans\u00fcr kar\u015f\u0131tl\u0131\u011f\u0131 kisvesi alt\u0131nda isimsiz bildiri da\u011f\u0131tarak gazeteleri yeni Bas\u0131n &hellip; <a href=\"https:\/\/akdenizolaygazetesi.com\/?p=21244\" class=\"more-link\">Devam\u0131n\u0131 Oku&#8230;<\/a><\/p>\n","protected":false},"author":2,"featured_media":21245,"comment_status":"open","ping_status":"open","sticky":false,"template":"","format":"standard","meta":[],"categories":[3],"tags":[],"_links":{"self":[{"href":"https:\/\/akdenizolaygazetesi.com\/index.php?rest_route=\/wp\/v2\/posts\/21244"}],"collection":[{"href":"https:\/\/akdenizolaygazetesi.com\/index.php?rest_route=\/wp\/v2\/posts"}],"about":[{"href":"https:\/\/akdenizolaygazetesi.com\/index.php?rest_route=\/wp\/v2\/types\/post"}],"author":[{"embeddable":true,"href":"https:\/\/akdenizolaygazetesi.com\/index.php?rest_route=\/wp\/v2\/users\/2"}],"replies":[{"embeddable":true,"href":"https:\/\/akdenizolaygazetesi.com\/index.php?rest_route=%2Fwp%2Fv2%2Fcomments&post=21244"}],"version-history":[{"count":1,"href":"https:\/\/akdenizolaygazetesi.com\/index.php?rest_route=\/wp\/v2\/posts\/21244\/revisions"}],"predecessor-version":[{"id":21246,"href":"https:\/\/akdenizolaygazetesi.com\/index.php?rest_route=\/wp\/v2\/posts\/21244\/revisions\/21246"}],"wp:featuredmedia":[{"embeddable":true,"href":"https:\/\/akdenizolaygazetesi.com\/index.php?rest_route=\/wp\/v2\/media\/21245"}],"wp:attachment":[{"href":"https:\/\/akdenizolaygazetesi.com\/index.php?rest_route=%2Fwp%2Fv2%2Fmedia&parent=21244"}],"wp:term":[{"taxonomy":"category","embeddable":true,"href":"https:\/\/akdenizolaygazetesi.com\/index.php?rest_route=%2Fwp%2Fv2%2Fcategories&post=21244"},{"taxonomy":"post_tag","embeddable":true,"href":"https:\/\/akdenizolaygazetesi.com\/index.php?rest_route=%2Fwp%2Fv2%2Ftags&post=21244"}],"curies":[{"name":"wp","href":"https:\/\/api.w.org\/{rel}","templated":true}]}}