{"id":21247,"date":"2022-09-26T16:41:14","date_gmt":"2022-09-26T13:41:14","guid":{"rendered":"http:\/\/akdenizolaygazetesi.com\/?p=21247"},"modified":"2022-09-26T16:41:14","modified_gmt":"2022-09-26T13:41:14","slug":"karaduvar-balik-festivalinde-cosku-ve-heyecan-hic-eksilmedi","status":"publish","type":"post","link":"https:\/\/akdenizolaygazetesi.com\/?p=21247","title":{"rendered":"KARADUVAR BALIK FEST\u0130VAL\u0130NDE CO\u015eKU VE HEYECAN H\u0130\u00c7 EKS\u0130LMED\u0130"},"content":{"rendered":"<p>Akdeniz Belediyesi\u2019nin 3\u2019\u00fcnc\u00fcs\u00fcn\u00fc organize etti\u011fi, lezzet ve e\u011flencenin bulu\u015ftu\u011fu Karaduvar Bal\u0131k Festivali, 2019 ve 2021 y\u0131llar\u0131nda d\u00fczenlenen festivallerde oldu\u011fu gibi yine her ya\u015ftan on binlerce insan\u0131n ilgi ve kat\u0131l\u0131m\u0131yla ger\u00e7ekle\u015fti. Festivale kat\u0131lan konuklara 10 tondan fazla bal\u0131k-ekmek ikram edildi.<br \/>\nAkdeniz Belediyesi K\u00fclt\u00fcr ve Sosyal \u0130\u015fler M\u00fcd\u00fcrl\u00fc\u011f\u00fc\u2019nce, K\u00fclt\u00fcr ve Turizm Bakanl\u0131\u011f\u0131\u2019n\u0131n da katk\u0131lar\u0131yla Karaduvar Mahallesi sahilinde ger\u00e7ekle\u015fen ve 2 g\u00fcn s\u00fcren Karaduvar Bal\u0131k Festivali\u2019nin 3\u2019\u00fcnc\u00fcs\u00fc de b\u00fcy\u00fck ses getirdi. Kent protokol\u00fcn\u00fc, askeri erk\u00e2n\u0131, siyasi parti, sivil toplum ve meslek \u00f6rg\u00fctleri temsilcilerini bulu\u015fturan co\u015fku ve heyecan\u0131n hi\u00e7 eksilmedi\u011fi festivale, her ya\u015ftan on binlerce insan, aileleri, \u00e7ocuklar\u0131 ve sevdikleriyle birlikte 2 g\u00fcn boyunca aral\u0131ks\u0131z ak\u0131n etti.<br \/>\nDev sardalya heykeli, Karaduvar\u2019\u0131n simgesi olacak<br \/>\nEtkinlikten bir g\u00fcn \u00f6nceki g\u00fcn, kent merkezinde ara\u00e7 korteji ile Mersinliler festivale davet edildi. 24 Eyl\u00fcl Cumartesi g\u00fcn\u00fc protokol \u00fcyeleri, vatanda\u015flar ve \u015fehir d\u0131\u015f\u0131ndan gelen konuklar\u0131n da kat\u0131l\u0131m\u0131yla yap\u0131lan kortej y\u00fcr\u00fcy\u00fc\u015f\u00fc ile Karaduvar Bal\u0131k Festivali start ald\u0131. Bulu\u015fmada, Toros \u00dcniversitesi\u2019nden Prof. Dr. U\u011furcan Aky\u00fcz ve ekibi taraf\u0131ndan geri d\u00f6n\u00fc\u015f\u00fcm malzemeleri kullan\u0131larak yap\u0131lan ve festivalin yap\u0131ld\u0131\u011f\u0131 alanda y\u00fckselen 3 ton a\u011f\u0131rl\u0131\u011f\u0131ndaki sardalya heykelinin a\u00e7\u0131l\u0131\u015f\u0131 yap\u0131ld\u0131.<br \/>\nKonuklara 10 tonu a\u015fk\u0131n bal\u0131k-ekmek da\u011f\u0131t\u0131ld\u0131<br \/>\nBu y\u0131lki festivalde konuklara 10 tonu a\u015fk\u0131n bal\u0131k ikram edildi. Vatanda\u015flar, bal\u0131k-ekmek ve \u015falgam almak i\u00e7in sahilde kurulan \u00e7ad\u0131r\u0131n \u00f6n\u00fcnde uzun kuyruklar olu\u015fturdu. \u0130ki g\u00fcn s\u00fcren festivalde on binlerce vatanda\u015f, Hakan Altun Konseri, Grup Kibrit Kutusu, Grup SoundRock ve Cemal K\u0131l\u0131n\u00e7er\u2019in m\u00fczik dinletisi ile co\u015ftu. Etkinli\u011fe ebeveynleri ile kat\u0131lan \u00e7ocuklar da farkl\u0131 etkinlik alanlar\u0131nda g\u00f6n\u00fcllerince e\u011flendi. Heyecan ve temponun hi\u00e7 d\u00fc\u015fmedi\u011fi festivalde flayboard g\u00f6sterisi, yelkenli yar\u0131\u015fmalar\u0131, savunma sanat\u0131 sporcular\u0131n\u0131n performanslar\u0131, bilgi ve bal\u0131k av\u0131 yar\u0131\u015fmalar\u0131, sihirbazl\u0131k g\u00f6sterileri, u\u00e7urtma \u015fenli\u011fi ile co\u015fkunun daha da artt\u0131\u011f\u0131 festival alan\u0131n\u0131, ilk g\u00fcn oldu\u011fu gibi 2\u2019nci g\u00fcnde de on binlerce insan ziyaret etti. Aileler, \u00e7ocuklar\u0131 ile birlikte deniz kenar\u0131nda hem g\u00f6n\u00fcllerince e\u011flendi, ikram edilen lezzet dolu sardalya-ekmek yemenin de keyfini ya\u015fad\u0131.<br \/>\nBal\u0131k\u00e7\u0131lar ve mahalle esnaf\u0131 festivalden \u00e7ok memnun kald\u0131<br \/>\nBal\u0131k festivalinden duyduklar\u0131 memnuniyeti dile getiren Karaduvar Mahallesi esnaf\u0131 ve alanda stant a\u00e7arak sat\u0131\u015f yapan kad\u0131nlar ve gen\u00e7ler, etkinli\u011fin; hem b\u00f6lgenin tan\u0131t\u0131m\u0131na hem de ekonomik canl\u0131l\u0131\u011f\u0131na b\u00fcy\u00fck katk\u0131 sa\u011flad\u0131\u011f\u0131n\u0131 belirterek Akdeniz Belediye Ba\u015fkan\u0131 G\u00fcltak\u2019\u0131 takdir ve tebrik ettiler. Mahallelerinde olu\u015fan kalabal\u0131k sayesinde \u00e7ok iyi sat\u0131\u015f yaparak kazan\u00e7 elde ettiklerini s\u00f6yleyen Karaduvar esnaf\u0131, festivalin gelecek y\u0131llarda da mutlaka d\u00fczenlenmesi gerekti\u011fini dile getirdiler.<br \/>\nBa\u015fkan G\u00fcltak; \u201c4\u2019\u00fcnc\u00fc bal\u0131k festivalimizde bulu\u015fmak dile\u011fiyle\u2026\u201d<br \/>\nKaraduvar Bal\u0131k Festivali\u2019nin geleneksel hale geldi\u011finin alt\u0131n\u0131 \u00e7izen Akdeniz Belediye Ba\u015fkan\u0131 M. Mustafa G\u00fcltak, on binlerce insan\u0131n bulu\u015fturan ve 10 tonu a\u015fk\u0131n bal\u0131k-ekme\u011fin ikram edildi\u011fi etkinli\u011fin 3\u2019\u00fcnc\u00fcs\u00fcn\u00fc ger\u00e7ekle\u015ftirmekten mutluluk duyduklar\u0131n\u0131 dile getirdi, eme\u011fi ge\u00e7en herkese te\u015fekk\u00fcr etti.<br \/>\nFestivale yo\u011fun ilgi g\u00f6steren vatanda\u015flara da ayr\u0131ca te\u015fekk\u00fcr eden Ba\u015fkan G\u00fcltak, \u201cKaraduvar Bal\u0131k festivalimizi art\u0131k t\u00fcm T\u00fcrkiye ve hatta d\u00fcnya biliyor. Festivalimizi farkl\u0131 \u015fehirlerden ve yurtd\u0131\u015f\u0131ndan da misafirlerimiz kat\u0131ld\u0131. Bal\u0131k\u00e7\u0131l\u0131\u011f\u0131n yan\u0131nda tar\u0131msal \u00fcretimde de \u00f6ne \u00e7\u0131kan Karaduvar Mahallemizin ad\u0131 Mersin s\u0131n\u0131rlar\u0131n\u0131 a\u015ft\u0131. B\u00f6ylesi \u00f6zel bir organizasyonu Karaduvar halk\u0131na, Akdeniz\u2019e ve Mersinlilere kazand\u0131rm\u0131\u015f olmaktan dolay\u0131 mutluyuz, gururluyuz. Seneye 4\u2019\u00fcnc\u00fc festivalimizde de yine halk\u0131m\u0131zla bir araya gelmek, lezzeti ve e\u011flenceyi bulu\u015fturan en g\u00fczel etkinli\u011fimizde yeniden bir arada olmak dile\u011fiyle herkese en kalbi sevgi ve sayg\u0131lar\u0131m\u0131 sunuyorum\u201d diye konu\u015ftu.<\/p>\n","protected":false},"excerpt":{"rendered":"<p>Akdeniz Belediyesi\u2019nin 3\u2019\u00fcnc\u00fcs\u00fcn\u00fc organize etti\u011fi, lezzet ve e\u011flencenin bulu\u015ftu\u011fu Karaduvar Bal\u0131k Festivali, 2019 ve 2021 y\u0131llar\u0131nda d\u00fczenlenen festivallerde oldu\u011fu gibi yine her ya\u015ftan on binlerce insan\u0131n ilgi ve kat\u0131l\u0131m\u0131yla ger\u00e7ekle\u015fti. &hellip; <a href=\"https:\/\/akdenizolaygazetesi.com\/?p=21247\" class=\"more-link\">Devam\u0131n\u0131 Oku&#8230;<\/a><\/p>\n","protected":false},"author":2,"featured_media":21248,"comment_status":"open","ping_status":"open","sticky":false,"template":"","format":"standard","meta":[],"categories":[8,34,2,3,5],"tags":[],"_links":{"self":[{"href":"https:\/\/akdenizolaygazetesi.com\/index.php?rest_route=\/wp\/v2\/posts\/21247"}],"collection":[{"href":"https:\/\/akdenizolaygazetesi.com\/index.php?rest_route=\/wp\/v2\/posts"}],"about":[{"href":"https:\/\/akdenizolaygazetesi.com\/index.php?rest_route=\/wp\/v2\/types\/post"}],"author":[{"embeddable":true,"href":"https:\/\/akdenizolaygazetesi.com\/index.php?rest_route=\/wp\/v2\/users\/2"}],"replies":[{"embeddable":true,"href":"https:\/\/akdenizolaygazetesi.com\/index.php?rest_route=%2Fwp%2Fv2%2Fcomments&post=21247"}],"version-history":[{"count":1,"href":"https:\/\/akdenizolaygazetesi.com\/index.php?rest_route=\/wp\/v2\/posts\/21247\/revisions"}],"predecessor-version":[{"id":21249,"href":"https:\/\/akdenizolaygazetesi.com\/index.php?rest_route=\/wp\/v2\/posts\/21247\/revisions\/21249"}],"wp:featuredmedia":[{"embeddable":true,"href":"https:\/\/akdenizolaygazetesi.com\/index.php?rest_route=\/wp\/v2\/media\/21248"}],"wp:attachment":[{"href":"https:\/\/akdenizolaygazetesi.com\/index.php?rest_route=%2Fwp%2Fv2%2Fmedia&parent=21247"}],"wp:term":[{"taxonomy":"category","embeddable":true,"href":"https:\/\/akdenizolaygazetesi.com\/index.php?rest_route=%2Fwp%2Fv2%2Fcategories&post=21247"},{"taxonomy":"post_tag","embeddable":true,"href":"https:\/\/akdenizolaygazetesi.com\/index.php?rest_route=%2Fwp%2Fv2%2Ftags&post=21247"}],"curies":[{"name":"wp","href":"https:\/\/api.w.org\/{rel}","templated":true}]}}