{"id":2125,"date":"2020-11-04T18:22:38","date_gmt":"2020-11-04T15:22:38","guid":{"rendered":"http:\/\/mersinekonomipolitikagazetesi.com\/?p=2125"},"modified":"2020-11-04T18:22:38","modified_gmt":"2020-11-04T15:22:38","slug":"sandik-guvenligi-icin-her-okula-bir-avukat","status":"publish","type":"post","link":"https:\/\/akdenizolaygazetesi.com\/?p=2125","title":{"rendered":"SANDIK G\u00dcVENL\u0130\u011e\u0130 \u0130\u00c7\u0130N HER OKULA  B\u0130R AVUKAT"},"content":{"rendered":"<p><span style=\"line-height: 1.6em;\">Mersin Barosu, 24 Haziran 2018 tarihinde yap\u0131lacak olan cumhurba\u015fkanl\u0131\u011f\u0131 ve milletvekili genel se\u00e7imlerinde sand\u0131k g\u00fcvenli\u011fini sa\u011flamak amac\u0131yla, her okula bir avukat g\u00f6revlendirmeye haz\u0131rlan\u0131yor. T\u00fcrkiye Barolar Birli\u011fi taraf\u0131ndan ba\u015flat\u0131lan \u2018Her Okula Bir Avukat Projesi\u2019 kapsam\u0131nda, Mersin Barosu taraf\u0131ndan sand\u0131kta g\u00f6revlendirilecek olan avukatlara \u2018Sand\u0131k M\u00fc\u015fahidi E\u011fitimi\u2019 verildi. Gelecekte \u00e7ocuklara \u00f6zg\u00fcr, ba\u011f\u0131ms\u0131z ve demokratik bir \u00fclke b\u0131rakmak i\u00e7in bu e\u011fitimi \u00e7ok \u00f6nemsediklerini s\u00f6yleyen Mersin Baro Ba\u015fkan\u0131 Av. Bilgin Ye\u015filbo\u011faz, \u201cGer\u00e7ek iradenin, adaletin ve hukukun tecelli etmesini istiyoruz\u201d dedi.<\/span><\/p>\n<p>Oy ve \u00d6tesi Do\u011fu Akdeniz B\u00f6lge Sorumlusu Sinem \u015eahpaz Yal\u00e7\u0131nkaya taraf\u0131ndan Mersin Barosu G\u00f6kdelen Hizmet Birimi\u2019nde verilen Sand\u0131k M\u00fc\u015fahidi E\u011fitimi\u2019ne, Mersin Barosu Ba\u015fkan\u0131 Av. Bilgin Ye\u015filbo\u011faz, avukatlar ve farkl\u0131 meslek gruplar\u0131n\u0131n kat\u0131ld\u0131.<\/p>\n<p>E\u011fitim \u00e7al\u0131\u015fmas\u0131n\u0131n a\u00e7\u0131l\u0131\u015f konu\u015fmas\u0131n\u0131 yapan Mersin Baro Ba\u015fkan\u0131 Av. Bilgin Ye\u015filbo\u011faz, 24 Haziran 2018 tarihinde \u00fclkemizin gelece\u011fi a\u00e7\u0131s\u0131ndan \u00e7ok \u00f6nemli bir se\u00e7im yap\u0131laca\u011f\u0131n\u0131 s\u00f6yleyerek, \u201cT\u00fcrkiye\u2019de ilk defa ba\u015fkanl\u0131k sisteminde se\u00e7im yap\u0131lacak. Bu se\u00e7imin \u00fclkemiz a\u00e7\u0131s\u0131ndan ne kadar \u00f6nemli oldu\u011funu bir\u00e7ok platformda defalarca anlatt\u0131k. Halk\u0131m\u0131z bu se\u00e7imde nas\u0131l bir sistem istedi\u011fine karar verecek. Hukuk\u00e7ular olarak, bu s\u00fcre\u00e7 i\u00e7erisinde ne yapabilirizi d\u00fc\u015f\u00fcnd\u00fck. Vatanda\u015f\u0131n \u00f6ncelikle \u00f6zg\u00fcr ve ba\u011f\u0131ms\u0131z bir \u015fekilde sand\u0131\u011fa gidebilmesi, sand\u0131kta ger\u00e7ek iradesini yans\u0131tmas\u0131 ve bu ger\u00e7ek iradesinin demokrasi \u00e7er\u00e7evesinde sonu\u00e7lara uymas\u0131n\u0131 sa\u011flayacak s\u00fcre\u00e7 i\u00e7erisindeki bu zincirin, zarar g\u00f6rmeden i\u015flemesini sa\u011flamak i\u00e7in bir e\u011fitim \u00e7al\u0131\u015fmas\u0131 ve bir faaliyet s\u00fcreci ba\u015flatt\u0131k\u201d diye konu\u015ftu.<\/p>\n<p>\u201c\u00dcLKEM\u0130Z\u0130N GELECE\u011e\u0130NDEN HEP\u0130M\u0130Z SORUMLUYUZ\u201d<\/p>\n<p>Sand\u0131k g\u00fcvenli\u011fi i\u00e7in hukuk\u00e7ulara d\u00fc\u015fen g\u00f6rev kadar ba\u015fka meslek gruplar\u0131na g\u00f6revler d\u00fc\u015ft\u00fc\u011f\u00fcn\u00fc ifade eden Baro B\u015fk. Ye\u015filbo\u011faz, \u00a0\u201cBizi hukuk\u00e7ulara d\u00fc\u015fen g\u00f6revin \u00f6nemini hepiniz biliyorsunuz. \u00d6nemli olan ger\u00e7ek iradenin, adaletin ve hukukun tecelli etmesidir. Bizim istedi\u011fimiz budur. Buraya b\u00fct\u00fcn meslekta\u015flar\u0131m\u0131z\u0131 davet ettik. Burada asla siyasi parti ve siyasi d\u00fc\u015f\u00fcnce g\u00f6zetmedik. Bu \u00fclke hepimizin, bu \u00fclkenin gelece\u011finden hepimiz sorumluyuz. Yar\u0131n \u00e7ocuklar\u0131m\u0131za \u00f6zg\u00fcr, ba\u011f\u0131ms\u0131z, demokratik ve \u00f6zg\u00fcrl\u00fc\u011fe a\u00e7\u0131lan bir \u00fclke b\u0131rakmay\u0131 d\u00fc\u015f\u00fcnd\u00fc\u011f\u00fcm\u00fcz i\u00e7in bu s\u00fcre\u00e7te Mersin Barosu olarak etkin bir \u015fekilde rol ald\u0131k. Bu e\u011fitim, se\u00e7im s\u00fcrecinde oy say\u0131m\u0131nda, oylar\u0131n heba edilmemesi i\u00e7in \u00e7ok \u00f6nemli. Bu e\u011fitim s\u00fcrecini bu nedenle \u00e7ok \u00f6nemsiyoruz\u201d ifadesini kulland\u0131.<\/p>\n<p>Konu\u015fman\u0131n ard\u0131ndan Oy ve \u00d6tesi Do\u011fu Akdeniz B\u00f6lge Sorumlusu Sinem \u015eahpaz Yal\u00e7\u0131nkaya taraf\u0131ndan verilen Sand\u0131k M\u00fc\u015fahidi E\u011fitimi\u2019nde, kat\u0131l\u0131mc\u0131lara sand\u0131k g\u00fcvenli\u011finin sa\u011flanmas\u0131 konusunda bilgiler verdi.<\/p>\n<p>\u00a0<\/p>\n","protected":false},"excerpt":{"rendered":"<p>Mersin Barosu, 24 Haziran 2018 tarihinde yap\u0131lacak olan cumhurba\u015fkanl\u0131\u011f\u0131 ve milletvekili genel se\u00e7imlerinde sand\u0131k g\u00fcvenli\u011fini sa\u011flamak amac\u0131yla, her okula bir avukat g\u00f6revlendirmeye haz\u0131rlan\u0131yor. T\u00fcrkiye Barolar Birli\u011fi taraf\u0131ndan ba\u015flat\u0131lan \u2018Her Okula &hellip; <a href=\"https:\/\/akdenizolaygazetesi.com\/?p=2125\" class=\"more-link\">Devam\u0131n\u0131 Oku&#8230;<\/a><\/p>\n","protected":false},"author":1,"featured_media":0,"comment_status":"open","ping_status":"open","sticky":false,"template":"","format":"standard","meta":[],"categories":[],"tags":[],"_links":{"self":[{"href":"https:\/\/akdenizolaygazetesi.com\/index.php?rest_route=\/wp\/v2\/posts\/2125"}],"collection":[{"href":"https:\/\/akdenizolaygazetesi.com\/index.php?rest_route=\/wp\/v2\/posts"}],"about":[{"href":"https:\/\/akdenizolaygazetesi.com\/index.php?rest_route=\/wp\/v2\/types\/post"}],"author":[{"embeddable":true,"href":"https:\/\/akdenizolaygazetesi.com\/index.php?rest_route=\/wp\/v2\/users\/1"}],"replies":[{"embeddable":true,"href":"https:\/\/akdenizolaygazetesi.com\/index.php?rest_route=%2Fwp%2Fv2%2Fcomments&post=2125"}],"version-history":[{"count":0,"href":"https:\/\/akdenizolaygazetesi.com\/index.php?rest_route=\/wp\/v2\/posts\/2125\/revisions"}],"wp:attachment":[{"href":"https:\/\/akdenizolaygazetesi.com\/index.php?rest_route=%2Fwp%2Fv2%2Fmedia&parent=2125"}],"wp:term":[{"taxonomy":"category","embeddable":true,"href":"https:\/\/akdenizolaygazetesi.com\/index.php?rest_route=%2Fwp%2Fv2%2Fcategories&post=2125"},{"taxonomy":"post_tag","embeddable":true,"href":"https:\/\/akdenizolaygazetesi.com\/index.php?rest_route=%2Fwp%2Fv2%2Ftags&post=2125"}],"curies":[{"name":"wp","href":"https:\/\/api.w.org\/{rel}","templated":true}]}}