{"id":21250,"date":"2022-09-27T11:22:49","date_gmt":"2022-09-27T08:22:49","guid":{"rendered":"http:\/\/akdenizolaygazetesi.com\/?p=21250"},"modified":"2022-09-27T11:22:49","modified_gmt":"2022-09-27T08:22:49","slug":"baskan-abdullah-ozyigit-teror-saldirisini-lanetledi","status":"publish","type":"post","link":"https:\/\/akdenizolaygazetesi.com\/?p=21250","title":{"rendered":"Ba\u015fkan Abdullah \u00d6zyi\u011fit, ter\u00f6r sald\u0131r\u0131s\u0131n\u0131 lanetledi"},"content":{"rendered":"<p>Mersin Yeni\u015fehir Belediye Ba\u015fkan\u0131 Abdullah \u00d6zyi\u011fit, Mezitli il\u00e7esine ba\u011fl\u0131 Tece Mahallesi\u2019ndeki Polisevi\u2019ne yap\u0131lan ter\u00f6r sald\u0131r\u0131s\u0131n\u0131 lanetledi. Ba\u015fkan Abdullah \u00d6zyi\u011fit, sald\u0131r\u0131da \u015fehit olan polis memuru Sedat Gezer\u2019e Allah\u2019tan rahmet, tedavisi devam eden polis memuru ve yaral\u0131 vatanda\u015flara da acil \u015fifalar diledi.<br \/>\nYeni\u015fehir Belediye Ba\u015fkan\u0131 Abdullah \u00d6zyi\u011fit, yapt\u0131\u011f\u0131 a\u00e7\u0131klamada \u201cPolisevimize yap\u0131lan hain ter\u00f6r sald\u0131r\u0131s\u0131 sonucunda \u015fehit olan polisimiz Sedat Gezer\u2019a Allah\u2019tan rahmet, ailesine ve yak\u0131nlar\u0131na sab\u0131r ve ba\u015fsa\u011fl\u0131\u011f\u0131 diliyorum. Ayn\u0131 sald\u0131r\u0131da yaralanan polis memurumuz ve vatanda\u015flar\u0131m\u0131za acil \u015fifalar diliyorum. B\u00fcy\u00fck bir \u00fcz\u00fcnt\u00fc i\u00e7erisindeyiz. Ter\u00f6r\u00fcn her t\u00fcrl\u00fcs\u00fcn\u00fc ve bu sald\u0131r\u0131y\u0131 ger\u00e7ekle\u015ftirenleri lanetliyorum.\u201d ifadelerini kulland\u0131. <\/p>\n","protected":false},"excerpt":{"rendered":"<p>Mersin Yeni\u015fehir Belediye Ba\u015fkan\u0131 Abdullah \u00d6zyi\u011fit, Mezitli il\u00e7esine ba\u011fl\u0131 Tece Mahallesi\u2019ndeki Polisevi\u2019ne yap\u0131lan ter\u00f6r sald\u0131r\u0131s\u0131n\u0131 lanetledi. Ba\u015fkan Abdullah \u00d6zyi\u011fit, sald\u0131r\u0131da \u015fehit olan polis memuru Sedat Gezer\u2019e Allah\u2019tan rahmet, tedavisi devam &hellip; <a href=\"https:\/\/akdenizolaygazetesi.com\/?p=21250\" class=\"more-link\">Devam\u0131n\u0131 Oku&#8230;<\/a><\/p>\n","protected":false},"author":2,"featured_media":21251,"comment_status":"open","ping_status":"open","sticky":false,"template":"","format":"standard","meta":[],"categories":[3,5],"tags":[],"_links":{"self":[{"href":"https:\/\/akdenizolaygazetesi.com\/index.php?rest_route=\/wp\/v2\/posts\/21250"}],"collection":[{"href":"https:\/\/akdenizolaygazetesi.com\/index.php?rest_route=\/wp\/v2\/posts"}],"about":[{"href":"https:\/\/akdenizolaygazetesi.com\/index.php?rest_route=\/wp\/v2\/types\/post"}],"author":[{"embeddable":true,"href":"https:\/\/akdenizolaygazetesi.com\/index.php?rest_route=\/wp\/v2\/users\/2"}],"replies":[{"embeddable":true,"href":"https:\/\/akdenizolaygazetesi.com\/index.php?rest_route=%2Fwp%2Fv2%2Fcomments&post=21250"}],"version-history":[{"count":1,"href":"https:\/\/akdenizolaygazetesi.com\/index.php?rest_route=\/wp\/v2\/posts\/21250\/revisions"}],"predecessor-version":[{"id":21252,"href":"https:\/\/akdenizolaygazetesi.com\/index.php?rest_route=\/wp\/v2\/posts\/21250\/revisions\/21252"}],"wp:featuredmedia":[{"embeddable":true,"href":"https:\/\/akdenizolaygazetesi.com\/index.php?rest_route=\/wp\/v2\/media\/21251"}],"wp:attachment":[{"href":"https:\/\/akdenizolaygazetesi.com\/index.php?rest_route=%2Fwp%2Fv2%2Fmedia&parent=21250"}],"wp:term":[{"taxonomy":"category","embeddable":true,"href":"https:\/\/akdenizolaygazetesi.com\/index.php?rest_route=%2Fwp%2Fv2%2Fcategories&post=21250"},{"taxonomy":"post_tag","embeddable":true,"href":"https:\/\/akdenizolaygazetesi.com\/index.php?rest_route=%2Fwp%2Fv2%2Ftags&post=21250"}],"curies":[{"name":"wp","href":"https:\/\/api.w.org\/{rel}","templated":true}]}}