{"id":21262,"date":"2022-09-27T11:29:03","date_gmt":"2022-09-27T08:29:03","guid":{"rendered":"http:\/\/akdenizolaygazetesi.com\/?p=21262"},"modified":"2022-09-27T11:29:03","modified_gmt":"2022-09-27T08:29:03","slug":"mutlu-ureticiye-buyuk-kolaylik","status":"publish","type":"post","link":"https:\/\/akdenizolaygazetesi.com\/?p=21262","title":{"rendered":"MUTLU \u00dcRET\u0130C\u0130YE B\u00dcY\u00dcK KOLAYLIK"},"content":{"rendered":"<p>Mersin B\u00fcy\u00fck\u015fehir Belediyesi Yol Yap\u0131m Bak\u0131m ve Onar\u0131m Dairesi ekipleri, \u00fcreticilerin Mut Hali&#8217;ne ula\u015fmas\u0131na alternatif bir yol kazand\u0131racak ve kent trafi\u011fine nefes ald\u0131racak Fatma T\u00fcrkon K\u00f6pr\u00fcs\u00fc&#8217;n\u00fcn yap\u0131m \u00e7al\u0131\u015fmalar\u0131na ba\u015flad\u0131. K\u00f6pr\u00fcn\u00fcn aral\u0131ks\u0131z s\u00fcren \u00e7al\u0131\u015fmalar sonucunda, 2 ay i\u00e7erisinde tamamlanmas\u0131 hedefleniyor.<br \/>\nK\u0131sa s\u00fcrede tamamlan\u0131p Mutlu vatanda\u015flar\u0131n hizmetine sunulacak k\u00f6pr\u00fc \u00e7al\u0131\u015fmas\u0131yla, G\u00fcll\u00fck ve Yazalan\u0131 Mahalleleri Cumhuriyet Mahallesi&#8217;ne ba\u011flanacak ve okul servislerinin de aktif olarak kullanaca\u011f\u0131 alternatif bir yol a\u00e7\u0131lm\u0131\u015f olacak. Yine bir\u00e7ok mahalleye alternatif yol olacak Fatma T\u00fcrkon K\u00f6pr\u00fcs\u00fc, 28 metre uzunlu\u011funda ve 15 metre geni\u015fli\u011finde tasarland\u0131. \u00c7al\u0131\u015fmalar\u0131n sonucunda vatanda\u015flar i\u00e7in rahat ve konforlu ula\u015f\u0131m imkan\u0131 sa\u011flanmas\u0131 ama\u00e7lan\u0131yor. Ayr\u0131ca k\u00f6pr\u00fcn\u00fcn tamamlanmas\u0131 ile K\u0131robas\u0131 yoluna ba\u011flant\u0131 sa\u011flanacak olup, o b\u00f6lgede bulunan Kelecek\u00f6y, \u00c7alt\u0131l\u0131, Ba\u011fca\u011f\u0131z, Hac\u0131ahmetli, Derek\u00f6y, Narl\u0131, Pamuklu, \u00c7ukurba\u011f, \u00c7\u00f6melek ve \u0130brahimli k\u00f6ylerine ula\u015f\u0131mda da kolayl\u0131k sa\u011flanacak.<br \/>\nBa\u015f: &#8220;Bir\u00e7ok mahallemizin ana ba\u011flant\u0131 noktas\u0131 buras\u0131 olacak&#8221;<br \/>\nMut&#8217;ta vatanda\u015flar\u0131n taleplerini kar\u015f\u0131lamak ad\u0131na 7\/24 \u00e7al\u0131\u015fmalar\u0131n\u0131 s\u00fcrd\u00fcrd\u00fcklerini s\u00f6yleyen Mersin B\u00fcy\u00fck\u015fehir Belediyesi Mut Koordinasyon \u015eube M\u00fcd\u00fcr\u00fc Ferruh Ba\u015f, &#8220;Fatma T\u00fcrkon K\u00f6pr\u00fcs\u00fc, \u00f6ncelikle il\u00e7emiz i\u00e7in \u00e7ok \u00f6nem arz etmekte. Bir\u00e7ok mahallemizin ana ba\u011flant\u0131 noktas\u0131 buras\u0131 olacak. Ayn\u0131 zamanda il\u00e7e trafi\u011fini de hafifletecek. 2021 y\u0131l\u0131nda B\u00fcy\u00fck\u015fehir Belediyesi taraf\u0131ndan, \u00fcreticilerimize yeni hastane yolundan halimize sathi kaplama bir yol yap\u0131lm\u0131\u015ft\u0131. Orada \u00fcreticilerimiz biraz rahatlam\u0131\u015ft\u0131. \u015eimdi bunu daha da ileriye ta\u015f\u0131yarak, Silifke Mut istikametinde bulunan Hocal\u0131, Haydar, \u00c7ortak, \u00c7a\u011flayangedik, K\u0131\u015flak\u00f6y, Kurtsuyu, Hisark\u00f6y, G\u00f6cekler, Tu\u011frul, Kemenli, Karadiken, K\u00f6selerli, \u00d6zk\u00f6y, A\u015fa\u011f\u0131k\u00f6selerli, Hac\u0131sait, G\u00fczelk\u00f6y, Ye\u015filk\u00f6y, Sar\u0131veliler, Ceritler, Mucuk, Yukar\u0131k\u00f6selerli, Irmakl\u0131, Palantepe ve Elbeyli mahallelerinin \u00fcretti\u011fi \u00fcr\u00fcnleri, bu k\u00f6pr\u00fc sayesinde alternatif yol olarak yine hale ta\u015f\u0131yaca\u011f\u0131z&#8221;dedi.<br \/>\nDuman:&#8221;\u00c7al\u0131\u015fmalar\u0131m\u0131z\u0131 2 ay i\u00e7inde bitirmeyi hedefliyoruz&#8221;<br \/>\nB\u00fcy\u00fck\u015fehir Belediyesi Mut \u015eube M\u00fcd\u00fcrl\u00fc\u011f\u00fc&#8217;nde \u0130n\u015faat M\u00fchendisi olarak g\u00f6rev yapan B\u00fc\u015fra Duman, &#8220;Fatma T\u00fcrkon K\u00f6pr\u00fcs\u00fc yap\u0131m \u00e7al\u0131\u015fmalar\u0131n\u0131n ikinci a\u015famas\u0131nday\u0131z. \u0130stinat duvar\u0131 \u00e7al\u0131\u015fmalar\u0131m\u0131z devam ediyor. K\u00f6pr\u00fcm\u00fcz 28 metre a\u00e7\u0131kl\u0131\u011f\u0131nda, 15 metre geni\u015fli\u011finde olacak. Bu k\u00f6pr\u00fc ile G\u00fcll\u00fck ve Yazalan\u0131 Mahalleleri, Cumhuriyet Mahallesi&#8217;ne ba\u011flanm\u0131\u015f olacak. \u00c7al\u0131\u015fmam\u0131z\u0131 2 ay i\u00e7erisinde bitirip, vatanda\u015flar\u0131m\u0131z\u0131n hizmetine sunmay\u0131 hedefliyoruz&#8221; dedi.<br \/>\nKestel:&#8221;\u00dcreticilerimize g\u00fczel bir hizmet olacak&#8221;<br \/>\nMut il\u00e7esi Cumhuriyet Mahalle Muhtar\u0131 Ali Kestel, &#8220;Biz buras\u0131 i\u00e7in daha \u00f6nce, Vahap Ba\u015fkan\u0131m\u0131zdan \u00e7evre yolu ve hastane yolunu istemi\u015ftik. Sa\u011f olsun bizi k\u0131rmad\u0131lar, dile\u011fimizi ger\u00e7ekle\u015ftirdiler. Oras\u0131 Mut trafi\u011fine \u00e7ok g\u00fczel bir cevap verdi ve rahatlatt\u0131. Fatma T\u00fcrkon K\u00f6pr\u00fcs\u00fc i\u00e7in de Ba\u015fkan\u0131m\u0131za rica ettik ve &#8216;Ben oran\u0131n takip\u00e7isiyim muhtar\u0131m, mutlaka yapaca\u011f\u0131z&#8217; dedi. Bu k\u00f6pr\u00fcn\u00fcn de Mut trafi\u011fine ve \u00fcreticilerimize g\u00fczel bir hizmet olaca\u011f\u0131n\u0131 d\u00fc\u015f\u00fcn\u00fcyorum&#8221; diye konu\u015ftu.<br \/>\nYaman: &#8220;Biz y\u0131llard\u0131r bu k\u00f6pr\u00fcy\u00fc bekliyorduk&#8221;<br \/>\nYazalan\u0131 Mahalle Muhtar\u0131 Ali Yaman ise, &#8220;Fatma T\u00fcrkon K\u00f6pr\u00fcs\u00fc bizim i\u00e7in \u00e7ok de\u011ferli. Kay\u0131s\u0131m\u0131z\u0131, zeytinimizi toptanc\u0131 haline g\u00f6t\u00fcrmemiz i\u00e7in trafi\u011fi \u00e7ok rahatlatacak. \u00d6nceden biz \u00e7ar\u015f\u0131n\u0131n i\u00e7ine giriyorduk, \u0131\u015f\u0131klar\u0131 bekliyorduk, \u0131\u015f\u0131klardan toptanc\u0131 halimize gidiyorduk. Ama bu k\u00f6pr\u00fc faaliyete ge\u00e7erse; hi\u00e7 zorluk \u00e7ekmeden toptanc\u0131 halimize gidece\u011fiz. \u00dcreticilerimiz rahatl\u0131kla bu yolu kullanabilecek. Biz y\u0131llard\u0131r bu k\u00f6pr\u00fcy\u00fc bekledik. Sa\u011f olsun, Vahap Ba\u015fkan\u0131m\u0131za s\u00f6yledik muhtarlar olarak. Kendisi de ilgilendi, \u00e7ok te\u015fekk\u00fcr ederim&#8221; ifadelerini kulland\u0131.<\/p>\n","protected":false},"excerpt":{"rendered":"<p>Mersin B\u00fcy\u00fck\u015fehir Belediyesi Yol Yap\u0131m Bak\u0131m ve Onar\u0131m Dairesi ekipleri, \u00fcreticilerin Mut Hali&#8217;ne ula\u015fmas\u0131na alternatif bir yol kazand\u0131racak ve kent trafi\u011fine nefes ald\u0131racak Fatma T\u00fcrkon K\u00f6pr\u00fcs\u00fc&#8217;n\u00fcn yap\u0131m \u00e7al\u0131\u015fmalar\u0131na ba\u015flad\u0131. K\u00f6pr\u00fcn\u00fcn &hellip; <a href=\"https:\/\/akdenizolaygazetesi.com\/?p=21262\" class=\"more-link\">Devam\u0131n\u0131 Oku&#8230;<\/a><\/p>\n","protected":false},"author":2,"featured_media":21263,"comment_status":"open","ping_status":"open","sticky":false,"template":"","format":"standard","meta":[],"categories":[2,3,5],"tags":[],"_links":{"self":[{"href":"https:\/\/akdenizolaygazetesi.com\/index.php?rest_route=\/wp\/v2\/posts\/21262"}],"collection":[{"href":"https:\/\/akdenizolaygazetesi.com\/index.php?rest_route=\/wp\/v2\/posts"}],"about":[{"href":"https:\/\/akdenizolaygazetesi.com\/index.php?rest_route=\/wp\/v2\/types\/post"}],"author":[{"embeddable":true,"href":"https:\/\/akdenizolaygazetesi.com\/index.php?rest_route=\/wp\/v2\/users\/2"}],"replies":[{"embeddable":true,"href":"https:\/\/akdenizolaygazetesi.com\/index.php?rest_route=%2Fwp%2Fv2%2Fcomments&post=21262"}],"version-history":[{"count":1,"href":"https:\/\/akdenizolaygazetesi.com\/index.php?rest_route=\/wp\/v2\/posts\/21262\/revisions"}],"predecessor-version":[{"id":21264,"href":"https:\/\/akdenizolaygazetesi.com\/index.php?rest_route=\/wp\/v2\/posts\/21262\/revisions\/21264"}],"wp:featuredmedia":[{"embeddable":true,"href":"https:\/\/akdenizolaygazetesi.com\/index.php?rest_route=\/wp\/v2\/media\/21263"}],"wp:attachment":[{"href":"https:\/\/akdenizolaygazetesi.com\/index.php?rest_route=%2Fwp%2Fv2%2Fmedia&parent=21262"}],"wp:term":[{"taxonomy":"category","embeddable":true,"href":"https:\/\/akdenizolaygazetesi.com\/index.php?rest_route=%2Fwp%2Fv2%2Fcategories&post=21262"},{"taxonomy":"post_tag","embeddable":true,"href":"https:\/\/akdenizolaygazetesi.com\/index.php?rest_route=%2Fwp%2Fv2%2Ftags&post=21262"}],"curies":[{"name":"wp","href":"https:\/\/api.w.org\/{rel}","templated":true}]}}