{"id":21265,"date":"2022-09-27T11:30:42","date_gmt":"2022-09-27T08:30:42","guid":{"rendered":"http:\/\/akdenizolaygazetesi.com\/?p=21265"},"modified":"2022-09-27T11:30:42","modified_gmt":"2022-09-27T08:30:42","slug":"akdeniz-belediye-baskani-gultak-polisevine-yapilan-saldiriyi-kinadi","status":"publish","type":"post","link":"https:\/\/akdenizolaygazetesi.com\/?p=21265","title":{"rendered":"AKDEN\u0130Z BELED\u0130YE BA\u015eKANI G\u00dcLTAK, POL\u0130SEV\u0130NE YAPILAN SALDIRIYI KINADI"},"content":{"rendered":"<p>Ba\u015fkan G\u00fcltak, Mezitli Tece\u2019de bulunan polisevine gece saatlerinde yap\u0131lan ve 1 polisin \u015fehit oldu\u011fu 1 polisin de yaraland\u0131\u011f\u0131 ter\u00f6r sald\u0131r\u0131s\u0131n\u0131 k\u0131nad\u0131; \u201cBu hain ve al\u00e7ak sald\u0131r\u0131n\u0131n arkas\u0131ndaki kirli eller adalet \u00f6n\u00fcnde mutlaka hesap verecektir. Hi\u00e7 kimse bar\u0131\u015f, karde\u015flik ve huzurumuzu bozamayacak\u201d dedi.<br \/>\n\u0130\u00e7i\u015fleri Bakan\u0131 S\u00fcleyman Soylu ile birlikte, gece saatlerinde sald\u0131r\u0131n\u0131n ya\u015fand\u0131\u011f\u0131 polisevine giden Akdeniz Belediye Ba\u015fkan\u0131 M. Mustafa Ba\u015fkan G\u00fcltak, yapt\u0131\u011f\u0131 a\u00e7\u0131klamada; \u201cAc\u0131 haberi al\u0131r almaz polisevimize do\u011fru hareket ettik. Al\u00e7ak\u00e7a ve korkak\u00e7a yap\u0131lan hain sald\u0131r\u0131y\u0131 lanetliyor, \u015fehit polis memurumuz Sedat Gezer\u2019e Allah\u2019tan rahmet, ailesine sonsuz sab\u0131r ve metanet diliyorum. Sald\u0131r\u0131da yaralanan polislerimiz ve vatanda\u015flar\u0131m\u0131za acil \u015fifalar diliyorum. Devletimiz, bu menfur sald\u0131r\u0131n\u0131n ard\u0131ndaki hain elleri ortaya \u00e7\u0131kar\u0131p gerekli cezay\u0131 en k\u0131sa s\u00fcrede verecektir\u201d diye konu\u015ftu.<br \/>\nA\u00e7\u0131klamas\u0131n\u0131; \u201cHer t\u00fcrl\u00fc ter\u00f6r\u00fc kollayanlar\u0131 ve ter\u00f6rden nemalananlar\u0131 lanetliyor ve \u015fiddetle k\u0131n\u0131yorum\u201d \u015feklinde s\u00fcrd\u00fcren Ba\u015fkan G\u00fcltak; \u201cHi\u00e7 kimse devletimiz, milletimiz ve ortak gelece\u011fimiz \u00fczerinden kendince oyun planlar\u0131 kuramayacakt\u0131r. Ter\u00f6r \u00f6rg\u00fctleri bilsinler ki hain emellerine asla ula\u015famayacak, bar\u0131\u015f ve karde\u015flik kentimiz Mersin\u2019de hi\u00e7 kimse huzurumuzu bozamayacaklard\u0131r. Polislerimize y\u00f6nelik al\u00e7ak\u00e7a yap\u0131lan sald\u0131r\u0131n\u0131n arkas\u0131ndaki kirli eller en k\u0131sa s\u00fcrede ortaya \u00e7\u0131kar\u0131l\u0131p yarg\u0131 \u00f6n\u00fcnde Milletimize hesap verecektir\u201d ifadelerini kulland\u0131.<br \/>\nAkdeniz Belediye Ba\u015fkan\u0131 Mustafa G\u00fcltak, olay yerinde bilgi ald\u0131ktan sonra yine \u0130\u00e7i\u015fleri Bakan\u0131 S\u00fcleyman Soylu ve beraberindeki heyetle birlikte hastaneye giderek sald\u0131r\u0131da yaralanan polis memurlar\u0131n\u0131 ziyaret etti.<\/p>\n","protected":false},"excerpt":{"rendered":"<p>Ba\u015fkan G\u00fcltak, Mezitli Tece\u2019de bulunan polisevine gece saatlerinde yap\u0131lan ve 1 polisin \u015fehit oldu\u011fu 1 polisin de yaraland\u0131\u011f\u0131 ter\u00f6r sald\u0131r\u0131s\u0131n\u0131 k\u0131nad\u0131; \u201cBu hain ve al\u00e7ak sald\u0131r\u0131n\u0131n arkas\u0131ndaki kirli eller adalet &hellip; <a href=\"https:\/\/akdenizolaygazetesi.com\/?p=21265\" class=\"more-link\">Devam\u0131n\u0131 Oku&#8230;<\/a><\/p>\n","protected":false},"author":2,"featured_media":21266,"comment_status":"open","ping_status":"open","sticky":false,"template":"","format":"standard","meta":[],"categories":[2,3,5],"tags":[],"_links":{"self":[{"href":"https:\/\/akdenizolaygazetesi.com\/index.php?rest_route=\/wp\/v2\/posts\/21265"}],"collection":[{"href":"https:\/\/akdenizolaygazetesi.com\/index.php?rest_route=\/wp\/v2\/posts"}],"about":[{"href":"https:\/\/akdenizolaygazetesi.com\/index.php?rest_route=\/wp\/v2\/types\/post"}],"author":[{"embeddable":true,"href":"https:\/\/akdenizolaygazetesi.com\/index.php?rest_route=\/wp\/v2\/users\/2"}],"replies":[{"embeddable":true,"href":"https:\/\/akdenizolaygazetesi.com\/index.php?rest_route=%2Fwp%2Fv2%2Fcomments&post=21265"}],"version-history":[{"count":1,"href":"https:\/\/akdenizolaygazetesi.com\/index.php?rest_route=\/wp\/v2\/posts\/21265\/revisions"}],"predecessor-version":[{"id":21267,"href":"https:\/\/akdenizolaygazetesi.com\/index.php?rest_route=\/wp\/v2\/posts\/21265\/revisions\/21267"}],"wp:featuredmedia":[{"embeddable":true,"href":"https:\/\/akdenizolaygazetesi.com\/index.php?rest_route=\/wp\/v2\/media\/21266"}],"wp:attachment":[{"href":"https:\/\/akdenizolaygazetesi.com\/index.php?rest_route=%2Fwp%2Fv2%2Fmedia&parent=21265"}],"wp:term":[{"taxonomy":"category","embeddable":true,"href":"https:\/\/akdenizolaygazetesi.com\/index.php?rest_route=%2Fwp%2Fv2%2Fcategories&post=21265"},{"taxonomy":"post_tag","embeddable":true,"href":"https:\/\/akdenizolaygazetesi.com\/index.php?rest_route=%2Fwp%2Fv2%2Ftags&post=21265"}],"curies":[{"name":"wp","href":"https:\/\/api.w.org\/{rel}","templated":true}]}}