{"id":21278,"date":"2022-09-28T13:04:45","date_gmt":"2022-09-28T10:04:45","guid":{"rendered":"http:\/\/akdenizolaygazetesi.com\/?p=21278"},"modified":"2022-09-28T13:04:45","modified_gmt":"2022-09-28T10:04:45","slug":"genel-mudur-yardimcisi-mersinde-2","status":"publish","type":"post","link":"https:\/\/akdenizolaygazetesi.com\/?p=21278","title":{"rendered":"Genel M\u00fcd\u00fcr Yard\u0131mc\u0131s\u0131 Mersin\u2019de"},"content":{"rendered":"<p>Orman Genel M\u00fcd\u00fcr Yard\u0131mc\u0131s\u0131 \u0130brahim Y\u00fczer, Mersin Orman B\u00f6lge M\u00fcd\u00fcr\u00fc Mustafa Yal\u00e7\u0131n\u2019\u0131 makam\u0131nda ziyaret etti.<br \/>\nGenel M\u00fcd\u00fcr Yard\u0131mc\u0131m\u0131z\u0131, Mersin Orman B\u00f6lge M\u00fcd\u00fcr\u00fc Mustafa Yal\u00e7\u0131n, B\u00f6lge M\u00fcd\u00fcr Yard\u0131mc\u0131lar\u0131m\u0131z Mehmet Fulin ve Beyhan Alt\u0131nta\u015f, Bas\u0131n ve \u0130leti\u015fim \u015eube M\u00fcd\u00fcr\u00fc Abdurrahman Sezer, Orman Yang\u0131nlar\u0131yla M\u00fccadele \u015eube M\u00fcd\u00fcr\u00fc Mehmet Alper ve m\u00fchendisler kar\u015f\u0131lad\u0131.<\/p>\n<p>Genel M\u00fcd\u00fcr Yard\u0131mc\u0131s\u0131 \u0130brahim Y\u00fczer aday m\u00fchendislerin hizmet i\u00e7i e\u011fitimlerine kat\u0131larak \u201cTe\u015fkilat\u0131m\u0131z disiplin ve kurallar \u00fczerine oturtulmu\u015f, belli bir k\u00fclt\u00fcr\u00fc olan bir te\u015fkilat sizde bu k\u00fclt\u00fcr\u00fcn tamamlay\u0131c\u0131s\u0131s\u0131n\u0131z. Mesle\u011fimizin ve ormanc\u0131l\u0131\u011f\u0131m\u0131z\u0131n gelece\u011fe ta\u015f\u0131nmas\u0131 g\u00f6revini, bizlerden sonra siz devralacaks\u0131n\u0131z. Bundan sonra t\u00fcm ya\u015fam\u0131n\u0131z boyunca, ailenizle birlikte sizlere sa\u011fl\u0131k ve huzur diliyorum. Ailemize kat\u0131ld\u0131\u011f\u0131n\u0131z i\u00e7in ho\u015f geldiniz diyor te\u015fekk\u00fcr ediyorum\u201d dedi. Genel M\u00fcd\u00fcr Yard\u0131mc\u0131s\u0131 \u0130brahim Y\u00fczer, B\u00f6lge M\u00fcd\u00fcr\u00fc Yal\u00e7\u0131n\u2019a \u00e7al\u0131\u015fmalar\u0131nda ba\u015far\u0131lar diledi.<\/p>\n<p>Mersin Orman B\u00f6lge M\u00fcd\u00fcrl\u00fc\u011f\u00fc olarak bu nazik ziyaretleri i\u00e7in kendilerine te\u015fekk\u00fcr ederiz.<\/p>\n","protected":false},"excerpt":{"rendered":"<p>Orman Genel M\u00fcd\u00fcr Yard\u0131mc\u0131s\u0131 \u0130brahim Y\u00fczer, Mersin Orman B\u00f6lge M\u00fcd\u00fcr\u00fc Mustafa Yal\u00e7\u0131n\u2019\u0131 makam\u0131nda ziyaret etti. Genel M\u00fcd\u00fcr Yard\u0131mc\u0131m\u0131z\u0131, Mersin Orman B\u00f6lge M\u00fcd\u00fcr\u00fc Mustafa Yal\u00e7\u0131n, B\u00f6lge M\u00fcd\u00fcr Yard\u0131mc\u0131lar\u0131m\u0131z Mehmet Fulin ve &hellip; <a href=\"https:\/\/akdenizolaygazetesi.com\/?p=21278\" class=\"more-link\">Devam\u0131n\u0131 Oku&#8230;<\/a><\/p>\n","protected":false},"author":2,"featured_media":21279,"comment_status":"open","ping_status":"open","sticky":false,"template":"","format":"standard","meta":[],"categories":[2,3,5],"tags":[],"_links":{"self":[{"href":"https:\/\/akdenizolaygazetesi.com\/index.php?rest_route=\/wp\/v2\/posts\/21278"}],"collection":[{"href":"https:\/\/akdenizolaygazetesi.com\/index.php?rest_route=\/wp\/v2\/posts"}],"about":[{"href":"https:\/\/akdenizolaygazetesi.com\/index.php?rest_route=\/wp\/v2\/types\/post"}],"author":[{"embeddable":true,"href":"https:\/\/akdenizolaygazetesi.com\/index.php?rest_route=\/wp\/v2\/users\/2"}],"replies":[{"embeddable":true,"href":"https:\/\/akdenizolaygazetesi.com\/index.php?rest_route=%2Fwp%2Fv2%2Fcomments&post=21278"}],"version-history":[{"count":1,"href":"https:\/\/akdenizolaygazetesi.com\/index.php?rest_route=\/wp\/v2\/posts\/21278\/revisions"}],"predecessor-version":[{"id":21280,"href":"https:\/\/akdenizolaygazetesi.com\/index.php?rest_route=\/wp\/v2\/posts\/21278\/revisions\/21280"}],"wp:featuredmedia":[{"embeddable":true,"href":"https:\/\/akdenizolaygazetesi.com\/index.php?rest_route=\/wp\/v2\/media\/21279"}],"wp:attachment":[{"href":"https:\/\/akdenizolaygazetesi.com\/index.php?rest_route=%2Fwp%2Fv2%2Fmedia&parent=21278"}],"wp:term":[{"taxonomy":"category","embeddable":true,"href":"https:\/\/akdenizolaygazetesi.com\/index.php?rest_route=%2Fwp%2Fv2%2Fcategories&post=21278"},{"taxonomy":"post_tag","embeddable":true,"href":"https:\/\/akdenizolaygazetesi.com\/index.php?rest_route=%2Fwp%2Fv2%2Ftags&post=21278"}],"curies":[{"name":"wp","href":"https:\/\/api.w.org\/{rel}","templated":true}]}}