{"id":21281,"date":"2022-09-28T16:46:50","date_gmt":"2022-09-28T13:46:50","guid":{"rendered":"http:\/\/akdenizolaygazetesi.com\/?p=21281"},"modified":"2022-09-28T16:46:50","modified_gmt":"2022-09-28T13:46:50","slug":"zabita-sokakta-benim-temsilcim-ve-yuzum","status":"publish","type":"post","link":"https:\/\/akdenizolaygazetesi.com\/?p=21281","title":{"rendered":"&#8220;ZABITA, SOKAKTA BEN\u0130M TEMS\u0130LC\u0130M VE Y\u00dcZ\u00dcM&#8221;"},"content":{"rendered":"<p>Mersin B\u00fcy\u00fck\u015fehir Belediye Ba\u015fkan\u0131 Vahap Se\u00e7er, Zab\u0131ta Haftas\u0131 dolay\u0131s\u0131yla ge\u00e7ti\u011fimiz g\u00fcnlerde kendisini ziyaret eden Zab\u0131ta Dairesi Ba\u015fkanl\u0131\u011f\u0131 personeline iade-i ziyarette bulundu. Ba\u015fkan Se\u00e7er, &#8220;Vatanda\u015fla y\u00fcz y\u00fcze hizmet veren birimlerimiz, benim asl\u0131nda bir anlamda temsilcim ve y\u00fcz\u00fcm oluyor&#8221; dedi. Ba\u015fkan Se\u00e7er ziyarette ayr\u0131ca; Mersin halk\u0131na daha iyi hizmet verebilmek ad\u0131na, Yeni Hal&#8217;in orada yer alan yeni binaya ta\u015f\u0131nacaklar\u0131n\u0131n da m\u00fcjdesini verdi.<br \/>\nSe\u00e7er: &#8220;Zab\u0131ta Dairesi yeni yerine ta\u015f\u0131nacak&#8221;<br \/>\nGer\u00e7ekle\u015ftirilen ziyarette; Mersin B\u00fcy\u00fck\u015fehir Belediyesi Genel Sekreteri Olcay Tok, Mersin B\u00fcy\u00fck\u015fehir Belediyesi Zab\u0131ta Dairesi Ba\u015fkan\u0131 Fuat Tu\u011fluo\u011flu, \u015fube m\u00fcd\u00fcrleri ve zab\u0131ta personeli yer ald\u0131.<br \/>\nZab\u0131ta Dairesi Ba\u015fkanl\u0131\u011f\u0131 bah\u00e7esinde personel ile sohbet eden Ba\u015fkan Se\u00e7er, &#8220;Zab\u0131ta Dairesi&#8217;ne iade-i ziyarette bulunduk. Bir zab\u0131ta memurunun sokaktaki vatanda\u015fa davran\u0131\u015f\u0131n\u0131n, tebess\u00fcm\u00fcn\u00fcn, k\u0131l\u0131k k\u0131yafetinin, sokakta Belediye Ba\u015fkan\u0131&#8217;n\u0131 yans\u0131tan g\u00f6r\u00fcnt\u00fcler oldu\u011funu d\u00fc\u015f\u00fcn\u00fcyorum&#8221; ifadelerini kulland\u0131. Personel ile \u00e7al\u0131\u015fma ko\u015fullar\u0131 ve binan\u0131n fiziki ko\u015fullar\u0131 hakk\u0131nda da konu\u015fan Ba\u015fkan Se\u00e7er, Yeni Hal&#8217;in orada yer alan yeni binaya da, Zab\u0131ta Dairesi Ba\u015fkanl\u0131\u011f\u0131&#8217;n\u0131n en k\u0131sa zamanda ta\u015f\u0131naca\u011f\u0131n\u0131 duyurdu.<br \/>\n&#8220;Sizler asl\u0131nda benim temsilcim ve y\u00fcz\u00fcms\u00fcn\u00fcz&#8221;<br \/>\nZab\u0131ta personeli ile sohbetinde, \u00f6nemli olan\u0131n vatanda\u015fa nezaketli davranmak oldu\u011funu vurgulayan Ba\u015fkan Se\u00e7er, sayg\u0131 ve sevgi \u00e7er\u00e7evesinde hizmet etmenin \u00f6nemine de\u011findi. Ba\u015fkan Se\u00e7er, &#8220;Verdi\u011finiz emeklerden dolay\u0131 hepinize \u00e7ok te\u015fekk\u00fcr ediyorum. Mutlaka bundan sonra da, g\u00fczel i\u015fleri hep beraber yapaca\u011f\u0131z. Vatanda\u015f geliyor, i\u015fi oluyor; bizim i\u00e7in \u00f6nemli olan vatanda\u015fa nezaketli davranmak. Her zaman s\u00f6yl\u00fcyorum. Vatanda\u015fla y\u00fcz y\u00fcze hizmet veren birimlerimiz, asl\u0131nda bir anlamda benim temsilcim ve y\u00fcz\u00fcm oluyor. Yani o insana sayg\u0131s\u0131z davrand\u0131\u011f\u0131n\u0131z zaman, asl\u0131nda ben sayg\u0131s\u0131z davranm\u0131\u015f oluyorum. Bunu bilmenizi istiyorum. Vatanda\u015fa her \u015feyden \u00f6te sayg\u0131, sevgi \u00e7er\u00e7evesinde hizmet etmek gerekir. Biliyorum, yapt\u0131\u011f\u0131n\u0131z i\u015f kolay de\u011fil. Herkes size farkl\u0131 bir psikoloji ile farkl\u0131 bir atmosferde geliyor, ama siz hepsini s\u00f6n\u00fcmlendirmek zorundas\u0131n\u0131z. Zaten bu e\u011fitimleri de al\u0131yorsunuz&#8221; dedi.<\/p>\n","protected":false},"excerpt":{"rendered":"<p>Mersin B\u00fcy\u00fck\u015fehir Belediye Ba\u015fkan\u0131 Vahap Se\u00e7er, Zab\u0131ta Haftas\u0131 dolay\u0131s\u0131yla ge\u00e7ti\u011fimiz g\u00fcnlerde kendisini ziyaret eden Zab\u0131ta Dairesi Ba\u015fkanl\u0131\u011f\u0131 personeline iade-i ziyarette bulundu. Ba\u015fkan Se\u00e7er, &#8220;Vatanda\u015fla y\u00fcz y\u00fcze hizmet veren birimlerimiz, benim &hellip; <a href=\"https:\/\/akdenizolaygazetesi.com\/?p=21281\" class=\"more-link\">Devam\u0131n\u0131 Oku&#8230;<\/a><\/p>\n","protected":false},"author":2,"featured_media":21282,"comment_status":"open","ping_status":"open","sticky":false,"template":"","format":"standard","meta":[],"categories":[2,3],"tags":[],"_links":{"self":[{"href":"https:\/\/akdenizolaygazetesi.com\/index.php?rest_route=\/wp\/v2\/posts\/21281"}],"collection":[{"href":"https:\/\/akdenizolaygazetesi.com\/index.php?rest_route=\/wp\/v2\/posts"}],"about":[{"href":"https:\/\/akdenizolaygazetesi.com\/index.php?rest_route=\/wp\/v2\/types\/post"}],"author":[{"embeddable":true,"href":"https:\/\/akdenizolaygazetesi.com\/index.php?rest_route=\/wp\/v2\/users\/2"}],"replies":[{"embeddable":true,"href":"https:\/\/akdenizolaygazetesi.com\/index.php?rest_route=%2Fwp%2Fv2%2Fcomments&post=21281"}],"version-history":[{"count":1,"href":"https:\/\/akdenizolaygazetesi.com\/index.php?rest_route=\/wp\/v2\/posts\/21281\/revisions"}],"predecessor-version":[{"id":21283,"href":"https:\/\/akdenizolaygazetesi.com\/index.php?rest_route=\/wp\/v2\/posts\/21281\/revisions\/21283"}],"wp:featuredmedia":[{"embeddable":true,"href":"https:\/\/akdenizolaygazetesi.com\/index.php?rest_route=\/wp\/v2\/media\/21282"}],"wp:attachment":[{"href":"https:\/\/akdenizolaygazetesi.com\/index.php?rest_route=%2Fwp%2Fv2%2Fmedia&parent=21281"}],"wp:term":[{"taxonomy":"category","embeddable":true,"href":"https:\/\/akdenizolaygazetesi.com\/index.php?rest_route=%2Fwp%2Fv2%2Fcategories&post=21281"},{"taxonomy":"post_tag","embeddable":true,"href":"https:\/\/akdenizolaygazetesi.com\/index.php?rest_route=%2Fwp%2Fv2%2Ftags&post=21281"}],"curies":[{"name":"wp","href":"https:\/\/api.w.org\/{rel}","templated":true}]}}