{"id":21288,"date":"2022-09-28T16:49:58","date_gmt":"2022-09-28T13:49:58","guid":{"rendered":"http:\/\/akdenizolaygazetesi.com\/?p=21288"},"modified":"2022-09-28T16:49:58","modified_gmt":"2022-09-28T13:49:58","slug":"baskan-secer-megiad-yonetimi-ile-bir-araya-geldi","status":"publish","type":"post","link":"https:\/\/akdenizolaygazetesi.com\/?p=21288","title":{"rendered":"BA\u015eKAN SE\u00c7ER, MEG\u0130AD Y\u00d6NET\u0130M\u0130 \u0130LE B\u0130R ARAYA GELD\u0130"},"content":{"rendered":"<p>Mersin B\u00fcy\u00fck\u015fehir Belediye Ba\u015fkan\u0131 Vahap Se\u00e7er, Mersin Giri\u015fimci \u0130\u015f Adamlar\u0131 Derne\u011fi (MEG\u0130AD) y\u00f6netim kurulu \u00fcyeleri ile \u00f6\u011fle yeme\u011finde bir araya geldi. Mersin&#8217;in de\u011ferli bir kent oldu\u011funu ve daha fazla de\u011fer katmak istediklerini vurgulayan Ba\u015fkan Se\u00e7er, &#8220;Mersin, f\u0131rsatlar sunan bir memleket&#8221; dedi.<br \/>\nBa\u015fkan Se\u00e7er, zaman zaman sivil toplum \u00f6rg\u00fctleriyle, meslek odalar\u0131yla ve sendikalarla bir araya geldiklerini hat\u0131rlatarak, &#8220;Bu bulu\u015fmalarda, mutlaka Mersin&#8217;in sorunlar\u0131n\u0131 konu\u015fuyoruz. Bug\u00fcn de MEG\u0130AD&#8217;\u0131n \u00e7at\u0131s\u0131 alt\u0131nda, sizlerin sorunlar\u0131n\u0131 dinleyece\u011fim. Ben de; Mersin&#8217;e dair bug\u00fcne kadar neler yapt\u0131k, bug\u00fcn neler yap\u0131yoruz, kalan 1 bu\u00e7uk y\u0131ll\u0131k g\u00f6rev s\u00fcremiz i\u00e7erisinde neyi \u00f6ng\u00f6r\u00fcyoruz, bunlar\u0131 sizinle payla\u015fmak isterim&#8221; diye konu\u015ftu.<br \/>\n&#8220;Mersin her a\u00e7\u0131dan f\u0131rsatlar sunan bir memleket&#8221;<br \/>\nMersin&#8217;in de\u011ferli bir kent oldu\u011funun vurgusunu yapan Ba\u015fkan Se\u00e7er, &#8220;Hepimiz, Mersin&#8217;e daha fazla de\u011fer katmak istiyoruz. Ben eminim ki, bu toplulu\u011fun bir\u00e7o\u011fu hem kendisine, hem de ailesine daha iyi bir gelecek talebiyle bu kentte ya\u015f\u0131yor. Mersin g\u00f6\u00e7lerle b\u00fcy\u00fcm\u00fc\u015f ve kurulmu\u015f bir kent. Dolay\u0131s\u0131yla buraya gelen her insan, asl\u0131nda her \u015feyin daha iyisini arzu eden ve isteyen insand\u0131r. \u00c7\u00fcnk\u00fc, standard\u0131n\u0131n daha \u00fczerinde ya\u015fam arzusu olmayan bir insan, bulundu\u011fu yeri terk etmez. Onun i\u00e7in Mersin, her a\u00e7\u0131dan f\u0131rsatlar sunan bir memleket. Ayn\u0131 Amerika gibi. Oras\u0131 nas\u0131l &#8216;f\u0131rsatlar \u00fclkesi&#8217; olarak an\u0131l\u0131yorsa, Mersin de &#8216;f\u0131rsatlar memleketi&#8217; olarak an\u0131labilir&#8221; ifadelerini kulland\u0131.<br \/>\nMersin&#8217;de ya\u015faman\u0131n b\u00fcy\u00fck bir ayr\u0131cal\u0131k oldu\u011funu da s\u00f6zlerine ekleyen Ba\u015fkan Se\u00e7er, &#8220;\u00c7ok keyifli, \u00e7ok dinamik, \u00e7ok enerjik bir kentte ya\u015f\u0131yoruz. Her \u015feye ra\u011fmen, tabi ki siyasetin kirletti\u011fi bir alan da var. Fakat bu alan\u0131 insanlar kirletmiyor, insanlardan bir memnuniyetsizli\u011fimiz yok. \u0130nsanlar sadece sokaklar\u0131 kirletiyor, biz de temizliyoruz. Ama toplumu kirleten siyaset ve siyaset\u00e7i. Biz de m\u00fcmk\u00fcn oldu\u011funca temiz kalmaya \u00e7al\u0131\u015f\u0131yoruz. Bu kirlilikten \u00fczerimize bir \u015fey bula\u015fmamas\u0131 i\u00e7in gayret sarf ediyoruz&#8221; dedi.<br \/>\n\u0130zol: &#8220;Bu seneki ilk bulu\u015fmam\u0131z Say\u0131n Ba\u015fkan\u0131m\u0131zla olsun istedik&#8221;<br \/>\nMersin  Giri\u015fimci \u0130\u015f Adamlar\u0131 Derne\u011fi Y\u00f6netim Kurulu Ba\u015fkan\u0131 Mehmet Serkan \u0130zol da &#8220;Pandemi s\u00fcreci ve \u00fclkenin i\u00e7inde bulundu\u011fu ekonomik durumdan dolay\u0131, hepimiz m\u00fccadele i\u00e7indeydik. Bug\u00fcne kadar bulu\u015fmam\u0131z\u0131 ger\u00e7ekle\u015ftiremedik. Bu seneki ilk bulu\u015fmam\u0131z da Say\u0131n B\u00fcy\u00fck\u015fehir Belediye Ba\u015fkan\u0131m\u0131zla olsun istedik. Sa\u011f olsun, O da bizi k\u0131rmad\u0131, \u015feref verdi&#8221; diye belirtti.<br \/>\nKonu\u015fmalar\u0131n ard\u0131ndan MEG\u0130AD Y\u00f6netim Kurulu \u00dcyeleri ile Ba\u015fkan Se\u00e7er aras\u0131nda; \u00f6zelde kendi alanlar\u0131yla ilgili, genelde ise Mersin ad\u0131na yap\u0131labilecek \u00e7al\u0131\u015fmalarla ilgili g\u00f6r\u00fc\u015f al\u0131\u015f veri\u015finde bulunuldu.<\/p>\n","protected":false},"excerpt":{"rendered":"<p>Mersin B\u00fcy\u00fck\u015fehir Belediye Ba\u015fkan\u0131 Vahap Se\u00e7er, Mersin Giri\u015fimci \u0130\u015f Adamlar\u0131 Derne\u011fi (MEG\u0130AD) y\u00f6netim kurulu \u00fcyeleri ile \u00f6\u011fle yeme\u011finde bir araya geldi. Mersin&#8217;in de\u011ferli bir kent oldu\u011funu ve daha fazla de\u011fer &hellip; <a href=\"https:\/\/akdenizolaygazetesi.com\/?p=21288\" class=\"more-link\">Devam\u0131n\u0131 Oku&#8230;<\/a><\/p>\n","protected":false},"author":2,"featured_media":21289,"comment_status":"open","ping_status":"open","sticky":false,"template":"","format":"standard","meta":[],"categories":[8,3,5],"tags":[],"_links":{"self":[{"href":"https:\/\/akdenizolaygazetesi.com\/index.php?rest_route=\/wp\/v2\/posts\/21288"}],"collection":[{"href":"https:\/\/akdenizolaygazetesi.com\/index.php?rest_route=\/wp\/v2\/posts"}],"about":[{"href":"https:\/\/akdenizolaygazetesi.com\/index.php?rest_route=\/wp\/v2\/types\/post"}],"author":[{"embeddable":true,"href":"https:\/\/akdenizolaygazetesi.com\/index.php?rest_route=\/wp\/v2\/users\/2"}],"replies":[{"embeddable":true,"href":"https:\/\/akdenizolaygazetesi.com\/index.php?rest_route=%2Fwp%2Fv2%2Fcomments&post=21288"}],"version-history":[{"count":1,"href":"https:\/\/akdenizolaygazetesi.com\/index.php?rest_route=\/wp\/v2\/posts\/21288\/revisions"}],"predecessor-version":[{"id":21290,"href":"https:\/\/akdenizolaygazetesi.com\/index.php?rest_route=\/wp\/v2\/posts\/21288\/revisions\/21290"}],"wp:featuredmedia":[{"embeddable":true,"href":"https:\/\/akdenizolaygazetesi.com\/index.php?rest_route=\/wp\/v2\/media\/21289"}],"wp:attachment":[{"href":"https:\/\/akdenizolaygazetesi.com\/index.php?rest_route=%2Fwp%2Fv2%2Fmedia&parent=21288"}],"wp:term":[{"taxonomy":"category","embeddable":true,"href":"https:\/\/akdenizolaygazetesi.com\/index.php?rest_route=%2Fwp%2Fv2%2Fcategories&post=21288"},{"taxonomy":"post_tag","embeddable":true,"href":"https:\/\/akdenizolaygazetesi.com\/index.php?rest_route=%2Fwp%2Fv2%2Ftags&post=21288"}],"curies":[{"name":"wp","href":"https:\/\/api.w.org\/{rel}","templated":true}]}}